{"id":246585,"date":"2025-11-20T16:00:27","date_gmt":"2025-11-20T16:00:27","guid":{"rendered":"https:\/\/www.europesays.com\/es\/246585\/"},"modified":"2025-11-20T16:00:27","modified_gmt":"2025-11-20T16:00:27","slug":"el-burgos-ficha-a-adrian-fajardo-campeon-de-espana-de-crono-sub-23","status":"publish","type":"post","link":"https:\/\/www.europesays.com\/es\/246585\/","title":{"rendered":"El Burgos ficha a Adri\u00e1n Fajardo, campe\u00f3n de Espa\u00f1a de crono sub-23"},"content":{"rendered":"<p class=\"\"><b>El equipo Burgos Burpellet BH<\/b> contin\u00faa con la confecci\u00f3n de su plantilla para 2026 y despu\u00e9s de confirmar a todo un veterano como Jes\u00fas Herrada, el equipo burgal\u00e9s ha anunciado <b>el fichaje del joven ciclista espa\u00f1ol Adri\u00e1n Fajardo<\/b>, que firma hasta final de la temporada 2027.<\/p>\n<p class=\"\">Fajardo, de 22 a\u00f1os y llega desde el Vigo &#8211; R\u00edas Baixas, se ha dado a conocer en esta temporada 2025 despu\u00e9s de proclamarse <b>campe\u00f3n de Espa\u00f1a de contrarreloj sub-23 en la dura cronoescalada a Sierra Nevada<\/b>, adem\u00e1s de ser Top-10 en varias carreras nacionales como las Rutas Xacobeas, la Vuelta a la Comunidad de Madrid y la Vuelta Ciclista a Zamora.<\/p>\n<p>Noticias relacionadas<\/p>\n<p class=\"\">En declaraciones recogidas por el Burgos Burpellet BH, Fajardo mostraba su ilusi\u00f3n por esta primera aventura como profesional. \u201cEstoy muy contento y agradecido por haber recibido la oportunidad de correr con el Burgos Burpellet BH. Tengo muchas ganas de empezar y poder ayudar al equipo en todo lo posible.<b> Lo m\u00e1s importante en este primer a\u00f1o ser\u00e1 aprender y adaptarme a la categor\u00eda. La temporada 2025 ha sido muy bonita para m\u00ed.<\/b> Empez\u00f3 de una manera un poco desilusionante por culpa de una ca\u00edda, que lleg\u00f3 cuando estaba bien de forma y me oblig\u00f3 a estar un tiempo parado. Ni pod\u00eda imaginarme a mitad de a\u00f1o, cuando volv\u00ed a correr, que el resto de la temporada iba a ser tan buena para m\u00ed. Acab\u00e9 muy contento por la victoria en el Campeonato de Espa\u00f1a, sobre todo por c\u00f3mo se dio. En el resto de carreras logr\u00e9 un buen rendimiento y sub\u00ed al podio en Castell\u00f3n o Zamora. Destacar\u00eda la regularidad que pude tener y, como broche de oro, el Campeonato de Espa\u00f1a. No solo me hizo ilusi\u00f3n ganarlo como sub-23, sino el haberlo hecho tan bien con respecto a los profesionales\u201d.<\/p>\n<p class=\"\"><b>\u00a1Tus opiniones importan!<\/b> Comenta en los art\u00edculos y suscr\u00edbete gratis a nuestra <a href=\"https:\/\/asfan.as.com\/newsletters\/\" target=\"_blank\" rel=\"nofollow noopener\" title=\"https:\/\/asfan.as.com\/newsletters\/\">newsletter<\/a> y a las alertas informativas en la <a href=\"https:\/\/as.com\/aplicacion-de-as-n\/\" target=\"_blank\" rel=\"nofollow noopener\" title=\"https:\/\/as.com\/aplicacion-de-as-n\/\">App<\/a> o el canal de <a href=\"https:\/\/www.whatsapp.com\/channel\/0029VaAasdA7j6g745nz9M10\" target=\"_blank\" rel=\"nofollow noopener\" title=\"https:\/\/www.whatsapp.com\/channel\/0029VaAasdA7j6g745nz9M10\">WhatsApp<\/a>. \u00bfBuscas licenciar contenido? Haz clic <a href=\"https:\/\/profesional.elpais.com\/soluciones-sindicacion?utm_medium=interno&amp;utm_source=crosslinking&amp;utm_campaign=sindicacion_as_pie_articulos\" target=\"_blank\" rel=\"nofollow noopener\" title=\"https:\/\/profesional.elpais.com\/soluciones-sindicacion?utm_medium=interno&amp;utm_source=crosslinking&amp;utm_campaign=sindicacion_as_pie_articulos\">aqu\u00ed<\/a><\/p>\n","protected":false},"excerpt":{"rendered":"El equipo Burgos Burpellet BH contin\u00faa con la confecci\u00f3n de su plantilla para 2026 y despu\u00e9s de confirmar&hellip;\n","protected":false},"author":2,"featured_media":246586,"comment_status":"","ping_status":"","sticky":false,"template":"","format":"standard","meta":{"footnotes":""},"categories":[273],"tags":[313,312,168,25,24,23,167],"class_list":{"0":"post-246585","1":"post","2":"type-post","3":"status-publish","4":"format-standard","5":"has-post-thumbnail","7":"category-ciclismo","8":"tag-ciclismo","9":"tag-cycling","10":"tag-deportes","11":"tag-es","12":"tag-espana","13":"tag-spain","14":"tag-sports"},"share_on_mastodon":{"url":"https:\/\/pubeurope.com\/@es\/115582862834333402","error":""},"_links":{"self":[{"href":"https:\/\/www.europesays.com\/es\/wp-json\/wp\/v2\/posts\/246585","targetHints":{"allow":["GET"]}}],"collection":[{"href":"https:\/\/www.europesays.com\/es\/wp-json\/wp\/v2\/posts"}],"about":[{"href":"https:\/\/www.europesays.com\/es\/wp-json\/wp\/v2\/types\/post"}],"author":[{"embeddable":true,"href":"https:\/\/www.europesays.com\/es\/wp-json\/wp\/v2\/users\/2"}],"replies":[{"embeddable":true,"href":"https:\/\/www.europesays.com\/es\/wp-json\/wp\/v2\/comments?post=246585"}],"version-history":[{"count":0,"href":"https:\/\/www.europesays.com\/es\/wp-json\/wp\/v2\/posts\/246585\/revisions"}],"wp:featuredmedia":[{"embeddable":true,"href":"https:\/\/www.europesays.com\/es\/wp-json\/wp\/v2\/media\/246586"}],"wp:attachment":[{"href":"https:\/\/www.europesays.com\/es\/wp-json\/wp\/v2\/media?parent=246585"}],"wp:term":[{"taxonomy":"category","embeddable":true,"href":"https:\/\/www.europesays.com\/es\/wp-json\/wp\/v2\/categories?post=246585"},{"taxonomy":"post_tag","embeddable":true,"href":"https:\/\/www.europesays.com\/es\/wp-json\/wp\/v2\/tags?post=246585"}],"curies":[{"name":"wp","href":"https:\/\/api.w.org\/{rel}","templated":true}]}}