{"id":24661,"date":"2025-08-04T09:15:09","date_gmt":"2025-08-04T09:15:09","guid":{"rendered":"https:\/\/www.europesays.com\/es\/24661\/"},"modified":"2025-08-04T09:15:09","modified_gmt":"2025-08-04T09:15:09","slug":"desaparicion-del-retrato-de-cruz","status":"publish","type":"post","link":"https:\/\/www.europesays.com\/es\/24661\/","title":{"rendered":"desaparici\u00f3n del retrato de Cruz"},"content":{"rendered":"<p>La telenovela <strong><a href=\"https:\/\/theobjective.com\/etiqueta\/la-promesa\/\" rel=\"nofollow noopener\" target=\"_blank\">La promesa<\/a> <\/strong>contin\u00faa capturando a su audiencia con sus historias de amor, grandes aventuras y una tensi\u00f3n dram\u00e1tica que no deja de crecer. Durante la <strong>semana del 4 al 8 de agosto,<\/strong> los habitantes de la finca se ver\u00e1n sacudidosun retrato hiperrealista de Cruz, que altera el \u00e1nimo de quienes a\u00fan no han superado su influencia. Las relaciones entre se\u00f1ores y criados se tensan, mientras nuevas alianzas surgen y antiguas heridas vuelven a abrirse.<\/p>\n<p>En estos cinco episodios, los secretos, las traiciones y las decisiones dif\u00edciles marcan el ritmo de los acontecimientos. La lucha por el poder, las tensiones rom\u00e1nticas y las lealtades puestas a prueba<strong> pondr\u00e1n a todos los personajes al l\u00edmite. <\/strong>Mientras unos buscan redenci\u00f3n o respuestas, otros intentan simplemente sobrevivir en un ambiente cada vez m\u00e1s hostil.<\/p>\n<p><img fetchpriority=\"high\" decoding=\"async\" width=\"1024\" height=\"576\" src=\"https:\/\/www.europesays.com\/es\/wp-content\/uploads\/2025\/08\/maceuticos-4-1024x576.jpg\" alt=\"Manuel y Curro. RTVE\" class=\"wp-image-3661895\"  \/>Manuel y Curro. La promesa<\/p>\n<p>El avance semanal de La promesa<\/p>\n<p>A continuaci\u00f3n, te traemos <strong>un resumen de lo que va a pasar<\/strong> en cada uno de los cap\u00edtulo de esta semana:<\/p>\n<p>Episodio 647 del 4 de agosto<\/p>\n<p>La aparici\u00f3n de <strong>un cuadro hiperrealista de<\/strong> <strong>Cruz<\/strong> desata una oleada de inquietud en La promesa. La imagen, tan v\u00edvida como perturbadora, provoca una atm\u00f3sfera inquietante. Y es que, la figura de la marquesa, aunque ausente f\u00edsicamente, parece cobrar vida a trav\u00e9s del retrato. <\/p>\n<p>Mientras tanto, Lope,<strong> en su nuevo papel como lacayo, <\/strong>debe afrontar el mal humor de la nobleza. Crist\u00f3bal sigue implementando reformas en el funcionamiento de la finca, y esta vez altera radicalmente los horarios de las comidas del servicio. Por otro lado, Manuel se ve enfrentado a sus recuerdos m\u00e1s dolorosos, pues la pintura de su madre remueve emociones que cre\u00eda enterradas.<\/p>\n<p>Episodio 648 del 5 de agosto<\/p>\n<p>En este episodio, <strong>Martina intenta recomponer su relaci\u00f3n con Catalina, <\/strong>pero \u00e9sta la deja claro que hay una herida que a\u00fan no cicatriza. Los problemas entre Adriano y Catalina se agravan a\u00fan m\u00e1s. Y P\u00eda comete un descuido al no entregarle una carta crucial a Crist\u00f3bal, lo que desata su ira. <\/p>\n<p>En el hangar, <strong>To\u00f1o vive con ilusi\u00f3n el desarrollo de su relaci\u00f3n con Enora,<\/strong> alentado por un Manuel sumido en su propio duelo. El joven heredero sigue negociando con Leocadia sobre su empresa, mientras le confiesa a <a href=\"https:\/\/theobjective.com\/gente\/2025-06-18\/actriz-marta-costa-promesa-xavi-lock\/\" rel=\"nofollow noopener\" target=\"_blank\">Curro<\/a> que el cuadro lo ha afectado tanto que incluso ha llegado a hablarle como si Cruz a\u00fan estuviera viva.<\/p>\n<p>Episodio 649 del 6 de agosto<\/p>\n<p><strong>El retrato de Cruz desaparece <\/strong>y Alonso inicia una b\u00fasqueda para encontrar al culpable, ya que se desconoce si ha sido alguien del servicio o de la familia Luj\u00e1n. Catalina, desbordada por sus problemas con Adriano, busca consejo en Simona, a quien ve como una figura materna, la respuesta de la cocinera no es la que la nueva condesa esperaba.<\/p>\n<p>Por su parte, <strong>Mar\u00eda Fern\u00e1ndez sigue esperando saber algo de Samuel, <\/strong>y se aferra a Manuel como su \u00faltima esperanza. Crist\u00f3bal prosigue con su intenci\u00f3n de controlar todos los aspectos de <a href=\"https:\/\/theobjective.com\/medios\/television\/2025-07-23\/la-promesa-23-julio-curro-capitan-mata-choque\/\" rel=\"nofollow noopener\" target=\"_blank\">La promesa<\/a>, generando mayor malestar entre los trabajadores. Por otro lado, Manuel toma una decisi\u00f3n crucial respecto a su empresa, lo que llena de entusiasmo a To\u00f1o y Enora.<\/p>\n<p>Episodio 650 del 7 de agosto<\/p>\n<p>Un informe de ventas firmado por Pedro Farr\u00e9 llega a manos de Manuel, quien descubre que Leocadia le ocult\u00f3 esta informaci\u00f3n. Esto lo lleva a tomar decisiones inmediatas. Catalina, cada vez m\u00e1s aislada, recibe una propuesta conciliadora del marqu\u00e9s: <strong>podr\u00e1 continuar con sus reformas si promete actuar con moderaci\u00f3n.<\/strong><\/p>\n<p><img loading=\"lazy\" decoding=\"async\" width=\"1024\" height=\"576\" src=\"https:\/\/www.europesays.com\/es\/wp-content\/uploads\/2025\/08\/01737649501967-1-1024x576.jpg\" alt=\"Mar\u00eda Fern\u00e1ndez y Samuel. RTVE\" class=\"wp-image-3661903\"  \/>Mar\u00eda Fern\u00e1ndez y Samuel. RTVE<\/p>\n<p>Mientras que, Vera, sumida en el dolor de su propio pasado, <strong>desea contactar con su casa, <\/strong>pero Lope la advierte sobre los peligros. Mientras tanto, Crist\u00f3bal impone nuevas restricciones en el servicio, reorganizando los turnos y prohibiendo cualquier menci\u00f3n de R\u00f3mulo, bajo amenaza de despido. <\/p>\n<p>Episodio 651 del 8 de agosto<\/p>\n<p>Manuel confronta a Leocadia <strong>por haberle ocultado la comunicaci\u00f3n de Pedro Farr\u00e9, <\/strong>pero ella logra manipular la situaci\u00f3n. Desconfiando por completo de ella, Manuel decide cancelar la venta de su parte en la empresa. Vera sigue angustiada por su familia, lo que afecta su desempe\u00f1o y preocupa a Teresa y Lope. <\/p>\n<p>La llegada del coronel Fuentes a <a href=\"https:\/\/theobjective.com\/medios\/television\/2025-07-28\/promesa-avance-semanal-28-1-agosto\/\" rel=\"nofollow noopener\" target=\"_blank\">La promesa<\/a> genera incomodidad, especialmente en Lorenzo. La relaci\u00f3n entre los condes vuelve a tensarse tras una llamada de Catalina al marqu\u00e9s de Valladares. <strong>Martina busca ayuda en \u00c1ngela <\/strong>para gestionar su parte de la finca. Por \u00faltimo, cuando todo parec\u00eda perdido para Mar\u00eda Fern\u00e1ndez, Samuel aparece repentinamente en La promesa.<\/p>\n<p>La semana del 4 al 8 de agosto en La promesa promete ser intensa y repleta de emociones. La irrupci\u00f3n del cuadro de Cruz sirve como catalizador para <strong>caldear el ambiente entre los nobles y los sirvientes. <\/strong>A medida que se revelan secretos, se reafirman alianzas y queda claro que nada volver\u00e1 a ser igual en la finca. <\/p>\n","protected":false},"excerpt":{"rendered":"La telenovela La promesa contin\u00faa capturando a su audiencia con sus historias de amor, grandes aventuras y una&hellip;\n","protected":false},"author":2,"featured_media":24662,"comment_status":"","ping_status":"","sticky":false,"template":"","format":"standard","meta":{"footnotes":""},"categories":[91],"tags":[7377,13925,146,147,25,24,11031,13926,518,23,13927],"class_list":{"0":"post-24661","1":"post","2":"type-post","3":"status-publish","4":"format-standard","5":"has-post-thumbnail","7":"category-entretenimiento","8":"tag-avance","9":"tag-capu00edtulos","10":"tag-entertainment","11":"tag-entretenimiento","12":"tag-es","13":"tag-espana","14":"tag-la-promesa","15":"tag-lom","16":"tag-rtve","17":"tag-spain","18":"tag-televisiu00f3n"},"share_on_mastodon":{"url":"","error":""},"_links":{"self":[{"href":"https:\/\/www.europesays.com\/es\/wp-json\/wp\/v2\/posts\/24661","targetHints":{"allow":["GET"]}}],"collection":[{"href":"https:\/\/www.europesays.com\/es\/wp-json\/wp\/v2\/posts"}],"about":[{"href":"https:\/\/www.europesays.com\/es\/wp-json\/wp\/v2\/types\/post"}],"author":[{"embeddable":true,"href":"https:\/\/www.europesays.com\/es\/wp-json\/wp\/v2\/users\/2"}],"replies":[{"embeddable":true,"href":"https:\/\/www.europesays.com\/es\/wp-json\/wp\/v2\/comments?post=24661"}],"version-history":[{"count":0,"href":"https:\/\/www.europesays.com\/es\/wp-json\/wp\/v2\/posts\/24661\/revisions"}],"wp:featuredmedia":[{"embeddable":true,"href":"https:\/\/www.europesays.com\/es\/wp-json\/wp\/v2\/media\/24662"}],"wp:attachment":[{"href":"https:\/\/www.europesays.com\/es\/wp-json\/wp\/v2\/media?parent=24661"}],"wp:term":[{"taxonomy":"category","embeddable":true,"href":"https:\/\/www.europesays.com\/es\/wp-json\/wp\/v2\/categories?post=24661"},{"taxonomy":"post_tag","embeddable":true,"href":"https:\/\/www.europesays.com\/es\/wp-json\/wp\/v2\/tags?post=24661"}],"curies":[{"name":"wp","href":"https:\/\/api.w.org\/{rel}","templated":true}]}}