{"id":246611,"date":"2025-11-20T16:15:09","date_gmt":"2025-11-20T16:15:09","guid":{"rendered":"https:\/\/www.europesays.com\/es\/246611\/"},"modified":"2025-11-20T16:15:09","modified_gmt":"2025-11-20T16:15:09","slug":"imputan-a-30-militares-colombianos-por-crimenes-de-guerra-y-de-lesa-humanidad","status":"publish","type":"post","link":"https:\/\/www.europesays.com\/es\/246611\/","title":{"rendered":"Imputan a 30 militares colombianos por cr\u00edmenes de guerra y de lesa humanidad"},"content":{"rendered":"<p>Un total de <strong>30 militares <\/strong>del <strong>Ej\u00e9rcito colombiano<\/strong>, entre ellos <strong>tres generales retirados<\/strong>, han sido imputados este jueves por su presunta responsabilidad en <strong>cr\u00edmenes de guerra <\/strong>y de lesa humanidad por la comisi\u00f3n de<strong> 209 asesinatos y 65 desapariciones<\/strong> forzadas ocurridas en el departamento del Meta (centro) entre 2002 y 2007.<\/p>\n<p>La decisi\u00f3n la ha tomado la <strong>Jurisdicci\u00f3n Especial para la Paz <\/strong>(JEP), un tribunal creado por el <a href=\"https:\/\/www.rtve.es\/noticias\/20151215\/gobierno-colombia-farc-cierran-acuerdo-sobre-victimas-del-conflicto\/1273860.shtml\" target=\"_blank\" rel=\"nofollow noopener\">acuerdo de paz <\/a>firmado en <strong>2016<\/strong> por el Gobierno colombiano y las Fuerzas Armadas Revolucionarias de Colombia  (FARC), que juzga tanto a l\u00edderes de la guerrilla como del Ej\u00e9rcito colombiano por <strong>cr\u00edmenes de guerra y cr\u00edmenes de lesa humanidad<\/strong>.<\/p>\n<p>La Sala de Reconocimiento de Verdad ha establecido que, durante el proceso de consolidaci\u00f3n del <strong>paramilitarismo <\/strong>en el Meta, se \u00abconfiguraron estrechas relaciones entre integrantes del Ej\u00e9rcito Nacional y el Bloque Centauros\u00bb de las <strong>Autodefensas Unidas de Colombia<\/strong> (AUC), una coalici\u00f3n de ej\u00e9rcitos paramilitares de ultraderecha para detener la expansi\u00f3n de las guerrillas de izquierda. <\/p>\n<p>Unidad encargada de la lucha contra el secuestro y la extorsi\u00f3n<\/p>\n<p>Los implicados eran integrantes del Batall\u00f3n de Infanter\u00eda No. 21 Pantano de Vargas (BIVAR), de la S\u00e9ptima Brigada y del Gaula Rural Meta (GAMET), unidad encargada de la lucha contra el <strong>secuestro y la extorsi\u00f3n<\/strong>. En la investigaci\u00f3n, la Sala escuch\u00f3 los testimonios de antiguos comandantes del Bloque Centauros de las Autodefensas.<\/p>\n<p>Entre los imputados est\u00e1n los brigadieres generales Carlos Ovidio Saavedra S\u00e1enz y Francisco Jos\u00e9 Ardila Uribe, y el mayor general Carlos Eduardo \u00c1vila Beltr\u00e1n. Como parte del Caso 03, que investiga asesinatos y desapariciones forzadas presentadas ileg\u00edtimamente como bajas en combate, la JEP explic\u00f3 que<strong> los generales retirados<\/strong> fueron imputados \u00aba t\u00edtulo de<strong> autores por omisi\u00f3n impropia <\/strong>por los cr\u00edmenes de desaparici\u00f3n forzada como crimen de lesa humanidad, en concurso con el crimen de guerra de homicidio en persona protegida y con el crimen de asesinato como crimen de lesa humanidad\u00bb. Saavedra y \u00c1vila tambi\u00e9n fueron imputados por el \u00abdelito de homicidio agravado\u00bb.<\/p>\n<p>La Sala de Reconocimiento de Verdad ha se\u00f1alado que los generales retirados \u00ab<strong>incumplieron sus obligaciones de proteger<\/strong> los bienes jur\u00eddicos de la poblaci\u00f3n y de ejercer un control efectivo sobre sus subordinados\u00bb. Pese a que contaban con medidas razonables a su alcance para hacerlo, \u00abomitieron sus deberes constitucionales y funcionales. Desde sus posiciones de poder y mando, <strong>actuaron con laxitud y permisividad<\/strong>, sin ejercer el control necesario para prevenir, investigar y sancionar las muertes que se estaban presentando\u00bb.<\/p>\n<p>\u00abFalsos positivos\u00bb<\/p>\n<p>Los llamados <strong>\u00ab<\/strong><strong><a href=\"https:\/\/www.rtve.es\/noticias\/20241129\/publicados-por-primera-vez-nombres-casi-2000-victimas-falsos-positivos-colombia\/16351624.shtml\" target=\"_blank\" rel=\"nofollow noopener\">falsos positivos<\/a><\/strong><strong>\u00ab<\/strong> son uno de los episodios m\u00e1s oscuros del conflicto colombiano, en el que miembros del Ej\u00e9rcito <strong>desaparecieron y asesinaron<\/strong> a j\u00f3venes inocentes para <strong>hacerlos pasar por bajas guerrilleras<\/strong> con el fin de obtener premios y ascensos. <\/p>\n<p>La JEP ha contabilizado <a href=\"https:\/\/www.rtve.es\/noticias\/20210218\/jurisdiccion-especial-paz-colombia-eleva-victimas-falsos-positivos\/2076834.shtml\" rel=\"nofollow noopener\" target=\"_blank\">6.402<\/a> de estos casos, que fueron cometidos sobre todo entre 2002 y 2010, durante la Presidencia de \u00c1lvaro Uribe.<\/p>\n<p>Hace apenas dos meses, la JEP conden\u00f3 a <strong>12 excomandantes<\/strong> <strong>militares a penas restaurativas de entre cinco y ocho a\u00f1os <\/strong>por cr\u00edmenes de lesa humanidad y de guerra como m\u00e1ximos responsables de <strong>135 asesinatos cometidos en el norte del pa\u00eds entre 2002 y 2005<\/strong>.<\/p>\n<p>Estas sentencias, que no conllevan penas de c\u00e1rcel, sino <strong>trabajos restaurativos en beneficio de las v\u00edctimas<\/strong>, fueron las <strong>primeras impuestas a exmilitares<\/strong> por la JEP, que juzga tanto a l\u00edderes de las <strong>FARC<\/strong> como del Ej\u00e9rcito colombiano por <strong>cr\u00edmenes de guerra y cr\u00edmenes de lesa humanidad<\/strong>.<\/p>\n<p>D\u00edas antes, el mismo tribunal conden\u00f3 a <strong>siete exl\u00edderes de las FARC <\/strong>a penas restaurativas de un m\u00e1ximo de ocho a\u00f1os de \u00abrestricci\u00f3n efectiva de sus derechos\u00bb como \u00abm\u00e1ximos responsables de la pol\u00edtica criminal de secuestro\u00bb para pedir rescate, incluido su m\u00e1ximo jefe, Rodrigo Londo\u00f1o.<\/p>\n<p>Tras <strong>52 a\u00f1os de conflicto<\/strong>, el Gobierno de Colombia y las FARC, la m\u00e1s poderosa y antigua de las guerrillas de Am\u00e9rica Latina, concluyeron en agosto de 2016 en La Habana los di\u00e1logos del proceso de paz con un <strong><a href=\"https:\/\/www.rtve.es\/noticias\/20160927\/gobierno-colobiano-farc-firman-paz-tras-52-anos-conficto\/1413641.shtml\" target=\"_blank\" rel=\"nofollow noopener\">acuerdo final<\/a><\/strong><strong>.<\/strong><\/p>\n<p>Sin embargo, <strong>no todos los guerrilleros se acogieron al acuerdo<\/strong> y diversos grupos siguen con la lucha armada. Tambi\u00e9n sigue operativo el otro gran grupo guerrillero de Colombia, el  <strong>Ej\u00e9rcito de Liberaci\u00f3n Nacional (ELN).<\/strong><\/p>\n","protected":false},"excerpt":{"rendered":"Un total de 30 militares del Ej\u00e9rcito colombiano, entre ellos tres generales retirados, han sido imputados este jueves&hellip;\n","protected":false},"author":2,"featured_media":246612,"comment_status":"","ping_status":"","sticky":false,"template":"","format":"standard","meta":{"footnotes":""},"categories":[42],"tags":[17,18,13,14,11,61,62,63,64,19,20,9,10,15,16,12,21,22,65,66,67],"class_list":{"0":"post-246611","1":"post","2":"type-post","3":"status-publish","4":"format-standard","5":"has-post-thumbnail","7":"category-internacional","8":"tag-breaking-news","9":"tag-breakingnews","10":"tag-featured-news","11":"tag-featurednews","12":"tag-headlines","13":"tag-internacional","14":"tag-international","15":"tag-international-news","16":"tag-internationalnews","17":"tag-latest-news","18":"tag-latestnews","19":"tag-news","20":"tag-noticias","21":"tag-noticias-destacadas","22":"tag-noticiasdestacadas","23":"tag-titulares","24":"tag-ultimas-noticias","25":"tag-ultimasnoticias","26":"tag-world","27":"tag-world-news","28":"tag-worldnews"},"share_on_mastodon":{"url":"https:\/\/pubeurope.com\/@es\/115582922057323680","error":""},"_links":{"self":[{"href":"https:\/\/www.europesays.com\/es\/wp-json\/wp\/v2\/posts\/246611","targetHints":{"allow":["GET"]}}],"collection":[{"href":"https:\/\/www.europesays.com\/es\/wp-json\/wp\/v2\/posts"}],"about":[{"href":"https:\/\/www.europesays.com\/es\/wp-json\/wp\/v2\/types\/post"}],"author":[{"embeddable":true,"href":"https:\/\/www.europesays.com\/es\/wp-json\/wp\/v2\/users\/2"}],"replies":[{"embeddable":true,"href":"https:\/\/www.europesays.com\/es\/wp-json\/wp\/v2\/comments?post=246611"}],"version-history":[{"count":0,"href":"https:\/\/www.europesays.com\/es\/wp-json\/wp\/v2\/posts\/246611\/revisions"}],"wp:featuredmedia":[{"embeddable":true,"href":"https:\/\/www.europesays.com\/es\/wp-json\/wp\/v2\/media\/246612"}],"wp:attachment":[{"href":"https:\/\/www.europesays.com\/es\/wp-json\/wp\/v2\/media?parent=246611"}],"wp:term":[{"taxonomy":"category","embeddable":true,"href":"https:\/\/www.europesays.com\/es\/wp-json\/wp\/v2\/categories?post=246611"},{"taxonomy":"post_tag","embeddable":true,"href":"https:\/\/www.europesays.com\/es\/wp-json\/wp\/v2\/tags?post=246611"}],"curies":[{"name":"wp","href":"https:\/\/api.w.org\/{rel}","templated":true}]}}