{"id":246613,"date":"2025-11-20T16:16:12","date_gmt":"2025-11-20T16:16:12","guid":{"rendered":"https:\/\/www.europesays.com\/es\/246613\/"},"modified":"2025-11-20T16:16:12","modified_gmt":"2025-11-20T16:16:12","slug":"el-supremo-condena-a-dos-anos-de-inhabilitacion-al-fiscal-general-del-estado-por-revelacion-de-secretos-por-la-filtracion-del-correo-del-novio-de-ayuso-tribunales","status":"publish","type":"post","link":"https:\/\/www.europesays.com\/es\/246613\/","title":{"rendered":"El Supremo condena a dos a\u00f1os de inhabilitaci\u00f3n al fiscal general del Estado por revelaci\u00f3n de secretos por la filtraci\u00f3n del correo del novio de Ayuso | Tribunales"},"content":{"rendered":"<p class=\"loc\">Madrid<\/p>\n<p>El Tribunal Supremo ha adelantado el fallo de la sentencia por la que condena al <a href=\"https:\/\/cadenaser.com\/nacional\/2025\/11\/03\/juicio-historico-en-el-supremo-al-fiscal-general-por-la-presunta-filtracion-del-correo-en-el-que-el-novio-de-ayuso-reconocia-delitos-fiscales-cadena-ser\/\" target=\"_blank\" rel=\"noreferrer nofollow noopener\" title=\"https:\/\/cadenaser.com\/nacional\/2025\/11\/03\/juicio-historico-en-el-supremo-al-fiscal-general-por-la-presunta-filtracion-del-correo-en-el-que-el-novio-de-ayuso-reconocia-delitos-fiscales-cadena-ser\/\">fiscal general del Estado<\/a>, <a href=\"https:\/\/cadenaser.com\/nacional\/2025\/11\/14\/una-jurista-califica-de-disparatada-la-causa-del-fiscal-general-y-pone-el-foco-en-la-reputacion-del-supremo-cadena-ser\/\" target=\"_blank\" rel=\"noreferrer nofollow noopener\" title=\"https:\/\/cadenaser.com\/nacional\/2025\/11\/14\/una-jurista-califica-de-disparatada-la-causa-del-fiscal-general-y-pone-el-foco-en-la-reputacion-del-supremo-cadena-ser\/\">\u00c1lvaro Garc\u00eda Ortiz<\/a>, por un delito de revelaci\u00f3n de secretos. Los magistrados \u2014por cinco votos a favor y dos en contra\u2014 imponen a Garc\u00eda Ortiz una multa de 7.200 euros, dos a\u00f1os de inhabilitaci\u00f3n, una indemnizaci\u00f3n de 10.000 euros por los da\u00f1os morales a <a href=\"https:\/\/cadenaser.com\/nacional\/2025\/11\/04\/alberto-gonzalez-amador-soy-el-delincuente-confeso-del-reino-de-espana-cadena-ser\/\" target=\"_blank\" rel=\"noreferrer nofollow noopener\" title=\"https:\/\/cadenaser.com\/nacional\/2025\/11\/04\/alberto-gonzalez-amador-soy-el-delincuente-confeso-del-reino-de-espana-cadena-ser\/\">Alberto Gonz\u00e1lez Amador<\/a> y tambi\u00e9n el pago de las costas procesales. La sentencia \u00edntegra se conocer\u00e1 en los pr\u00f3ximos d\u00edas.<\/p>\n<p><img decoding=\"async\" src=\"https:\/\/www.europesays.com\/es\/wp-content\/uploads\/2025\/11\/1763655370_934_ZXPDZPWE3VOULNLUJAXGS2WCUA.jpg\" alt=\"El fiscal general del Estado, en el Supremo: &quot;La verdad no se filtra, la verdad se defiende&quot;\" width=\"240\" height=\"135\"  loading=\"lazy\"\/><\/p>\n<p>La pareja de Isabel D\u00edaz Ayuso, Gonz\u00e1lez Amador, interpuso querella despu\u00e9s de que la Cadena SER difundiera el correo electr\u00f3nico en el que el comisionista reconoc\u00eda que hab\u00eda cometido dos delitos fiscales y ped\u00eda un pacto. <\/p>\n<p>Dos votos particulares<\/p>\n<p>La decisi\u00f3n no se ha tomado por unanimidad. Las magistradas Ana Ferrer y Susana Polo \u2014que era la ponente inicial de la sentencia\u2014 han anunciado un voto particular. Ahora ser\u00e1 el presidente de la sala de lo penal, Andr\u00e9s Mart\u00ednez Arrieta, quien redacte la sentencia que suscriban los otros cinco magistrados que conformaron el tribunal: Manuel Marchena, Carmen Lamela, Antonio del Moral y Jos\u00e9 Ram\u00f3n Berdugo. <\/p>\n<p>M\u00e1s informaci\u00f3n<\/p>\n<p>La filtraci\u00f3n del correo que se investiga sirvi\u00f3 para desmentir entre la opini\u00f3n p\u00fablica <a href=\"https:\/\/cadenaser.com\/nacional\/2025\/11\/04\/miguel-angel-rodriguez-reconoce-que-filtro-el-bulo-sobre-el-pacto-del-novio-de-ayuso-que-desmintio-el-fiscal-general-cadena-ser\/\" target=\"_blank\" rel=\"noreferrer nofollow noopener\" title=\"https:\/\/cadenaser.com\/nacional\/2025\/11\/04\/miguel-angel-rodriguez-reconoce-que-filtro-el-bulo-sobre-el-pacto-del-novio-de-ayuso-que-desmintio-el-fiscal-general-cadena-ser\/\">el bulo que fabric\u00f3 Miguel \u00c1ngel Rodr\u00edguez<\/a>. El jefe de gabinete de Ayuso difundi\u00f3 entre periodistas afines que la Fiscal\u00eda hab\u00eda ofrecido un pacto a Gonz\u00e1lez Amador que se hab\u00eda frenado por \u00f3rdenes de arriba. Paralelamente desde Fiscal\u00eda General se recab\u00f3 el expediente tributario del novio de Ayuso para emitir una nota de prensa de desmentido. <\/p>\n<p><img decoding=\"async\" src=\"https:\/\/www.europesays.com\/es\/wp-content\/uploads\/2025\/11\/P64YLLNVKFJQBIA7O4DL3R7GGE.jpg\" alt=\"El Gobierno respeta pero no comparte &quot;en absoluto&quot; la condena al fiscal general del Estado\" width=\"240\" height=\"135\"  loading=\"lazy\"\/><\/p>\n<p>El juez instructor consider\u00f3 delictivo tanto la filtraci\u00f3n del correo electr\u00f3nico como la nota de prensa y las acusaciones recogieron el guante. El letrado de Alberto Gonz\u00e1lez Amador dijo que esa nota de prensa puso \u00abel sello oficial al reconocimiento del delito\u00bb.<\/p>\n<p><a href=\"https:\/\/cadenaser.com\/nacional\/2025\/11\/03\/juicio-historico-en-el-supremo-al-fiscal-general-por-la-presunta-filtracion-del-correo-en-el-que-el-novio-de-ayuso-reconocia-delitos-fiscales-cadena-ser\/\" target=\"_blank\" rel=\"noreferrer nofollow noopener\" title=\"https:\/\/cadenaser.com\/nacional\/2025\/11\/03\/juicio-historico-en-el-supremo-al-fiscal-general-por-la-presunta-filtracion-del-correo-en-el-que-el-novio-de-ayuso-reconocia-delitos-fiscales-cadena-ser\/\">La Abogac\u00eda del Estado\u2014que ejerc\u00eda la defensa de Garc\u00eda Ortiz\u2014 y la Fiscal\u00eda ped\u00edan la libre absoluci\u00f3n del fiscal<\/a>, mientras que la defensa de Alberto Gonz\u00e1lez Amador reclamaba cuatro a\u00f1os de c\u00e1rcel por un delito de revelaci\u00f3n de secretos.<\/p>\n","protected":false},"excerpt":{"rendered":"Madrid El Tribunal Supremo ha adelantado el fallo de la sentencia por la que condena al fiscal general&hellip;\n","protected":false},"author":2,"featured_media":246614,"comment_status":"","ping_status":"","sticky":false,"template":"","format":"standard","meta":{"footnotes":""},"categories":[8],"tags":[17,18,25,24,13,14,11,19,20,9,10,15,16,23,12,21,22],"class_list":{"0":"post-246613","1":"post","2":"type-post","3":"status-publish","4":"format-standard","5":"has-post-thumbnail","7":"category-espana","8":"tag-breaking-news","9":"tag-breakingnews","10":"tag-es","11":"tag-espana","12":"tag-featured-news","13":"tag-featurednews","14":"tag-headlines","15":"tag-latest-news","16":"tag-latestnews","17":"tag-news","18":"tag-noticias","19":"tag-noticias-destacadas","20":"tag-noticiasdestacadas","21":"tag-spain","22":"tag-titulares","23":"tag-ultimas-noticias","24":"tag-ultimasnoticias"},"share_on_mastodon":{"url":"https:\/\/pubeurope.com\/@es\/115582926484489516","error":""},"_links":{"self":[{"href":"https:\/\/www.europesays.com\/es\/wp-json\/wp\/v2\/posts\/246613","targetHints":{"allow":["GET"]}}],"collection":[{"href":"https:\/\/www.europesays.com\/es\/wp-json\/wp\/v2\/posts"}],"about":[{"href":"https:\/\/www.europesays.com\/es\/wp-json\/wp\/v2\/types\/post"}],"author":[{"embeddable":true,"href":"https:\/\/www.europesays.com\/es\/wp-json\/wp\/v2\/users\/2"}],"replies":[{"embeddable":true,"href":"https:\/\/www.europesays.com\/es\/wp-json\/wp\/v2\/comments?post=246613"}],"version-history":[{"count":0,"href":"https:\/\/www.europesays.com\/es\/wp-json\/wp\/v2\/posts\/246613\/revisions"}],"wp:featuredmedia":[{"embeddable":true,"href":"https:\/\/www.europesays.com\/es\/wp-json\/wp\/v2\/media\/246614"}],"wp:attachment":[{"href":"https:\/\/www.europesays.com\/es\/wp-json\/wp\/v2\/media?parent=246613"}],"wp:term":[{"taxonomy":"category","embeddable":true,"href":"https:\/\/www.europesays.com\/es\/wp-json\/wp\/v2\/categories?post=246613"},{"taxonomy":"post_tag","embeddable":true,"href":"https:\/\/www.europesays.com\/es\/wp-json\/wp\/v2\/tags?post=246613"}],"curies":[{"name":"wp","href":"https:\/\/api.w.org\/{rel}","templated":true}]}}