{"id":246615,"date":"2025-11-20T16:17:08","date_gmt":"2025-11-20T16:17:08","guid":{"rendered":"https:\/\/www.europesays.com\/es\/246615\/"},"modified":"2025-11-20T16:17:08","modified_gmt":"2025-11-20T16:17:08","slug":"remontada-ante-chequia-y-pase-a-semifinales","status":"publish","type":"post","link":"https:\/\/www.europesays.com\/es\/246615\/","title":{"rendered":"remontada ante Chequia y pase a semifinales"},"content":{"rendered":"<p>La selecci\u00f3n espa\u00f1ola masculina de tenis vive abonada a las remontadas en la <a href=\"https:\/\/www.olympics.com\/es\/eventos-deportivos\/2025-itf-tennis-davis-cup-final-bologna\" data-tracking-payload=\"{&quot;implementation_provider&quot;:&quot;sed&quot;,&quot;content_geography&quot;:&quot;AF,AX,AL,DZ,AS,AD,AO,AI,AQ,AG,AR,AM,AW,AU,AT,AZ,BS,BH,BD,BB,BY,BE,BZ,BJ,BM,BT,BO,BQ,BA,BW,BV,BR,IO,UM,VG,VI,BN,BG,BF,BI,KH,CM,CA,CV,KY,CF,TD,CL,CN,CX,CC,CO,KM,CG,CD,CK,CR,HR,CU,CW,CY,CZ,DK,DJ,DM,DO,EC,EG,SV,GQ,ER,EE,ET,FK,FO,FJ,FI,FR,GF,PF,TF,GA,GM,GE,DE,GH,GI,GR,GL,GD,GP,GU,GT,GG,GN,GW,GY,HT,HM,VA,HN,HK,HU,IS,IN,ID,CI,IR,IQ,IE,IM,IL,IT,JM,JP,JE,JO,KZ,KE,KI,KW,KG,LA,LV,LB,LS,LR,LY,LI,LT,LU,MO,MK,MG,MW,MY,MV,ML,MT,MH,MQ,MR,MU,YT,MX,FM,MD,MC,MN,ME,MS,MA,MZ,MM,NA,NR,NP,NL,NC,NZ,NI,NE,NG,NU,NF,KP,MP,NO,OM,PK,PW,PS,PA,PG,PY,PE,PH,PN,PL,PT,PR,QA,RE,RO,RU,RW,BL,SH,KN,LC,MF,PM,VC,WS,SM,ST,SA,SN,RS,SC,SL,SG,SX,SK,SI,SB,SO,ZA,GS,KR,SS,ES,LK,SD,SR,SJ,SZ,SE,CH,SY,TW,TJ,TZ,TH,TL,TG,TK,TO,TT,TN,TR,TM,TC,TV,UG,UA,AE,GB,US,UY,UZ,VU,VE,VN,WF,EH,YE,ZM,ZW,XK&quot;,&quot;content_id&quot;:&quot;659801d2-b6a0-4b20-9dfe-4807afebad37&quot;,&quot;content_release_date_local_utc&quot;:&quot;2025-11-20T16:10:30.006Z&quot;,&quot;content_title&quot;:&quot;Copa Davis 2025 \u00b7 Espa\u00f1a se abona a las remontadas: gana a Chequia y vuelve a semifinales seis a\u00f1os despu\u00e9s&quot;,&quot;tag&quot;:&quot;[\\&quot;discipline-tenis\\&quot;,\\&quot;newsclip\\&quot;,\\&quot;gender-male\\&quot;,\\&quot;2025-itf-tennis-davis-cup-final-bologna\\&quot;,\\&quot;carlos-alcaraz\\&quot;,\\&quot;noc-es\\&quot;,\\&quot;europe-editorial\\&quot;]&quot;,&quot;module_type&quot;:&quot;TextBlock&quot;,&quot;module_title&quot;:&quot;Copa Davis 2025 \u00b7 Espa\u00f1a se abona a las remontadas: gana a Chequia y vuelve a semifinales seis a\u00f1os despu\u00e9s&quot;,&quot;section_level_1&quot;:&quot;news&quot;,&quot;section_level_2&quot;:&quot;copa-davis-2025-espana-remonta-chequia-vuelve-semifinales-tenis&quot;,&quot;discipline&quot;:&quot;discipline-tenis&quot;,&quot;odf_id&quot;:&quot;TEN&quot;,&quot;module_instance&quot;:&quot;Inline&quot;,&quot;module_id&quot;:null}\" data-tracking=\"click\" rel=\"nofollow noopener\" target=\"_blank\"><strong>Copa Davis 2025<\/strong><\/a>. Si en la \u00faltima eliminatoria ante Dinamarca levant\u00f3 un\u00a00-2 en contra por primera vez en su historia, en cuartos de final remont\u00f3 ante Chequia para volver a unas semifinales por primera vez en seis a\u00f1os.<\/p>\n<p><strong>Pablo Carre\u00f1o<\/strong> perdi\u00f3 el primer partido ante <strong>Jakub Mensik<\/strong>, pero en el siguiente turno\u00a0<strong>Jaume Munar<\/strong> sorprendi\u00f3 a\u00a0<strong>Jiri Lehecka<\/strong>, el n\u00famero uno del equipo checo, y en el dobles decisivo\u00a0<strong>Marcel Granollers<\/strong> y\u00a0<strong>Pedro Mart\u00ednez<\/strong> sumaron el punto decisivo por 7-6(8), 7-6(8).<\/p>\n<p>Espa\u00f1a jugar\u00e1 las semifinales el pr\u00f3ximo s\u00e1bado, 21 de noviembre. Su rival saldr\u00e1 del cruce entre Argentina y Alemania.<\/p>\n<p>M\u00e1s informaci\u00f3n a continuaci\u00f3n.<\/p>\n","protected":false},"excerpt":{"rendered":"La selecci\u00f3n espa\u00f1ola masculina de tenis vive abonada a las remontadas en la Copa Davis 2025. Si en&hellip;\n","protected":false},"author":2,"featured_media":246616,"comment_status":"","ping_status":"","sticky":false,"template":"","format":"standard","meta":{"footnotes":""},"categories":[5],"tags":[17,18,25,24,13,14,11,19,20,9,10,15,16,23,12,21,22],"class_list":{"0":"post-246615","1":"post","2":"type-post","3":"status-publish","4":"format-standard","5":"has-post-thumbnail","7":"category-titulares","8":"tag-breaking-news","9":"tag-breakingnews","10":"tag-es","11":"tag-espana","12":"tag-featured-news","13":"tag-featurednews","14":"tag-headlines","15":"tag-latest-news","16":"tag-latestnews","17":"tag-news","18":"tag-noticias","19":"tag-noticias-destacadas","20":"tag-noticiasdestacadas","21":"tag-spain","22":"tag-titulares","23":"tag-ultimas-noticias","24":"tag-ultimasnoticias"},"share_on_mastodon":{"url":"https:\/\/pubeurope.com\/@es\/115582929659174188","error":""},"_links":{"self":[{"href":"https:\/\/www.europesays.com\/es\/wp-json\/wp\/v2\/posts\/246615","targetHints":{"allow":["GET"]}}],"collection":[{"href":"https:\/\/www.europesays.com\/es\/wp-json\/wp\/v2\/posts"}],"about":[{"href":"https:\/\/www.europesays.com\/es\/wp-json\/wp\/v2\/types\/post"}],"author":[{"embeddable":true,"href":"https:\/\/www.europesays.com\/es\/wp-json\/wp\/v2\/users\/2"}],"replies":[{"embeddable":true,"href":"https:\/\/www.europesays.com\/es\/wp-json\/wp\/v2\/comments?post=246615"}],"version-history":[{"count":0,"href":"https:\/\/www.europesays.com\/es\/wp-json\/wp\/v2\/posts\/246615\/revisions"}],"wp:featuredmedia":[{"embeddable":true,"href":"https:\/\/www.europesays.com\/es\/wp-json\/wp\/v2\/media\/246616"}],"wp:attachment":[{"href":"https:\/\/www.europesays.com\/es\/wp-json\/wp\/v2\/media?parent=246615"}],"wp:term":[{"taxonomy":"category","embeddable":true,"href":"https:\/\/www.europesays.com\/es\/wp-json\/wp\/v2\/categories?post=246615"},{"taxonomy":"post_tag","embeddable":true,"href":"https:\/\/www.europesays.com\/es\/wp-json\/wp\/v2\/tags?post=246615"}],"curies":[{"name":"wp","href":"https:\/\/api.w.org\/{rel}","templated":true}]}}