{"id":246619,"date":"2025-11-20T16:26:10","date_gmt":"2025-11-20T16:26:10","guid":{"rendered":"https:\/\/www.europesays.com\/es\/246619\/"},"modified":"2025-11-20T16:26:10","modified_gmt":"2025-11-20T16:26:10","slug":"atletico-de-madrid-simeone-quiere-que-baena-de-el-salto","status":"publish","type":"post","link":"https:\/\/www.europesays.com\/es\/246619\/","title":{"rendered":"Atl\u00e9tico de Madrid | Simeone quiere que Baena d\u00e9 el salto"},"content":{"rendered":"<p data-gtm-element-container=\"modulo-texto-link\" class=\"paragraph\">Es el momento. Pasado el tormentoso arranque de la temporada en el <strong>Atl\u00e9tico de Madrid,<\/strong> ha llegado la hora de un <strong>\u00c1lex Baena<\/strong> del que <strong>Diego Pablo Simeone<\/strong>, entrenador colchonero, espera que d\u00e9 un paso delante de aqu\u00ed a final de a\u00f1o, para comenzar a convertirse en el jugador franquicia del equipo, junto a<strong> Juli\u00e1n \u00c1lvarez.<\/strong><\/p>\n<p>        Lee tambi\u00e9n<\/p>\n<p>    Chema G. Fuente<\/p>\n<p>             <img loading=\"lazy\" decoding=\"async\" data-full-src=\"https:\/\/www.mundodeportivo.com\/uploads\/2025\/11\/20\/691ed9d6a189b.jpeg\" alt=\"Horizontal\" width=\"334\" height=\"164\" src=\"https:\/\/www.europesays.com\/es\/wp-content\/uploads\/2025\/11\/691ed9d6a189b.r_d.1751-1168.jpeg\" class=\"lazy\"\/><\/p>\n<p data-gtm-element-container=\"modulo-texto-link\" class=\"paragraph\">El <strong>Cholo <\/strong>tiene puestas en \u00e9l muchas esperanzas. Fue el fichaje estrella del equipo rojiblanco en el pasado mercado, pero a\u00fan no ha podido demostrar todo lo que le llev\u00f3 al <strong>Atl\u00e9tico<\/strong>, toda esa capacidad para generar ocasiones, para asistir a compa\u00f1eros y para marcar, que exhibi\u00f3 en el <strong>Villarreal<\/strong>.<\/p>\n<p data-gtm-element-container=\"modulo-texto-link\" class=\"paragraph\">El cuerpo t\u00e9cnico entiende que, pasado es inicio problem\u00e1tico, con parte del rodaje ya hecho desde que se recuperase de aquella operaci\u00f3n de apendicitis posterior a la lesi\u00f3n que le dej\u00f3 fuera, literalmente tras el primer partido de <strong>LaLiga<\/strong>, el jugador puede dar ese paso adelante que se le reclama.<\/p>\n<p data-gtm-element-container=\"modulo-texto-link\" class=\"paragraph\">El andaluz ya fue titular en los \u00faltimos cuatro partidos del <strong>Atl\u00e9tico<\/strong> (<strong>Betis<\/strong>, <strong>Sevilla <\/strong>y <strong>Levante<\/strong>, en <strong>LaLiga<\/strong>; y ante el <strong>Uni\u00f3n Saint Gilloise<\/strong>, en <strong>Champions<\/strong>). Es el lugar que le corresponde por dimensi\u00f3n de fichaje, capacidad, juventud, jerarqu\u00eda y por el plan que ten\u00eda <strong>Simeone <\/strong>para \u00e9l.<\/p>\n<p data-gtm-element-container=\"modulo-texto-link\" class=\"paragraph\">De hecho, tras su llegada, el t\u00e9cnico argentino le coloc\u00f3 siempre en sus planes. Estaba previsto hacer de \u00e9l una suerte de <strong>Griezmann<\/strong>, convertir en un gran jugador, en un futbolista diferencial, de los mejores de su posici\u00f3n. \u201cTiene algo diferente. Le queremos sacar m\u00e1s de lo que tiene y de lo que se ha visto, porque sabemos que lo tiene. Trabajamos para que mejore su nivel\u201d, coment\u00f3 Simeone al poco de llegar.<\/p>\n<p>        Lee tambi\u00e9n<\/p>\n<p>    Chema G. Fuente<\/p>\n<p>             <img loading=\"lazy\" decoding=\"async\" data-full-src=\"https:\/\/www.mundodeportivo.com\/uploads\/2025\/11\/20\/691f0c6747bfc.jpeg\" alt=\"Entrenamiento del Atl\u00e9tico de Madrid. Giacomo Raspadori y Carlos Mart\u00edn.\" width=\"334\" height=\"164\" src=\"https:\/\/www.europesays.com\/es\/wp-content\/uploads\/2025\/11\/691f0c6747bfc.r_d.2595-1490.jpeg\" class=\"lazy\"\/><\/p>\n<p data-gtm-element-container=\"modulo-texto-link\" class=\"paragraph\">El cuerpo t\u00e9cnico entiende que, tras los partidos que le ha dado, adem\u00e1s de los minutos que ha venido teniendo con Espa\u00f1a, es el momento de darle al equipo ese salto de calidad. Hasta su llegada al <strong>Atl\u00e9tico de Madrid<\/strong>, a lo largo de su trayectoria profesional, ha participado en un total de 232 partidos, registrando 35 goles y 25 asistencias. N\u00fameros a los que se le suman ahora el gol y la asistencia que dio en estos meses como colchonero.  El andaluz asisti\u00f3 a <strong>Griezmann <\/strong>en el derbi ante el <strong>Real Madrid, <\/strong>y \u00e9l mismo marc\u00f3 un golazo, contra el <strong>Betis<\/strong>. \u201cEl primero de muchos\u201d, dijo el andaluz tras el bello tanto. Y eso es lo que espera precisamente el <strong>Cholo<\/strong>.<\/p>\n<p data-gtm-element-container=\"modulo-texto-link\" class=\"paragraph\">El <strong>Atl\u00e9tico <\/strong>tiene ahora, por delante, ocho partidos important\u00edsimos hasta final de a\u00f1o. Un calendario muy comprometido, con choques muy complicados, con salidas dificil\u00edsimas ante <strong>Getafe, Athletic, Bar\u00e7a, PSV<\/strong> o <strong>Girona<\/strong>; y con partidos en casa, que se pueden complicar, ante rivales necesitados como <strong>Oviedo <\/strong>o <strong>Valencia<\/strong>, aparte del partidazo que tiene en menos de una semana, ante el <strong>Inter de Mil\u00e1n.<\/strong><\/p>\n<p data-gtm-element-container=\"modulo-texto-link\" class=\"paragraph\">Partidos importantes, rivales de campanillas, para ver la mejor versi\u00f3n de un <strong>\u00c1lex Baena <\/strong>al que <strong>Simeone <\/strong>intenta encontrar su mejor situaci\u00f3n. Desde el extremo izquierdo, el internacional espa\u00f1ol tiene menos incidencia de lo que al <strong>Cholo <\/strong>le gustar\u00eda, pero a veces tiene que usarle ah\u00ed, en vez de segundo punta, por detr\u00e1s de J<strong>uli\u00e1n \u00c1lvarez.<\/strong> \u201cM\u00e1s cerca del arco tiene golpe, da peligro, pero tambi\u00e9n nos da alternativas para poner otro tipo de gente ofensivamente\u201d, reflexion\u00f3 Simeone en estos meses. Porque esa es otra de sus capacidades, la de permitir jugar con su posici\u00f3n para a\u00f1adir a otros compa\u00f1eros, <strong>Sorloth <\/strong>en punta; <strong>Almada <\/strong>o <strong>Nico <\/strong>por la izquierda.<\/p>\n<p>        Lee tambi\u00e9n<\/p>\n<p>    Chema G. Fuente<\/p>\n<p>             <img loading=\"lazy\" decoding=\"async\" data-full-src=\"https:\/\/www.mundodeportivo.com\/uploads\/2025\/11\/20\/691f1247862f2.jpeg\" alt=\"El Atl\u00e9tico suma un nuevo patrocinador m\u00e1s y confirma que es un im\u00e1n para las empresas. \u00d3scar Mayo, responsable del \u00e1rea comercial.\" width=\"334\" height=\"164\" src=\"https:\/\/www.europesays.com\/es\/wp-content\/uploads\/2025\/11\/691f1247862f2.r_d.467-236.jpeg\" class=\"lazy\"\/><\/p>\n<p data-gtm-element-container=\"modulo-texto-link\" class=\"paragraph\">\u00abTiene caracter\u00edsticas que le hacen jugar bien en diferentes lugares, tanto de interno como centro del punta o en el costado como en la <strong>Selecci\u00f3n<\/strong>. Necesitamos mucho de \u00e9l. Todo lo que trajo lo podemos hacer mejor\u00bb, continu\u00f3 diciendo un Simeone que conf\u00eda en que tenga m\u00e1s incidencia ofensiva.\u00a0\u00a0<\/p>\n","protected":false},"excerpt":{"rendered":"Es el momento. Pasado el tormentoso arranque de la temporada en el Atl\u00e9tico de Madrid, ha llegado la&hellip;\n","protected":false},"author":2,"featured_media":246620,"comment_status":"","ping_status":"","sticky":false,"template":"","format":"standard","meta":{"footnotes":""},"categories":[268],"tags":[168,25,24,280,282,281,23,167],"class_list":{"0":"post-246619","1":"post","2":"type-post","3":"status-publish","4":"format-standard","5":"has-post-thumbnail","7":"category-futbol","8":"tag-deportes","9":"tag-es","10":"tag-espana","11":"tag-football","12":"tag-futbol","13":"tag-soccer","14":"tag-spain","15":"tag-sports"},"share_on_mastodon":{"url":"https:\/\/pubeurope.com\/@es\/115582965569478307","error":""},"_links":{"self":[{"href":"https:\/\/www.europesays.com\/es\/wp-json\/wp\/v2\/posts\/246619","targetHints":{"allow":["GET"]}}],"collection":[{"href":"https:\/\/www.europesays.com\/es\/wp-json\/wp\/v2\/posts"}],"about":[{"href":"https:\/\/www.europesays.com\/es\/wp-json\/wp\/v2\/types\/post"}],"author":[{"embeddable":true,"href":"https:\/\/www.europesays.com\/es\/wp-json\/wp\/v2\/users\/2"}],"replies":[{"embeddable":true,"href":"https:\/\/www.europesays.com\/es\/wp-json\/wp\/v2\/comments?post=246619"}],"version-history":[{"count":0,"href":"https:\/\/www.europesays.com\/es\/wp-json\/wp\/v2\/posts\/246619\/revisions"}],"wp:featuredmedia":[{"embeddable":true,"href":"https:\/\/www.europesays.com\/es\/wp-json\/wp\/v2\/media\/246620"}],"wp:attachment":[{"href":"https:\/\/www.europesays.com\/es\/wp-json\/wp\/v2\/media?parent=246619"}],"wp:term":[{"taxonomy":"category","embeddable":true,"href":"https:\/\/www.europesays.com\/es\/wp-json\/wp\/v2\/categories?post=246619"},{"taxonomy":"post_tag","embeddable":true,"href":"https:\/\/www.europesays.com\/es\/wp-json\/wp\/v2\/tags?post=246619"}],"curies":[{"name":"wp","href":"https:\/\/api.w.org\/{rel}","templated":true}]}}