{"id":246621,"date":"2025-11-20T16:27:09","date_gmt":"2025-11-20T16:27:09","guid":{"rendered":"https:\/\/www.europesays.com\/es\/246621\/"},"modified":"2025-11-20T16:27:09","modified_gmt":"2025-11-20T16:27:09","slug":"christopher-nolan-se-rinde-ante-matt-demon-por-su-brutal-actuacion-en-la-odisea-lo-ha-dado-todo","status":"publish","type":"post","link":"https:\/\/www.europesays.com\/es\/246621\/","title":{"rendered":"Christopher Nolan se rinde ante Matt Demon por su brutal actuaci\u00f3n en \u2018La odisea\u2019: \u201cLo ha dado todo\u201d"},"content":{"rendered":"<p class=\"\">M\u00e1s all\u00e1 de la pr\u00f3xima pel\u00edcula de los \u2018Vengadores\u2019 y de la tercera entrega de \u2018Dune\u2019, los amantes del cine tienen los ojos puestos en el pr\u00f3ximo largometraje de <b>Christopher Nolan<\/b>. Con \u2018<a href=\"https:\/\/as.com\/meristation\/cine\/se-revelan-las-primeras-imagenes-y-los-personajes-de-robert-pattinson-y-zendaya-en-la-odisea-la-nueva-pelicula-de-nolan-f202511-n\/\" target=\"_blank\" rel=\"noreferrer nofollow noopener\" title=\"https:\/\/as.com\/meristation\/cine\/se-revelan-las-primeras-imagenes-y-los-personajes-de-robert-pattinson-y-zendaya-en-la-odisea-la-nueva-pelicula-de-nolan-f202511-n\/\"><b>La odisea<\/b><\/a>\u2019, el cineasta brit\u00e1nico saldr\u00e1 de su zona de confort y nos ofrecer\u00e1 una adaptaci\u00f3n de uno de los poemas griegos m\u00e1s antiguos y famosos de la historia. \u00bfSe avecina una nueva obra maestra del director de \u2018El caballero oscuro\u2019 y \u2018Origen\u2019?<\/p>\n<p class=\"\">Pues eso es lo que parece creer el propio Nolan, porque en declaraciones recogidas por la revista <a href=\"https:\/\/x.com\/NolanAnalyst\/status\/1991499203118322051\" target=\"_blank\" rel=\"noreferrer nofollow\" title=\"https:\/\/x.com\/NolanAnalyst\/status\/1991499203118322051\">Empire<\/a>, <b>ha puesto por las nubes la interpretaci\u00f3n de Matt Damon<\/b>, el gran protagonista de la pel\u00edcula. \u201cAunque ya sab\u00eda que Matt era un actor excelente, ya que he hecho un par de pel\u00edculas con \u00e9l, <b>hay momentos de su interpretaci\u00f3n que me han dejado realmente impactado<\/b>. Est\u00e1 realmente compenetrado con el personaje, con su significado, los temas que representa y las emociones subyacentes.<b> Matt lo ha dado absolutamente todo en este papel<\/b>\u201d, explic\u00f3 Nolan.<\/p>\n<p><img decoding=\"async\" src=\"https:\/\/www.europesays.com\/es\/wp-content\/uploads\/2025\/11\/1763656029_791_VPU5T3ENTNA33AWVVCS6OSVKEI.jpg\" alt=\"Christopher Nolan se rinde ante Matt Demon por su brutal actuaci\u00f3n en \u2018La odisea\u2019: \u201cLo ha dado todo\u201d\" height=\"675\" width=\"1200\"   loading=\"lazy\"\/><b>\u00bfLa mejor interpretaci\u00f3n de toda la carrera de Matt Damon?<\/b><\/p>\n<p class=\"\"><b>Matt Damon asumir\u00e1 el papel de Odiseo<\/b> en la que apunta a ser una de las mejores pel\u00edculas de los \u00faltimos a\u00f1os. El reparto lo completan otras super estrellas de Hollywood como Tom Holland, Zendaya, Anne Hathaway, Robert Pattinson, Charlize Theron, Jon Bernthal, John Leguizamo, Lupita Nyong\u2019o, Ben Safdie y Elliot Page. Su estreno en los cines de Espa\u00f1a est\u00e1 previsto para el <b>17 de julio de 2026<\/b>. Despu\u00e9s de leer las declaraciones de Nolan, \u00bfAcaso te la vas a perder?<\/p>\n<p>Noticias relacionadas<\/p>\n<p class=\"\">Suscr\u00edbete al <a href=\"https:\/\/www.youtube.com\/@meristation\" target=\"_self\" rel=\"nofollow noopener\" title=\"https:\/\/www.youtube.com\/@meristation\">canal de MeriStation en YouTube<\/a>, tu web de videojuegos y entretenimiento para conocer todas las noticias y novedades sobre el mundo del videojuego, cine, series, manga y anime. An\u00e1lisis, entrevistas, tr\u00e1ileres, gameplays, p\u00f3dcast y mucho m\u00e1s. Tambi\u00e9n te animamos a seguir <a href=\"https:\/\/www.tiktok.com\/@meristation\" rel=\"nofollow noopener\" title=\"https:\/\/www.tiktok.com\/@meristation\" target=\"_blank\">nuestra cuenta de TikTok<\/a>. <\/p>\n<p class=\"\">\u00a1S\u00edguenos en ambas y, si est\u00e1s interesado en licenciar este contenido, pincha <a href=\"https:\/\/profesional.elpais.com\/soluciones-sindicacion?utm_medium=interno&amp;utm_source=crosslinking&amp;utm_campaign=sindicacion_as_pie_articulos\" target=\"_blank\" rel=\"nofollow noopener\" title=\"https:\/\/profesional.elpais.com\/soluciones-sindicacion?utm_medium=interno&amp;utm_source=crosslinking&amp;utm_campaign=sindicacion_as_pie_articulos\">aqu\u00ed<\/a>!<\/p>\n<p><script async src=\"\/\/www.tiktok.com\/embed.js\"><\/script><\/p>\n","protected":false},"excerpt":{"rendered":"M\u00e1s all\u00e1 de la pr\u00f3xima pel\u00edcula de los \u2018Vengadores\u2019 y de la tercera entrega de \u2018Dune\u2019, los amantes&hellip;\n","protected":false},"author":2,"featured_media":246622,"comment_status":"","ping_status":"","sticky":false,"template":"","format":"standard","meta":{"footnotes":""},"categories":[174],"tags":[255,146,147,25,24,256,23],"class_list":{"0":"post-246621","1":"post","2":"type-post","3":"status-publish","4":"format-standard","5":"has-post-thumbnail","7":"category-famosos","8":"tag-celebrities","9":"tag-entertainment","10":"tag-entretenimiento","11":"tag-es","12":"tag-espana","13":"tag-famosos","14":"tag-spain"},"share_on_mastodon":{"url":"https:\/\/pubeurope.com\/@es\/115582969230717217","error":""},"_links":{"self":[{"href":"https:\/\/www.europesays.com\/es\/wp-json\/wp\/v2\/posts\/246621","targetHints":{"allow":["GET"]}}],"collection":[{"href":"https:\/\/www.europesays.com\/es\/wp-json\/wp\/v2\/posts"}],"about":[{"href":"https:\/\/www.europesays.com\/es\/wp-json\/wp\/v2\/types\/post"}],"author":[{"embeddable":true,"href":"https:\/\/www.europesays.com\/es\/wp-json\/wp\/v2\/users\/2"}],"replies":[{"embeddable":true,"href":"https:\/\/www.europesays.com\/es\/wp-json\/wp\/v2\/comments?post=246621"}],"version-history":[{"count":0,"href":"https:\/\/www.europesays.com\/es\/wp-json\/wp\/v2\/posts\/246621\/revisions"}],"wp:featuredmedia":[{"embeddable":true,"href":"https:\/\/www.europesays.com\/es\/wp-json\/wp\/v2\/media\/246622"}],"wp:attachment":[{"href":"https:\/\/www.europesays.com\/es\/wp-json\/wp\/v2\/media?parent=246621"}],"wp:term":[{"taxonomy":"category","embeddable":true,"href":"https:\/\/www.europesays.com\/es\/wp-json\/wp\/v2\/categories?post=246621"},{"taxonomy":"post_tag","embeddable":true,"href":"https:\/\/www.europesays.com\/es\/wp-json\/wp\/v2\/tags?post=246621"}],"curies":[{"name":"wp","href":"https:\/\/api.w.org\/{rel}","templated":true}]}}