{"id":246625,"date":"2025-11-20T16:30:13","date_gmt":"2025-11-20T16:30:13","guid":{"rendered":"https:\/\/www.europesays.com\/es\/246625\/"},"modified":"2025-11-20T16:30:13","modified_gmt":"2025-11-20T16:30:13","slug":"asi-ha-sido-el-nuevo-vamos-a-ver-sin-el-colaborador","status":"publish","type":"post","link":"https:\/\/www.europesays.com\/es\/246625\/","title":{"rendered":"as\u00ed ha sido el &#8216;nuevo&#8217; &#8216;Vamos a ver&#8217; sin el colaborador"},"content":{"rendered":"<p><img loading=\"lazy\" decoding=\"async\" src=\"https:\/\/www.europesays.com\/es\/wp-content\/uploads\/2025\/08\/david.jpg\" itemtype=\"\/\/schema.org\/ImageObject\" itemprop=\"url\" alt=\"David Saiz\" width=\"64\" height=\"64\" pinger-seen=\"true\"\/><\/p>\n<p><b>Alessandro Lequio<\/b> ya no se ha sentado este jueves en el plat\u00f3 de <b>Vamos a ver<\/b>, el programa en el que colaboraba en Telecinco cada d\u00eda. El tertuliano <b><a href=\"https:\/\/www.eleconomista.es\/informalia\/television\/noticias\/13652729\/11\/25\/alessandro-lequio-despedido-de-mediaset-tras-25-anos-en-la-cadena-por-las-acusaciones-de-antonia-dellatte.html\" title=\"Mediaset fulmina a Alessandro Lequio tras 25 a\u00f1os en la cadena por las acusaciones de Antonia Dell&#039;Atte\" rel=\"nofollow noopener\" target=\"_blank\">ha sido despedido de Mediaset<\/a><\/b> tras las acusaciones de <b>Antonia Dell&#8217;Atte<\/b>, quien asegura, desde hace m\u00e1s de dos d\u00e9cadas, haber sido maltratada cuando eran pareja.<\/p>\n<p>La cadena tom\u00f3 la decisi\u00f3n este mi\u00e9rcoles por la ma\u00f1ana y as\u00ed lo consensu\u00f3 con la productora Unicorn, que se reuni\u00f3 con Lequio al finalizar el programa para comunicarle que este jueves ya no contaban con \u00e9l. En la entrega de hoy, por lo tanto, Lequio ya no ha aparecido y el programa ha contado con Pepe del Real, Sandra Aladro, Alejandra Rubio, Adriana Dorronsoro, Antonio Montero y Giovana Gonz\u00e1lez.<\/p>\n<p><b>Vamos a ver no ha abordado el asunto del despido de Lequio ni se ha hecho alusi\u00f3n alguna a su ausencia<\/b>. El magac\u00edn ha hablado de los rumores sobre la casa que supuestamente Alejandra Rubio quiere comprar a Marta L\u00f3pez. Asimismo, el programa ha mostrado un adelanto de la entrevista que Isa Pantoja dar\u00e1 ma\u00f1ana en De Viernes, y ha tratado los actos del 50 aniversario de la Monarqu\u00eda que se celebra este viernes y a los que no asistir\u00e1 el Rey Juan Carlos, que s\u00ed estar\u00e1 en una comida privada en Zarzuela.<\/p>\n<p>Por otra parte, Vamos a ver ha analizado el nuevo disco de Rosal\u00eda y los rumores en torno a un nuevo trabajo de colaboraciones y ha dado un adelanto de Gran Hermano, que este jueves emite un nueva gala en Telecinco.<\/p>\n<p>El despido de Lequio de Mediaset<\/p>\n<p>Como dec\u00edamos Lequio ha sido despedido de Mediaset por las acusaciones de malos tratos de Antonia Dell&#8217;Atte, unos episodios que supuestamente se produjeron a comienzos de los 90, aunque hay que recordar que<b> Lequio no tiene ninguna sentencia condenatoria en este sentido.<\/b> En su d\u00eda, Lequio demand\u00f3 a su ex por calumnias, por llamarle \u00abmaltratador\u00bb, pero fue desestimada y el juez concedi\u00f3 a Dell&#8217;Atte una \u00abexceptio vertitatis\u00bb, de tal manera que daba credibilidad a las pruebas y el relato de la modelo, independientemente de que era algo que nunca se lleg\u00f3 a juzgar. La decisi\u00f3n de despedir a Lequio se ha producido despu\u00e9s de que Dell&#8217;Atte haya hecho llegar a Mediaset una copia de ese auto del juez.<\/p>\n<p>WhatsApp<a href=\"https:\/\/api.whatsapp.com\/send?text=https:\/\/www.eleconomista.es\/informalia\/television\/noticias\/13654270\/11\/25\/primer-dia-en-telecinco-tras-el-despido-de-alessandro-lequio-asi-ha-sido-el-primer-vamos-a-ver-sin-el-colaborador.html?utm_source%3Dwhatsapp%26utm_medium%3Dshare_button&amp;id=1648118629957_whatsapp\" target=\"_blank\" data-action=\"share\/whatsapp\/share\" aria-label=\"Compartir en Whatsapp\" rel=\"nofollow noopener\"><\/a>Facebook<a id=\"fb-share\" href=\"#\" target=\"_blank\" rel=\"noopener noreferrer\" aria-label=\"Compartir en Facebook\"><\/a>Twitter<a href=\"https:\/\/twitter.com\/share?text=Primer+d%C3%ADa+en+Telecinco+tras+el+despido+de+Alessandro+Lequio%3A+as%C3%AD+ha+sido+el+%27nuevo%27+%27Vamos+a+ver%27+sin+el+colaborador&amp;url=https:\/\/www.eleconomista.es\/informalia\/television\/noticias\/13654270\/11\/25\/primer-dia-en-telecinco-tras-el-despido-de-alessandro-lequio-asi-ha-sido-el-primer-vamos-a-ver-sin-el-colaborador.html&amp;via=Informalia&amp;id=1648118839245_twitter\" target=\"_blank\" aria-label=\"Compartir en Twitter\" rel=\"nofollow noopener\"><\/a>Linkedin<a onclick=\"return abrirLinkedin();\" href=\"https:\/\/www.linkedin.com\/shareArticle?text=Primer+d%C3%ADa+en+Telecinco+tras+el+despido+de+Alessandro+Lequio%3A+as%C3%AD+ha+sido+el+%27nuevo%27+%27Vamos+a+ver%27+sin+el+colaborador&amp;url=https:\/\/www.eleconomista.es\/informalia\/television\/noticias\/13654270\/11\/25\/primer-dia-en-telecinco-tras-el-despido-de-alessandro-lequio-asi-ha-sido-el-primer-vamos-a-ver-sin-el-colaborador.html&amp;mini=true\" target=\"_blank\" aria-label=\"Compartir en linkedin\" rel=\"nofollow noopener\"><\/a>Beloud<a href=\"https:\/\/beloud.com\/share?text=Primer+d%C3%ADa+en+Telecinco+tras+el+despido+de+Alessandro+Lequio%3A+as%C3%AD+ha+sido+el+%27nuevo%27+%27Vamos+a+ver%27+sin+el+colaborador&amp;url=https:\/\/www.eleconomista.es\/informalia\/television\/noticias\/13654270\/11\/25\/primer-dia-en-telecinco-tras-el-despido-de-alessandro-lequio-asi-ha-sido-el-primer-vamos-a-ver-sin-el-colaborador.html&amp;via=Informalia&amp;id=1648118839245_beloud\" target=\"_blank\" aria-label=\"Compartir en beloud\" rel=\"nofollow noopener\"><\/a>Bluesky<a href=\"https:\/\/bsky.app\/intent\/compose?text=https:\/\/bsky.app\/intent\/compose?text=https:\/\/www.eleconomista.es\/informalia\/television\/noticias\/13654270\/11\/25\/primer-dia-en-telecinco-tras-el-despido-de-alessandro-lequio-asi-ha-sido-el-primer-vamos-a-ver-sin-el-colaborador.html&amp;url=https:\/\/www.eleconomista.es\/informalia\/television\/noticias\/13654270\/11\/25\/primer-dia-en-telecinco-tras-el-despido-de-alessandro-lequio-asi-ha-sido-el-primer-vamos-a-ver-sin-el-colaborador.html&amp;via=elEconomistaes&amp;id=1648118839245_bluesky\" target=\"_blank\" aria-label=\"Compartir en bluesky\" rel=\"nofollow noopener\"><\/a><\/p>\n<p><script async src=\"https:\/\/platform.twitter.com\/widgets.js\" charset=\"utf-8\"><\/script><\/p>\n","protected":false},"excerpt":{"rendered":"Alessandro Lequio ya no se ha sentado este jueves en el plat\u00f3 de Vamos a ver, el programa&hellip;\n","protected":false},"author":2,"featured_media":246626,"comment_status":"","ping_status":"","sticky":false,"template":"","format":"standard","meta":{"footnotes":""},"categories":[171],"tags":[146,147,25,24,23,807,214],"class_list":{"0":"post-246625","1":"post","2":"type-post","3":"status-publish","4":"format-standard","5":"has-post-thumbnail","7":"category-tv","8":"tag-entertainment","9":"tag-entretenimiento","10":"tag-es","11":"tag-espana","12":"tag-spain","13":"tag-television","14":"tag-tv"},"share_on_mastodon":{"url":"","error":""},"_links":{"self":[{"href":"https:\/\/www.europesays.com\/es\/wp-json\/wp\/v2\/posts\/246625","targetHints":{"allow":["GET"]}}],"collection":[{"href":"https:\/\/www.europesays.com\/es\/wp-json\/wp\/v2\/posts"}],"about":[{"href":"https:\/\/www.europesays.com\/es\/wp-json\/wp\/v2\/types\/post"}],"author":[{"embeddable":true,"href":"https:\/\/www.europesays.com\/es\/wp-json\/wp\/v2\/users\/2"}],"replies":[{"embeddable":true,"href":"https:\/\/www.europesays.com\/es\/wp-json\/wp\/v2\/comments?post=246625"}],"version-history":[{"count":0,"href":"https:\/\/www.europesays.com\/es\/wp-json\/wp\/v2\/posts\/246625\/revisions"}],"wp:featuredmedia":[{"embeddable":true,"href":"https:\/\/www.europesays.com\/es\/wp-json\/wp\/v2\/media\/246626"}],"wp:attachment":[{"href":"https:\/\/www.europesays.com\/es\/wp-json\/wp\/v2\/media?parent=246625"}],"wp:term":[{"taxonomy":"category","embeddable":true,"href":"https:\/\/www.europesays.com\/es\/wp-json\/wp\/v2\/categories?post=246625"},{"taxonomy":"post_tag","embeddable":true,"href":"https:\/\/www.europesays.com\/es\/wp-json\/wp\/v2\/tags?post=246625"}],"curies":[{"name":"wp","href":"https:\/\/api.w.org\/{rel}","templated":true}]}}