{"id":246639,"date":"2025-11-20T16:37:08","date_gmt":"2025-11-20T16:37:08","guid":{"rendered":"https:\/\/www.europesays.com\/es\/246639\/"},"modified":"2025-11-20T16:37:08","modified_gmt":"2025-11-20T16:37:08","slug":"estados-unidos-creo-119-000-empleos-en-septiembre-pero-el-desempleo-volvio-a-crecer-economia","status":"publish","type":"post","link":"https:\/\/www.europesays.com\/es\/246639\/","title":{"rendered":"Estados Unidos cre\u00f3 119.000 empleos en septiembre, pero el desempleo volvi\u00f3 a crecer | Econom\u00eda"},"content":{"rendered":"<p class=\"\">La <a href=\"https:\/\/elpais.com\/noticias\/mercado-trabajo\/\" target=\"_self\" rel=\"nofollow noopener\" title=\"https:\/\/elpais.com\/noticias\/mercado-trabajo\/\">econom\u00eda de Estados Unidos<\/a> mantiene un crecimiento aparentemente s\u00f3lido, pero el mercado laboral comienza a ofrecer s\u00edntomas de que<a href=\"https:\/\/elpais.com\/economia\/2025-09-05\/trump-pone-fin-a-cuatro-anos-ininterrumpidos-de-creacion-de-empleo-en-estados-unidos.html\" target=\"_self\" rel=\"nofollow noopener\" title=\"https:\/\/elpais.com\/economia\/2025-09-05\/trump-pone-fin-a-cuatro-anos-ininterrumpidos-de-creacion-de-empleo-en-estados-unidos.html\"> algo sucede en el motor de la primera potencia mundial<\/a>. Durante septiembre se crearon 119.000 puestos de trabajo, seg\u00fan ha publicado la Oficina de Estad\u00edsticas Laborales este jueves. <\/p>\n<p class=\"\">El dato de creaci\u00f3n de empleo mejora las previsiones de analistas. La cifra es la mejor desde abril, cuando se crearon 158.000 puestos de trabajo, y deja atr\u00e1s un verano con destrucci\u00f3n de trabajos atribuida, entre otras cuestiones, al <a href=\"https:\/\/elpais.com\/us\/migracion\/2025-10-30\/estados-unidos-elimina-la-renovacion-automatica-de-los-permisos-de-trabajo-temporales.html\" target=\"_self\" rel=\"nofollow noopener\" title=\"https:\/\/elpais.com\/us\/migracion\/2025-10-30\/estados-unidos-elimina-la-renovacion-automatica-de-los-permisos-de-trabajo-temporales.html\">endurecimiento de las pol\u00edticas migratorias<\/a> ordenadas por el presidente de los Estados Unidos, Donald Trump.<\/p>\n<p class=\"\">A pesar del buen dato de septiembre, que mejora las expectativas de los economistas, la cifra de creaci\u00f3n de empleo es la m\u00e1s baja en un mes de septiembre desde antes de la pandemia. Lo que carga de razones a aquellos que defienden el deterioro del mercado laboral. En lo que va de a\u00f1o se han creado 684.000 puestos de trabajo, la cifra m\u00e1s baja para los primeros nueve meses desde la pandemia. Para hacerse una idea, los empleos creados hasta septiembre son casi la mitad que el a\u00f1o pasado durante el mismo periodo, cuando se crearon 1.384.000 empleos.<\/p>\n<p class=\"\">La oficina estad\u00edstica ha revisado las cifras de julio y agosto y el resultado confirma lo que muchos esperaban: <a href=\"https:\/\/elpais.com\/internacional\/2025-11-05\/la-economia-de-estados-unidos-se-vacuna-contra-las-turbulencias-de-trump.html\" target=\"_self\" rel=\"nofollow noopener\" title=\"https:\/\/elpais.com\/internacional\/2025-11-05\/la-economia-de-estados-unidos-se-vacuna-contra-las-turbulencias-de-trump.html\">un frenazo en el mercado laboral durante el verano<\/a>. La variaci\u00f3n del empleo no agr\u00edcola en julio se revis\u00f3 a la baja en 7.000 puestos, pasando de 79.000 a 72.000 nuevos empleados, y la variaci\u00f3n de agosto se revis\u00f3 a la baja en 26.000, lo que muestra una destrucci\u00f3n de empleo de 4.000 personas en agosto. \u201dCon estos nuevos datos, la creaci\u00f3n de empleo en julio y agosto fue de 33.000 personas menos de lo informado anteriormente\u00bb, explica el organismo. <\/p>\n<p class=\"\">Los economistas y analistas esperaban el dato con expectaci\u00f3n porque el cierre del Gobierno federal <a href=\"https:\/\/elpais.com\/economia\/2025-10-31\/el-cierre-del-gobierno-de-estados-unidos-sume-al-pais-en-un-apagon-estadistico.html\" target=\"_self\" rel=\"nofollow noopener\" title=\"https:\/\/elpais.com\/economia\/2025-10-31\/el-cierre-del-gobierno-de-estados-unidos-sume-al-pais-en-un-apagon-estadistico.html\">durante 43 d\u00edas, el m\u00e1s largo de la historia, sumi\u00f3 al pa\u00eds en un apag\u00f3n <\/a>estad\u00edstico y retras\u00f3 la publicaci\u00f3n de los principales par\u00e1metros que ayudan a interpretar la situaci\u00f3n econ\u00f3mica. La cifra de creaci\u00f3n de empleo de septiembre llega, pues, con seis semanas de retraso. El cerrojazo administrativo durante todo octubre y casi la mitad de noviembre ha afectado a la recopilaci\u00f3n de los datos de octubre. La Casa Blanca admiti\u00f3 que en las pr\u00f3ximas publicaciones habr\u00e1 un salto estad\u00edstico que afectar\u00e1 a las cifras de empleo.<\/p>\n<p class=\"\">La tasa de desempleo volvi\u00f3 a aumentar en abril, hasta el 4,4%. Hay que remontarse a octubre de 2021, en plena pandemia, para encontrar una tasa de paro mayor. La oficina estad\u00edstica estima que en abril hab\u00eda 7,6 millones de desempleados, la mayor cifra desde septiembre de 2021, cuando la crisis del covid provoc\u00f3 el cierre de m\u00faltiples empresas. Desde el pasado enero, cuando Trump volvi\u00f3 a la Casa Blanca para su segundo mandato, unas 730.000 personas m\u00e1s engrosan las listas del paro.<\/p>\n<p class=\"\">\u201cEl empleo sigui\u00f3 aumentando en los sectores de la salud, alimentaci\u00f3n y supermercados, la restauraci\u00f3n y los servicios sociales. Por el contrario, se produjeron p\u00e9rdidas de empleo en el transporte, el almacenamiento y en el gobierno federal\u201d, explica la oficina federal dependiente del Departamento de Trabajo en un comunicado.<\/p>\n<p class=\"\">\u201cEntre los principales grupos de trabajadores, las tasas de desempleo para las mujeres adultas (4,2%) y los asi\u00e1ticos (4,4%) fueron las m\u00e1s altas. Las tasas de desempleo para hombres adultos (4,0%) y adolescentes (13,2%) aumentaron en septiembre\u201d, explica la oficina estad\u00edstica.<\/p>\n<p class=\"\">El empleo en el gobierno federal continu\u00f3 disminuyendo en septiembre (3.000) y se sit\u00faa en 97.000 puestos menos desde que alcanz\u00f3 su punto m\u00e1ximo en enero. Los empleados con licencia remunerada o que reciben una indemnizaci\u00f3n por despido continua son contabilizados como empleados en la encuesta de establecimientos. <\/p>\n","protected":false},"excerpt":{"rendered":"La econom\u00eda de Estados Unidos mantiene un crecimiento aparentemente s\u00f3lido, pero el mercado laboral comienza a ofrecer s\u00edntomas&hellip;\n","protected":false},"author":2,"featured_media":246640,"comment_status":"","ping_status":"","sticky":false,"template":"","format":"standard","meta":{"footnotes":""},"categories":[80],"tags":[82,4329,12106,8353,352,95,94,5509,62909,32409,53628,25,24,629,7100,23],"class_list":{"0":"post-246639","1":"post","2":"type-post","3":"status-publish","4":"format-standard","5":"has-post-thumbnail","7":"category-economia","8":"tag-business","9":"tag-casa-blanca","10":"tag-congreso-eeuu","11":"tag-coyuntura-economica","12":"tag-donald-trump","13":"tag-economia","14":"tag-economy","15":"tag-empleo","16":"tag-empleo-fijo","17":"tag-empleo-privado","18":"tag-empleo-publico","19":"tag-es","20":"tag-espana","21":"tag-estados-unidos","22":"tag-mercado-laboral","23":"tag-spain"},"share_on_mastodon":{"url":"","error":""},"_links":{"self":[{"href":"https:\/\/www.europesays.com\/es\/wp-json\/wp\/v2\/posts\/246639","targetHints":{"allow":["GET"]}}],"collection":[{"href":"https:\/\/www.europesays.com\/es\/wp-json\/wp\/v2\/posts"}],"about":[{"href":"https:\/\/www.europesays.com\/es\/wp-json\/wp\/v2\/types\/post"}],"author":[{"embeddable":true,"href":"https:\/\/www.europesays.com\/es\/wp-json\/wp\/v2\/users\/2"}],"replies":[{"embeddable":true,"href":"https:\/\/www.europesays.com\/es\/wp-json\/wp\/v2\/comments?post=246639"}],"version-history":[{"count":0,"href":"https:\/\/www.europesays.com\/es\/wp-json\/wp\/v2\/posts\/246639\/revisions"}],"wp:featuredmedia":[{"embeddable":true,"href":"https:\/\/www.europesays.com\/es\/wp-json\/wp\/v2\/media\/246640"}],"wp:attachment":[{"href":"https:\/\/www.europesays.com\/es\/wp-json\/wp\/v2\/media?parent=246639"}],"wp:term":[{"taxonomy":"category","embeddable":true,"href":"https:\/\/www.europesays.com\/es\/wp-json\/wp\/v2\/categories?post=246639"},{"taxonomy":"post_tag","embeddable":true,"href":"https:\/\/www.europesays.com\/es\/wp-json\/wp\/v2\/tags?post=246639"}],"curies":[{"name":"wp","href":"https:\/\/api.w.org\/{rel}","templated":true}]}}