{"id":246645,"date":"2025-11-20T16:40:15","date_gmt":"2025-11-20T16:40:15","guid":{"rendered":"https:\/\/www.europesays.com\/es\/246645\/"},"modified":"2025-11-20T16:40:15","modified_gmt":"2025-11-20T16:40:15","slug":"el-gobierno-reconoce-en-asturias-a-70-trabajadoras-y-trabajadores-como-victimas-de-la-guerra-y-la-dictadura","status":"publish","type":"post","link":"https:\/\/www.europesays.com\/es\/246645\/","title":{"rendered":"El Gobierno reconoce en Asturias a 70 trabajadoras y trabajadores como v\u00edctimas de la Guerra y la dictadura"},"content":{"rendered":"<p class=\"main-image\">&#13; <img decoding=\"async\" alt=\"El ministro de Pol\u00edtica Territorial y Memoria Democr\u00e1tica, \u00c1ngel V\u00edctor Torres, y el presidente del Principado, Adri\u00e1n Barb\u00f3n, d\" title=\"El ministro de Pol\u00edtica Territorial y Memoria Democr\u00e1tica, \u00c1ngel V\u00edctor Torres, y el presidente del Principado, Adri\u00e1n Barb\u00f3n, d\" src=\"https:\/\/www.europesays.com\/es\/wp-content\/uploads\/2025\/11\/201125-torres-bardon.jpg\"\/>&#13;El ministro de Pol\u00edtica Territorial y Memoria Democr\u00e1tica, \u00c1ngel V\u00edctor Torres, y el presidente del Principado, Adri\u00e1n Barb\u00f3n, durante de reconocimiento a las 70 v\u00edctimas.&#13;&#13;<\/p>\n<p>\u00c1ngel V\u00edctor Torres ha presidido, en San Mart\u00edn del Rey Aurelio (Asturias), junto al presidente del Principado, Adri\u00e1n Barb\u00f3n, el acto de entrega de 70 declaraciones de Reconocimiento y Reparaci\u00f3n a trabajadores y trabajadoras v\u00edctimas de la Guerra y la dictadura.<\/p>\n<p>Torres ha destacado que, con este homenaje, se salda una deuda con los obreros y obreras, que fueron, durante muchos a\u00f1os, \u00ablos grandes olvidados. Sus historias fueron silenciadas y ocultadas, incluso, en el seno de sus propios hogares, atenazados por el miedo\u00bb.<\/p>\n<p>El ministro, ha recordado que las personas reconocidas hoy \u00abayudaron a construir una Espa\u00f1a republicana, avanzada para su tiempo; demasiado, quiz\u00e1, para los sublevados, que vieron amenazados sus privilegios y los de quienes les sosten\u00edan\u00bb.<\/p>\n<p>Entre las v\u00edctimas que han recibido su declaraci\u00f3n en esta ocasi\u00f3n hay alba\u00f1iles, enfermeras, barberos, jornaleros o tenderos, pero, sobre todo, mineros. En este colectivo ha querido detenerse \u00c1ngel V\u00edctor Torres. \u00abHoradaron la f\u00e9rrea estructura del franquismo, con sus huelgas y sus manifestaciones, ejemplo e inspiraci\u00f3n para todas aquellas personas y organizaciones que plantaron cara al totalitarismo\u00bb, ha indicado el ministro, que ha estado acompa\u00f1ado por el secretario de Estado de Memoria Democr\u00e1tica, Fernando Mart\u00ednez; la delegada del Gobierno en Asturias, Adriana Lastra; la directora general de Atenci\u00f3n a las V\u00edctimas, Zoraida Hijosa; el alcalde, Jos\u00e9 Ram\u00f3n Mart\u00edn; entre otras autoridades; adem\u00e1s de por Jos\u00e9 Ram\u00f3n Fern\u00e1ndez, presidente de la Asociaci\u00f3n Memorialista de Asturias.<\/p>\n<p>Torres ha querido concluir agradeciendo a las v\u00edctimas y sus familiares su sacrificio, por haber contribuido a construir \u00abel pa\u00eds que ahora somos\u00bb, y por poner \u00abla simiente de nuestra democracia\u00bb. Adem\u00e1s ha animado a no desfallecer en la defensa de las libertades, ante el avance de posturas pol\u00edticas \u00abnost\u00e1lgicas del autoritarismo\u00bb.<\/p>\n","protected":false},"excerpt":{"rendered":"&#13; &#13;El ministro de Pol\u00edtica Territorial y Memoria Democr\u00e1tica, \u00c1ngel V\u00edctor Torres, y el presidente del Principado, Adri\u00e1n&hellip;\n","protected":false},"author":2,"featured_media":246646,"comment_status":"","ping_status":"","sticky":false,"template":"","format":"standard","meta":{"footnotes":""},"categories":[5],"tags":[517,17,18,25,24,13,14,11,19,20,9,10,15,16,62910,2330,23,12,21,22],"class_list":{"0":"post-246645","1":"post","2":"type-post","3":"status-publish","4":"format-standard","5":"has-post-thumbnail","7":"category-titulares","8":"tag-actualidad","9":"tag-breaking-news","10":"tag-breakingnews","11":"tag-es","12":"tag-espana","13":"tag-featured-news","14":"tag-featurednews","15":"tag-headlines","16":"tag-latest-news","17":"tag-latestnews","18":"tag-news","19":"tag-noticias","20":"tag-noticias-destacadas","21":"tag-noticiasdestacadas","22":"tag-politica-territorial-y-memoria-democratica","23":"tag-prensa","24":"tag-spain","25":"tag-titulares","26":"tag-ultimas-noticias","27":"tag-ultimasnoticias"},"share_on_mastodon":{"url":"https:\/\/pubeurope.com\/@es\/115583020434297283","error":""},"_links":{"self":[{"href":"https:\/\/www.europesays.com\/es\/wp-json\/wp\/v2\/posts\/246645","targetHints":{"allow":["GET"]}}],"collection":[{"href":"https:\/\/www.europesays.com\/es\/wp-json\/wp\/v2\/posts"}],"about":[{"href":"https:\/\/www.europesays.com\/es\/wp-json\/wp\/v2\/types\/post"}],"author":[{"embeddable":true,"href":"https:\/\/www.europesays.com\/es\/wp-json\/wp\/v2\/users\/2"}],"replies":[{"embeddable":true,"href":"https:\/\/www.europesays.com\/es\/wp-json\/wp\/v2\/comments?post=246645"}],"version-history":[{"count":0,"href":"https:\/\/www.europesays.com\/es\/wp-json\/wp\/v2\/posts\/246645\/revisions"}],"wp:featuredmedia":[{"embeddable":true,"href":"https:\/\/www.europesays.com\/es\/wp-json\/wp\/v2\/media\/246646"}],"wp:attachment":[{"href":"https:\/\/www.europesays.com\/es\/wp-json\/wp\/v2\/media?parent=246645"}],"wp:term":[{"taxonomy":"category","embeddable":true,"href":"https:\/\/www.europesays.com\/es\/wp-json\/wp\/v2\/categories?post=246645"},{"taxonomy":"post_tag","embeddable":true,"href":"https:\/\/www.europesays.com\/es\/wp-json\/wp\/v2\/tags?post=246645"}],"curies":[{"name":"wp","href":"https:\/\/api.w.org\/{rel}","templated":true}]}}