{"id":246652,"date":"2025-11-20T16:51:23","date_gmt":"2025-11-20T16:51:23","guid":{"rendered":"https:\/\/www.europesays.com\/es\/246652\/"},"modified":"2025-11-20T16:51:23","modified_gmt":"2025-11-20T16:51:23","slug":"la-seguridad-del-museo-de-louvre-volvio-a-fallar-tras-la-accion-de-estos-tiktokers","status":"publish","type":"post","link":"https:\/\/www.europesays.com\/es\/246652\/","title":{"rendered":"La seguridad del Museo de Louvre volvi\u00f3 a fallar tras la acci\u00f3n de estos tiktokers"},"content":{"rendered":"<p>El <strong>Museo de Louvre de Par\u00eds<\/strong> ha vuelto al centro del debate despu\u00e9s de un episodio que <strong>dej\u00f3 al museo m\u00e1s vigilado del mundo<\/strong> frente a sus propias grietas. <\/p>\n<p>M\u00e1s noticias<\/p>\n<p><strong>Dos j\u00f3venes belgas<\/strong> desafiaron su seguridad y <strong>dejaron un retrato suyo<\/strong> en la sala donde se exhibe <strong>La Gioconda<\/strong>, seg\u00fan informa <a href=\"https:\/\/www.elnacional.com\/2025\/11\/tiktokers-burlaron-la-seguridad-del-louvre-y-colgaron-un-cuadro-suyo\/\" target=\"_blank\" rel=\"noreferrer noopener nofollow\">El Nacional<\/a>.<\/p>\n<p><strong>\ud83c\udfa8 Louvre: el momento que nadie esperaba<\/strong><\/p>\n<p><strong><a href=\"https:\/\/www.tiktok.com\/@neal_senne\" target=\"_blank\" rel=\"noreferrer noopener nofollow\">Nick y Senne<\/a><\/strong>, conocidos por sus <strong>bromas en redes<\/strong>, planearon esta acci\u00f3n con detalle. <\/p>\n<p><a href=\"https:\/\/www.antena3.com\/noticias\/mundo\/dos-tiktokers-esquivan-seguridad-louvre-cuelgan-retrato-suyo-sala-mona-lisa_20251118691c1e32360d0840bce64488.html\" target=\"_blank\" rel=\"noreferrer noopener nofollow\">Antena 3 <\/a>explica que<strong> llegaron con una bolsa de compra<\/strong> que ocultaba un retrato desmontado y <strong>un marco hecho con piezas de Lego.<\/strong><\/p>\n<p><strong>El Louvre ya se encontraba bajo presi\u00f3n<\/strong> desde el <strong>robo de joyas de la Corona francesa<\/strong> el pasado domingo 19 de octubre de 2025, recuerda El Nacional. <\/p>\n<p>Ese antecedente<strong> aliment\u00f3 el impacto cuando el video de los j\u00f3venes sali\u00f3 a la luz.<\/strong><\/p>\n<blockquote class=\"tiktok-embed\" cite=\"https:\/\/www.tiktok.com\/@neal_senne\/video\/7572239614585441568\" data-video-id=\"7572239614585441568\" style=\"max-width: 605px;min-width: 325px;\"><p>  <a target=\"_blank\" title=\"@neal_senne\" href=\"https:\/\/www.tiktok.com\/@neal_senne?refer=embed\" rel=\"nofollow noopener\">@neal_senne<\/a> Ons Schilderij In Louvre Hangen \ud83d\uddbc\ufe0f\ud83c\uddeb\ud83c\uddf7 <a title=\"fyp\" target=\"_blank\" href=\"https:\/\/www.tiktok.com\/tag\/fyp?refer=embed\" rel=\"nofollow noopener\">#fyp<\/a> <a title=\"fy\" target=\"_blank\" href=\"https:\/\/www.tiktok.com\/tag\/fy?refer=embed\" rel=\"nofollow noopener\">#fy<\/a> <a title=\"voorjou\" target=\"_blank\" href=\"https:\/\/www.tiktok.com\/tag\/voorjou?refer=embed\" rel=\"nofollow noopener\">#voorjou<\/a> <a title=\"foryou\" target=\"_blank\" href=\"https:\/\/www.tiktok.com\/tag\/foryou?refer=embed\" rel=\"nofollow noopener\">#foryou<\/a> <a title=\"viral\" target=\"_blank\" href=\"https:\/\/www.tiktok.com\/tag\/viral?refer=embed\" rel=\"nofollow noopener\">#viral<\/a> <a target=\"_blank\" title=\"\u266c origineel geluid - Neal &amp; Senne\" href=\"https:\/\/www.tiktok.com\/music\/origineel-geluid-7572239657702902560?refer=embed\" rel=\"nofollow noopener\">\u266c origineel geluid \u2013 Neal &amp; Senne<\/a>  <\/p><\/blockquote>\n<p> <strong>\ud83e\udde9 Una idea imposible\u2026 hasta que ocurri\u00f3<\/strong><\/p>\n<p><strong>Los tiktokers entraron una hora antes del cierre<\/strong> y se movieron hacia <strong>una zona menos vigilada<\/strong>. <\/p>\n<p>Antena 3 detalla que <strong>ensamblaron el marco en segundos<\/strong> y pegaron la imagen en una pared lateral de la <strong>Sala de los Estados.<\/strong><\/p>\n<p>Su objetivo era <strong>colocar el retrato junto a la Mona Lisa<\/strong>, pero vieron demasiados guardias. <\/p>\n<p>Por eso <strong>eligieron una pared cercana <\/strong>que les daba segundos valiosos antes de retirarse sin esperar reacci\u00f3n.<\/p>\n<p><strong>No te pierdas de\u00a0leer: <\/strong><a href=\"https:\/\/www.elcomercio.com\/tendencias\/karol-g-enciende-rumores-tras-adelanto-de-unica\/\" target=\"_blank\" rel=\"noreferrer noopener nofollow\">Karol G enciende rumores tras adelanto de \u00danica<\/a><\/p>\n<p><strong>\ud83d\udeb6\u200d\u2642\ufe0f\ud83d\udeb6\u200d\u2642\ufe0f Una huida silenciosa que dej\u00f3 preguntas<\/strong><\/p>\n<p>Los belgas contaron que <strong>no quer\u00edan provocar<\/strong>. El Nacional se\u00f1ala que <strong>se marcharon de inmediato<\/strong>, como ya hicieron antes en el <strong>Museo de Bellas Artes de Gante<\/strong>.<\/p>\n<p><strong>Su acci\u00f3n volvi\u00f3 viral la conversaci\u00f3n sobre la fragilidad del Louvre<\/strong>. <\/p>\n<p>Antena 3 recuerda que <strong>varios legisladores franceses cuestionaron su seguridad<\/strong> desde el reciente robo millonario.<\/p>\n<p><strong>\ud83d\udca5 El museo enfrenta un nuevo golpe<\/strong><\/p>\n<p><strong>Los empleados retiraron el retrato sin da\u00f1os<\/strong>, pero el efecto ya estaba en marcha. <\/p>\n<p>Las redes ya comentan el episodio mientras <strong>el video ha alcanzado miles de reproducciones en TikTok.<\/strong><\/p>\n<p><strong>El Louvre evaluar\u00eda acciones legales por introducir objetos no autorizados <\/strong>y alterar el entorno expositivo, seg\u00fan Antena 3. <\/p>\n<p>El debate creci\u00f3 justo cuando <strong>el museo anunci\u00f3 el cierre de parte del cuadril\u00e1tero Sully<\/strong> por problemas estructurales, informa El Nacional.<\/p>\n<p><strong>Te puede interesar: <\/strong><a href=\"https:\/\/www.elcomercio.com\/tendencias\/selena-quintanilla-la-autopsia-y-netflix-reabren-su-legado\/\" target=\"_blank\" rel=\"noreferrer noopener nofollow\">Selena Quintanilla, la autopsia y Netflix reabren su legado<\/a><\/p>\n<p>Te recomendamos:\u00a0\u00a0  <script async src=\"\/\/www.tiktok.com\/embed.js\"><\/script><\/p>\n","protected":false},"excerpt":{"rendered":"El Museo de Louvre de Par\u00eds ha vuelto al centro del debate despu\u00e9s de un episodio que dej\u00f3&hellip;\n","protected":false},"author":2,"featured_media":246653,"comment_status":"","ping_status":"","sticky":false,"template":"","format":"standard","meta":{"footnotes":""},"categories":[173],"tags":[229,233,231,230,232,234,146,147,25,24,61016,62911,7561,23,5889,62912],"class_list":{"0":"post-246652","1":"post","2":"type-post","3":"status-publish","4":"format-standard","5":"has-post-thumbnail","7":"category-arte-y-diseno","8":"tag-arte","9":"tag-arte-y-diseno","10":"tag-arts","11":"tag-arts-and-design","12":"tag-design","13":"tag-diseno","14":"tag-entertainment","15":"tag-entretenimiento","16":"tag-es","17":"tag-espana","18":"tag-museo-de-louvre","19":"tag-neal-senne","20":"tag-robo","21":"tag-spain","22":"tag-tiktok","23":"tag-tiktokers"},"share_on_mastodon":{"url":"https:\/\/pubeurope.com\/@es\/115583063357523906","error":""},"_links":{"self":[{"href":"https:\/\/www.europesays.com\/es\/wp-json\/wp\/v2\/posts\/246652","targetHints":{"allow":["GET"]}}],"collection":[{"href":"https:\/\/www.europesays.com\/es\/wp-json\/wp\/v2\/posts"}],"about":[{"href":"https:\/\/www.europesays.com\/es\/wp-json\/wp\/v2\/types\/post"}],"author":[{"embeddable":true,"href":"https:\/\/www.europesays.com\/es\/wp-json\/wp\/v2\/users\/2"}],"replies":[{"embeddable":true,"href":"https:\/\/www.europesays.com\/es\/wp-json\/wp\/v2\/comments?post=246652"}],"version-history":[{"count":0,"href":"https:\/\/www.europesays.com\/es\/wp-json\/wp\/v2\/posts\/246652\/revisions"}],"wp:featuredmedia":[{"embeddable":true,"href":"https:\/\/www.europesays.com\/es\/wp-json\/wp\/v2\/media\/246653"}],"wp:attachment":[{"href":"https:\/\/www.europesays.com\/es\/wp-json\/wp\/v2\/media?parent=246652"}],"wp:term":[{"taxonomy":"category","embeddable":true,"href":"https:\/\/www.europesays.com\/es\/wp-json\/wp\/v2\/categories?post=246652"},{"taxonomy":"post_tag","embeddable":true,"href":"https:\/\/www.europesays.com\/es\/wp-json\/wp\/v2\/tags?post=246652"}],"curies":[{"name":"wp","href":"https:\/\/api.w.org\/{rel}","templated":true}]}}