{"id":246656,"date":"2025-11-20T16:59:12","date_gmt":"2025-11-20T16:59:12","guid":{"rendered":"https:\/\/www.europesays.com\/es\/246656\/"},"modified":"2025-11-20T16:59:12","modified_gmt":"2025-11-20T16:59:12","slug":"se-filtra-un-archivo-secreto-de-spacex-y-queda-claro-que-elon-musk-y-la-nasa-tienen-un-grave-problema-entre-manos","status":"publish","type":"post","link":"https:\/\/www.europesays.com\/es\/246656\/","title":{"rendered":"Se filtra un archivo secreto de SpaceX y queda claro que Elon Musk y la NASA tienen un grave problema entre manos"},"content":{"rendered":"\n<ul class=\"bodyList bodyList--unordered\">\n<li class=\"bodyList__item\"><a href=\"https:\/\/www.elconfidencial.com\/tecnologia\/novaceno\/2025-10-21\/nuevo-varapalo-a-elon-musk-la-nasa-cancela-el-starship-para-la-vuelta-a-la-luna_4232366\/\" target=\"_self\" rel=\"nofollow noopener\">Nuevo golpe a Elon Musk: la NASA cancela el Starship para volver a la Luna<\/a><\/li>\n<li class=\"bodyList__item\"><a href=\"https:\/\/profile.google.com\/cp\/CgsvZy8xMjI2ZzRoMA\" target=\"_blank\" rel=\"nofollow noopener\">Sigue a El Confidencial en Google Discover para enterarte de todas las noticias<\/a><\/li>\n<\/ul>\n<p> Una filtraci\u00f3n interna de SpaceX ha puesto de manifiesto un <strong>serio contratiempo para el programa lunar de la NASA<\/strong>, ya que el documento revela que el sistema <a href=\"https:\/\/www.elconfidencial.com\/tecnologia\/2025-03-16\/starship-nave-elon-musk-humanos-viaje-marte-futuro-fecha-desafio_4087109\/\" target=\"_self\" rel=\"nofollow noopener\">Starship<\/a> no podr\u00e1 cumplir los plazos marcados para <a href=\"https:\/\/www.elconfidencial.com\/tecnologia\/novaceno\/2022-11-16\/nasa-artemis-ii-futuro-mision_3484467\/\" target=\"_self\" rel=\"nofollow noopener\">Artemis III<\/a>. Esta informaci\u00f3n deja a Elon Musk frente a un desaf\u00edo t\u00e9cnico que podr\u00eda aplazar de nuevo el regreso tripulado a la superficie lunar, un aspecto cr\u00edtico en un momento de creciente competencia internacional. <\/p>\n<p> El archivo, <a href=\"https:\/\/x.com\/audrey_decker9\/status\/1989352112728510935\" target=\"_blank\" rel=\"nofollow\">hecho p\u00fablico por Politico a trav\u00e9s de la periodista Audrey Decker<\/a>, establece que <strong>SpaceX prev\u00e9 un aterrizaje con astronautas en septiembre de 2028<\/strong>, una fecha significativamente posterior al objetivo de mediados de 2027 fijado por la NASA. De acuerdo con el documento, las pruebas esenciales del proyecto incluyen el repostaje en \u00f3rbita para junio de 2026 y un<strong> alunizaje no tripulado previsto para junio de 2027<\/strong>, maniobras que deben completarse sin incidentes para avanzar hacia la fase tripulada. <\/p>\n<p>            Retrasos acumulados           <\/p>\n<p> La nave Starship contin\u00faa acumulando aplazamientos debido a la complejidad de sus componentes y a la necesidad de demostrar capacidades avanzadas, como <strong>el retorno seguro a la Tierra y el funcionamiento del repostaje orbital<\/strong>. Durante el \u00faltimo a\u00f1o, el veh\u00edculo ha experimentado <a href=\"https:\/\/www.elconfidencial.com\/tecnologia\/2025-01-17\/cohete-starship-spacex-despegar-problemas_4044860\/\" target=\"_self\" rel=\"nofollow noopener\">varios fallos en pruebas clave<\/a>, lo que ha generado dudas sobre su fiabilidad para una misi\u00f3n tan exigente como Artemis III, cuyo objetivo es trasladar astronautas desde la \u00f3rbita lunar hasta el sat\u00e9lite. <\/p>\n<blockquote class=\"twitter-tweet\">\n<p lang=\"en\" dir=\"ltr\">SpaceX\u2019s new tentative schedule for HLS, per internal document I obtained:<br \/>&#8211; Prop transfer June 2026<br \/>&#8211; Uncrewed lunar landing June 2027<br \/>&#8211; Crewed lunar landing Sept 2028<\/p>\n<p>First in POLITICO Pro space newsletter\ud83d\udc47 <a href=\"https:\/\/t.co\/AY5O9vFACv\" rel=\"nofollow\">pic.twitter.com\/AY5O9vFACv<\/a><\/p>\n<p>\u2014 Audrey Decker (@audrey_decker9) <a href=\"https:\/\/twitter.com\/audrey_decker9\/status\/1989352112728510935?ref_src=twsrc%5Etfw\" rel=\"nofollow noopener\" target=\"_blank\">November 14, 2025<\/a><\/p><\/blockquote>\n<p> La situaci\u00f3n ha provocado que la agencia espacial estadounidense considere alternativas para garantizar la continuidad del programa. Semanas atr\u00e1s, el administrador interino <a href=\"https:\/\/www.cnbc.com\/2025\/10\/20\/nasa-duffy-spacex-artemis-moon-landing.html\" target=\"_blank\" rel=\"nofollow noopener\">Sean Duffy declar\u00f3<\/a> que la instituci\u00f3n estaba dispuesta a estudiar nuevas opciones para el m\u00f3dulo de aterrizaje, afirmando: \u00ab<strong>Las grandes empresas no deber\u00edan tener miedo a los desaf\u00edos<\/strong>\u00ab. Sus palabras abr\u00edan la puerta a una competencia m\u00e1s intensa dentro del programa Artemis. <\/p>\n<p>            Una situaci\u00f3n tensa           <\/p>\n<p> Las declaraciones de Duffy <a href=\"https:\/\/www.elconfidencial.com\/tecnologia\/2025-10-22\/elon-musk-director-nasa-dos-digitos-1qrt_4232771\/\" target=\"_self\" rel=\"nofollow noopener\">no fueron bien recibidas por Musk<\/a>, que respondi\u00f3 en redes sociales con cr\u00edticas dirigidas al responsable de la agencia, a quien calific\u00f3 como \u00abSean Dummy\u00bb (dummy puede traducirse al espa\u00f1ol como \u00abtonto\u00bb o \u00abin\u00fatil\u00bb) <a href=\"https:\/\/x.com\/elonmusk\/status\/1980657620160860501\" target=\"_blank\" rel=\"nofollow\">antes de a\u00f1adir<\/a>: \u00abLa persona responsable del programa espacial estadounidense no puede tener un coeficiente intelectual de dos d\u00edgitos\u00bb. Estos mensajes generaron un <strong>notable impacto medi\u00e1tico<\/strong> y evidenciaron el clima de tensi\u00f3n entre ambas partes en un momento clave del proyecto lunar. <\/p>\n<p>              <img decoding=\"async\" class=\"inTextNews__img\" alt=\"Foto: elon-musk-director-nasa-dos-digitos-1qrt\" src=\"https:\/\/www.europesays.com\/es\/wp-content\/uploads\/2025\/11\/f.elconfidencial.com\/original\/25e\/802\/0af\/25e8020afb94c45e890a9f42417ca475.jpg\"  \/>     <\/p>\n<p>TE PUEDE INTERESAR<\/p>\n<p>      <a class=\"inTextNews__title\" href=\"https:\/\/www.elconfidencial.com\/tecnologia\/2025-10-22\/elon-musk-director-nasa-dos-digitos-1qrt_4232771\/\" onclick=\"window.ECCO.emit(&#039;amplitude&#039;, { dataEventName: &#039;click_related_article_module&#039;, data: { related_article_url: &#039;https:\/\/www.elconfidencial.com\/tecnologia\/2025-10-22\/elon-musk-director-nasa-dos-digitos-1qrt_4232771\/&#039;, related_article_author: &#039;R. Badillo&#039;, related_article_section: &#039;tecnologia&#039; } })\" rel=\"nofollow noopener\" target=\"_blank\"> Elon Musk desata su ira contra el director de la NASA: \u00abTiene un coeficiente intelectual de dos d\u00edgitos\u00bb <\/a>   <\/p>\n<p>    R. Badillo   <\/p>\n<p> Mientras tanto, <a href=\"https:\/\/www.elconfidencial.com\/tecnologia\/2025-11-14\/blue-origin-new-glenn-marte-nasa-1tps_4247232\/\" target=\"_self\" rel=\"nofollow noopener\">la compa\u00f1\u00eda Blue Origin<\/a> contin\u00faa trabajando en su m\u00f3dulo Blue Moon, que se perfila como alternativa para las futuras misiones de alunizaje. Aunque la empresa mantiene un perfil discreto, se espera que realice <strong>una prueba espacial durante la primera mitad del pr\u00f3ximo a\u00f1o<\/strong>, lo que la posicionar\u00eda como una opci\u00f3n viable ante posibles cambios en la planificaci\u00f3n del programa Artemis. <\/p>\n<p> La combinaci\u00f3n de retrasos t\u00e9cnicos y diferencias estrat\u00e9gicas <strong>ha obligado a la NASA a replantear el avance del programa lunar<\/strong>, que ya experiment\u00f3 <a href=\"https:\/\/www.elconfidencial.com\/tecnologia\/novaceno\/2022-11-15\/por-que-los-frecuentes-retrasos-de-la-mision-artemis-son-una-buena-noticia_3523593\/\" target=\"_self\" rel=\"nofollow noopener\">aplazamientos en fases previas<\/a> por cuestiones relacionadas con el traje espacial y el escudo t\u00e9rmico de la c\u00e1psula Orion. En este escenario, la posibilidad de ampliar la colaboraci\u00f3n con empresas como Blue Origin cobra mayor relevancia, especialmente ante el <a href=\"https:\/\/www.elconfidencial.com\/tecnologia\/novaceno\/2025-04-23\/china-astronautas-luna-eeuu-artemis_4114709\/\" target=\"_self\" rel=\"nofollow noopener\">ritmo cada vez m\u00e1s acelerado de la exploraci\u00f3n espacial china<\/a>. <\/p>\n<p>         <script async src=\"https:\/\/platform.twitter.com\/widgets.js\" charset=\"utf-8\"><\/script><\/p>\n","protected":false},"excerpt":{"rendered":"Nuevo golpe a Elon Musk: la NASA cancela el Starship para volver a la Luna Sigue a El&hellip;\n","protected":false},"author":2,"featured_media":246657,"comment_status":"","ping_status":"","sticky":false,"template":"","format":"standard","meta":{"footnotes":""},"categories":[81],"tags":[119,123,124,25,24,117,121,122,23,118,120],"class_list":{"0":"post-246656","1":"post","2":"type-post","3":"status-publish","4":"format-standard","5":"has-post-thumbnail","7":"category-ciencia-y-tecnologia","8":"tag-ciencia","9":"tag-ciencia-y-tecnologia","10":"tag-cienciaytecnologia","11":"tag-es","12":"tag-espana","13":"tag-science","14":"tag-science-and-technology","15":"tag-scienceandtechnology","16":"tag-spain","17":"tag-technology","18":"tag-tecnologia"},"share_on_mastodon":{"url":"https:\/\/pubeurope.com\/@es\/115583095757247440","error":""},"_links":{"self":[{"href":"https:\/\/www.europesays.com\/es\/wp-json\/wp\/v2\/posts\/246656","targetHints":{"allow":["GET"]}}],"collection":[{"href":"https:\/\/www.europesays.com\/es\/wp-json\/wp\/v2\/posts"}],"about":[{"href":"https:\/\/www.europesays.com\/es\/wp-json\/wp\/v2\/types\/post"}],"author":[{"embeddable":true,"href":"https:\/\/www.europesays.com\/es\/wp-json\/wp\/v2\/users\/2"}],"replies":[{"embeddable":true,"href":"https:\/\/www.europesays.com\/es\/wp-json\/wp\/v2\/comments?post=246656"}],"version-history":[{"count":0,"href":"https:\/\/www.europesays.com\/es\/wp-json\/wp\/v2\/posts\/246656\/revisions"}],"wp:featuredmedia":[{"embeddable":true,"href":"https:\/\/www.europesays.com\/es\/wp-json\/wp\/v2\/media\/246657"}],"wp:attachment":[{"href":"https:\/\/www.europesays.com\/es\/wp-json\/wp\/v2\/media?parent=246656"}],"wp:term":[{"taxonomy":"category","embeddable":true,"href":"https:\/\/www.europesays.com\/es\/wp-json\/wp\/v2\/categories?post=246656"},{"taxonomy":"post_tag","embeddable":true,"href":"https:\/\/www.europesays.com\/es\/wp-json\/wp\/v2\/tags?post=246656"}],"curies":[{"name":"wp","href":"https:\/\/api.w.org\/{rel}","templated":true}]}}