{"id":246660,"date":"2025-11-20T17:01:17","date_gmt":"2025-11-20T17:01:17","guid":{"rendered":"https:\/\/www.europesays.com\/es\/246660\/"},"modified":"2025-11-20T17:01:17","modified_gmt":"2025-11-20T17:01:17","slug":"reportaje-5-continentes-80-anos-de-los-juicios-de-nuremberg-germen-del-derecho-penal-internacional","status":"publish","type":"post","link":"https:\/\/www.europesays.com\/es\/246660\/","title":{"rendered":"Reportaje 5 Continentes &#8211; 80 a\u00f1os de los juicios de N\u00faremberg, germen del derecho penal internacional"},"content":{"rendered":"<p>Se cumplen 80 a\u00f1os de los juicios de N\u00faremberg contra la c\u00fapula nazi. Un proceso sin precedentes que sent\u00f3 las bases del derecho penal internacional.<\/p>\n<p>Por primera vez, la responsabilidad reca\u00eda, no sobre el Estado, sino sobre los individuos que tambi\u00e9n, por primera vez, eran juzgados por cr\u00edmenes contra la paz y la humanidad, que no exist\u00edan previamente en las legislaciones nacionales. Ocho d\u00e9cadas despu\u00e9s, sin embargo, la realidad golpea a esa idea que sali\u00f3 de all\u00ed.<\/p>\n<p>Desde la hist\u00f3rica sala 600 donde se celebr\u00f3 ese y otros juicios posteriores contra el nazismo, hablamos con <strong>Nina Lutz<\/strong>, responsable del memorial, y con <strong>Gurgen Petrossian<\/strong>, jusrista de la Academia Internacional de los Principios de N\u00faremberg.<\/p>\n<p>En ese viaje a la ciudad b\u00e1vara, visitamos adem\u00e1s el centro de documentaci\u00f3n del Reichsparteitagsgel\u00e4nde, ubicado a unos pocos kil\u00f3metros del Palacio de Justicia.<\/p>\n<p>En esa superficie de 16.000 metros cuadrados se celebraron entre 1933 y 1938 los congresos anuales del NSDAP. Paradigma entonces de la megaloman\u00eda nazi, hoy en d\u00eda es el museo m\u00e1s visitado de la ciudad y un buen ejemplo de revisi\u00f3n hist\u00f3rica. \u00abNo tiene sentido intentar ignorar o encubrir la Historia; eso nunca ha funcionado y creo que es un mensaje que, sin duda, puede aplicarse a otros lugares, ciudades y pa\u00edses. Porque, tarde o temprano, volver\u00e1 a salir a la luz; la historia no desaparece sin m\u00e1s\u00bb, resalta <strong>Alexanter Schmidt<\/strong>, uno de los responsables de centro.<\/p>\n","protected":false},"excerpt":{"rendered":"Se cumplen 80 a\u00f1os de los juicios de N\u00faremberg contra la c\u00fapula nazi. Un proceso sin precedentes que&hellip;\n","protected":false},"author":2,"featured_media":246661,"comment_status":"","ping_status":"","sticky":false,"template":"","format":"standard","meta":{"footnotes":""},"categories":[42],"tags":[62914,17,18,13,14,62915,11,61,62,63,64,19,20,9,10,15,16,133,1448,62913,1986,1987,12,21,22,65,66,67],"class_list":{"0":"post-246660","1":"post","2":"type-post","3":"status-publish","4":"format-standard","5":"has-post-thumbnail","7":"category-internacional","8":"tag-80-anos-de-los-juicios-de-nuremberg","9":"tag-breaking-news","10":"tag-breakingnews","11":"tag-featured-news","12":"tag-featurednews","13":"tag-germen-del-derecho-penal-internacional","14":"tag-headlines","15":"tag-internacional","16":"tag-international","17":"tag-international-news","18":"tag-internationalnews","19":"tag-latest-news","20":"tag-latestnews","21":"tag-news","22":"tag-noticias","23":"tag-noticias-destacadas","24":"tag-noticiasdestacadas","25":"tag-online","26":"tag-radio","27":"tag-reportajes-5-continentes","28":"tag-rne","29":"tag-rtve-play","30":"tag-titulares","31":"tag-ultimas-noticias","32":"tag-ultimasnoticias","33":"tag-world","34":"tag-world-news","35":"tag-worldnews"},"share_on_mastodon":{"url":"","error":"Validation failed: Text character limit of 500 exceeded"},"_links":{"self":[{"href":"https:\/\/www.europesays.com\/es\/wp-json\/wp\/v2\/posts\/246660","targetHints":{"allow":["GET"]}}],"collection":[{"href":"https:\/\/www.europesays.com\/es\/wp-json\/wp\/v2\/posts"}],"about":[{"href":"https:\/\/www.europesays.com\/es\/wp-json\/wp\/v2\/types\/post"}],"author":[{"embeddable":true,"href":"https:\/\/www.europesays.com\/es\/wp-json\/wp\/v2\/users\/2"}],"replies":[{"embeddable":true,"href":"https:\/\/www.europesays.com\/es\/wp-json\/wp\/v2\/comments?post=246660"}],"version-history":[{"count":0,"href":"https:\/\/www.europesays.com\/es\/wp-json\/wp\/v2\/posts\/246660\/revisions"}],"wp:featuredmedia":[{"embeddable":true,"href":"https:\/\/www.europesays.com\/es\/wp-json\/wp\/v2\/media\/246661"}],"wp:attachment":[{"href":"https:\/\/www.europesays.com\/es\/wp-json\/wp\/v2\/media?parent=246660"}],"wp:term":[{"taxonomy":"category","embeddable":true,"href":"https:\/\/www.europesays.com\/es\/wp-json\/wp\/v2\/categories?post=246660"},{"taxonomy":"post_tag","embeddable":true,"href":"https:\/\/www.europesays.com\/es\/wp-json\/wp\/v2\/tags?post=246660"}],"curies":[{"name":"wp","href":"https:\/\/api.w.org\/{rel}","templated":true}]}}