{"id":246662,"date":"2025-11-20T17:03:17","date_gmt":"2025-11-20T17:03:17","guid":{"rendered":"https:\/\/www.europesays.com\/es\/246662\/"},"modified":"2025-11-20T17:03:17","modified_gmt":"2025-11-20T17:03:17","slug":"portal-de-noticias-del-gobierno-de-canarias-314","status":"publish","type":"post","link":"https:\/\/www.europesays.com\/es\/246662\/","title":{"rendered":"Portal de Noticias del Gobierno de Canarias"},"content":{"rendered":"<blockquote>\n<p>El programa, gestionado junto con la FECAM, impulsa la rehabilitaci\u00f3n, la accesibilidad y la eficiencia energ\u00e9tica en el medio rural<\/p>\n<\/blockquote>\n<p><strong>La Consejer\u00eda de Obras P\u00fablicas, Vivienda y Movilidad del Gobierno de Canarias, a trav\u00e9s del Instituto Canario de la Vivienda (ICAVI), que dirige Antonio Ortega, ha resuelto la convocatoria de ayudas del Programa para combatir la despoblaci\u00f3n en el medio rural del Plan de Vivienda de Canarias 2020 \u2013 2025, que cuenta con un importe global de 5.000.000 de euros, de la que han resultado beneficiarios 43 ayuntamientos, con poblaci\u00f3n inferior a 20.000 habitantes.<\/strong><\/p>\n<p>Estas ayudas, que se enmarcan en el convenio de cooperaci\u00f3n suscrito entre el Instituto Canario de la Vivienda (ICAVI) y la Federaci\u00f3n Canaria de Municipios (FECAM), est\u00e1n dirigidas a fomentar la rehabilitaci\u00f3n de viviendas privadas en los municipios, contribuyendo a mejorar la calidad de vida de los residentes y a fortalecer la permanencia de las familias en el medio rural.<\/p>\n<p>Entre las actuaciones subvencionables se incluyen la rehabilitaci\u00f3n de viviendas aisladas o interiores de edificios, incluyendo reformas para adaptar los hogares a personas con diversidad funcional o movilidad reducida; instalaci\u00f3n de sistemas de dom\u00f3tica que mejoren la accesibilidad y autonom\u00eda de las personas con discapacidad; reformas de cuartos h\u00famedos, en cocinas, ba\u00f1os y aseos, y actuaciones que garanticen condiciones m\u00ednimas de habitabilidad; mejora de la eficiencia energ\u00e9tica, promoviendo viviendas m\u00e1s sostenibles y obras en viviendas aisladas fuera de ordenaci\u00f3n, siempre que permitan su regularizaci\u00f3n.<\/p>\n<p>Con esta iniciativa, el Gobierno de Canarias refuerza su compromiso con la revitalizaci\u00f3n de los municipios rurales, ofreciendo viviendas dignas, accesibles y adaptadas a las necesidades actuales, contribuyendo a frenar la despoblaci\u00f3n del Archipi\u00e9lago.<\/p>\n<p>\u00a0<\/p>\n","protected":false},"excerpt":{"rendered":"El programa, gestionado junto con la FECAM, impulsa la rehabilitaci\u00f3n, la accesibilidad y la eficiencia energ\u00e9tica en el&hellip;\n","protected":false},"author":2,"featured_media":246663,"comment_status":"","ping_status":"","sticky":false,"template":"","format":"standard","meta":{"footnotes":""},"categories":[5],"tags":[17,18,25,24,13,14,11,19,20,9,10,15,16,23,12,21,22],"class_list":{"0":"post-246662","1":"post","2":"type-post","3":"status-publish","4":"format-standard","5":"has-post-thumbnail","7":"category-titulares","8":"tag-breaking-news","9":"tag-breakingnews","10":"tag-es","11":"tag-espana","12":"tag-featured-news","13":"tag-featurednews","14":"tag-headlines","15":"tag-latest-news","16":"tag-latestnews","17":"tag-news","18":"tag-noticias","19":"tag-noticias-destacadas","20":"tag-noticiasdestacadas","21":"tag-spain","22":"tag-titulares","23":"tag-ultimas-noticias","24":"tag-ultimasnoticias"},"share_on_mastodon":{"url":"https:\/\/pubeurope.com\/@es\/115583110526927216","error":""},"_links":{"self":[{"href":"https:\/\/www.europesays.com\/es\/wp-json\/wp\/v2\/posts\/246662","targetHints":{"allow":["GET"]}}],"collection":[{"href":"https:\/\/www.europesays.com\/es\/wp-json\/wp\/v2\/posts"}],"about":[{"href":"https:\/\/www.europesays.com\/es\/wp-json\/wp\/v2\/types\/post"}],"author":[{"embeddable":true,"href":"https:\/\/www.europesays.com\/es\/wp-json\/wp\/v2\/users\/2"}],"replies":[{"embeddable":true,"href":"https:\/\/www.europesays.com\/es\/wp-json\/wp\/v2\/comments?post=246662"}],"version-history":[{"count":0,"href":"https:\/\/www.europesays.com\/es\/wp-json\/wp\/v2\/posts\/246662\/revisions"}],"wp:featuredmedia":[{"embeddable":true,"href":"https:\/\/www.europesays.com\/es\/wp-json\/wp\/v2\/media\/246663"}],"wp:attachment":[{"href":"https:\/\/www.europesays.com\/es\/wp-json\/wp\/v2\/media?parent=246662"}],"wp:term":[{"taxonomy":"category","embeddable":true,"href":"https:\/\/www.europesays.com\/es\/wp-json\/wp\/v2\/categories?post=246662"},{"taxonomy":"post_tag","embeddable":true,"href":"https:\/\/www.europesays.com\/es\/wp-json\/wp\/v2\/tags?post=246662"}],"curies":[{"name":"wp","href":"https:\/\/api.w.org\/{rel}","templated":true}]}}