{"id":246668,"date":"2025-11-20T17:12:10","date_gmt":"2025-11-20T17:12:10","guid":{"rendered":"https:\/\/www.europesays.com\/es\/246668\/"},"modified":"2025-11-20T17:12:10","modified_gmt":"2025-11-20T17:12:10","slug":"el-betis-anuncia-el-alta-competitiva-de-isco-alarcon-antes-del-girona","status":"publish","type":"post","link":"https:\/\/www.europesays.com\/es\/246668\/","title":{"rendered":"El Betis anuncia el alta competitiva de Isco Alarc\u00f3n antes del Girona"},"content":{"rendered":"\n<p>M\u00e1s noticias<\/p>\n<p><a class=\"info_masnoticias\" href=\"https:\/\/www.eldesmarque.com\/futbol\/real-betis\/\" rel=\"nofollow noopener\" target=\"_blank\"><br \/>\nM\u00e1s de<br \/>\nM\u00e1s noticias de<br \/>\nReal Betis<br \/>\n<\/a><\/p>\n<p>\u00abRegresa la magia. El gran capit\u00e1n est\u00e1 de vuelta\u00bb. As\u00ed anunciaba el Betis este jueves, con un v\u00eddeo promocional con los principales capitanes del plantel, el regreso competitivo de Isco Alarc\u00f3n, que, a menos que ocurra algo muy extra\u00f1o, <a href=\"https:\/\/www.eldesmarque.com\/futbol\/real-betis\/20251114\/isco-alarcon-deseo-titularidad-sevilla-betis-derbi_300809427.html\" rel=\"nofollow noopener\" target=\"_blank\">se estrenar\u00e1 en la convocatoria ante el Girona<\/a>.<\/p>\n<p>Porque la idea del &#8217;22&#8217; verdiblanco, tras varias sesiones de entrenamiento con sus compa\u00f1eros, es volver este mismo domingo. El capit\u00e1n b\u00e9tico, como cont\u00e1bamos hace d\u00edas, tiene la intenci\u00f3n de sumar minutos tanto ante el Girona como ante el Utrecht para, despu\u00e9s, poder optar a ser pieza importante en el derbi ante el Sevilla.<\/p>\n<blockquote class=\"twitter-tweet\">\n<p lang=\"es\" dir=\"ltr\">\u00a9\ud83c\udf1f\ud83d\ude4c<\/p>\n<p>Regresa la magia.<\/p>\n<p>El gran capit\u00e1n est\u00e1 de vuelta. <a href=\"https:\/\/t.co\/PyMJssF7SF\" rel=\"nofollow\">pic.twitter.com\/PyMJssF7SF<\/a><\/p>\n<p>\u2014 Real Betis Balompi\u00e9 \ud83c\udf34\ud83d\udc9a (@RealBetis) <a href=\"https:\/\/twitter.com\/RealBetis\/status\/1991533260136976810?ref_src=twsrc%5Etfw\" rel=\"nofollow noopener\" target=\"_blank\">November 20, 2025<\/a><\/p>\n<\/blockquote>\n<p>El malague\u00f1o est\u00e1 convencido de que, aunque ha vivido un largo par\u00f3n competitivo, puede recuperar pronto la forma f\u00edsica y sus compa\u00f1eros, como bien han dejado ver Cucho Hern\u00e1ndez, Marc Bartra y Diego Llorente en sus \u00faltimas declaraciones, est\u00e1n encantados y dispuestos a ayudarle a ello.<\/p>\n<p><img loading=\"lazy\" decoding=\"async\" src=\"https:\/\/www.europesays.com\/es\/wp-content\/uploads\/2025\/11\/img_1046jpg_001.JPG\" width=\"660\" height=\"440\" alt=\"Marc Bartra e Isco Alarc\u00f3n, en la sesi\u00f3n del viernes (Foto: Kiko Hurtado).\"\/><br \/>\nMarc Bartra e Isco Alarc\u00f3n, en la sesi\u00f3n del viernes (Foto: Kiko Hurtado).<\/p>\n<p>El jugador ya coment\u00f3, durante la presentaci\u00f3n de su documental, que se sent\u00eda preparado y que, si as\u00ed lo cre\u00eda Manuel Pellegrini, estaba dispuesto a volver a jugar este mismo fin de semana.<\/p>\n<p>Es por ello que, lo l\u00f3gico, es que Manuel Pellegrini confirme su regreso este viernes en sala de prensa y, posteriormente, incluya su nombre en la lista de convocados, quedando la inc\u00f3gnita de cu\u00e1ntos minutos podr\u00e1 disputar -si as\u00ed lo hace- ante el Girona el domingo.<\/p>\n<p>Grandes noticias para el Betis, que no solo recupera talento, magia y optimismo, sino tambi\u00e9n compromiso, \u00edmpetu y una enorme bolsa de ilusi\u00f3n justo antes de la Navidad, la fecha llamada a los regalos y las buenas nuevas.<\/p>\n<p><script async src=\"https:\/\/platform.twitter.com\/widgets.js\" charset=\"utf-8\"><\/script><\/p>\n","protected":false},"excerpt":{"rendered":"M\u00e1s noticias M\u00e1s de M\u00e1s noticias de Real Betis \u00abRegresa la magia. El gran capit\u00e1n est\u00e1 de vuelta\u00bb.&hellip;\n","protected":false},"author":2,"featured_media":246669,"comment_status":"","ping_status":"","sticky":false,"template":"","format":"standard","meta":{"footnotes":""},"categories":[268],"tags":[168,25,24,280,282,281,23,167],"class_list":{"0":"post-246668","1":"post","2":"type-post","3":"status-publish","4":"format-standard","5":"has-post-thumbnail","7":"category-futbol","8":"tag-deportes","9":"tag-es","10":"tag-espana","11":"tag-football","12":"tag-futbol","13":"tag-soccer","14":"tag-spain","15":"tag-sports"},"share_on_mastodon":{"url":"https:\/\/pubeurope.com\/@es\/115583146532400183","error":""},"_links":{"self":[{"href":"https:\/\/www.europesays.com\/es\/wp-json\/wp\/v2\/posts\/246668","targetHints":{"allow":["GET"]}}],"collection":[{"href":"https:\/\/www.europesays.com\/es\/wp-json\/wp\/v2\/posts"}],"about":[{"href":"https:\/\/www.europesays.com\/es\/wp-json\/wp\/v2\/types\/post"}],"author":[{"embeddable":true,"href":"https:\/\/www.europesays.com\/es\/wp-json\/wp\/v2\/users\/2"}],"replies":[{"embeddable":true,"href":"https:\/\/www.europesays.com\/es\/wp-json\/wp\/v2\/comments?post=246668"}],"version-history":[{"count":0,"href":"https:\/\/www.europesays.com\/es\/wp-json\/wp\/v2\/posts\/246668\/revisions"}],"wp:featuredmedia":[{"embeddable":true,"href":"https:\/\/www.europesays.com\/es\/wp-json\/wp\/v2\/media\/246669"}],"wp:attachment":[{"href":"https:\/\/www.europesays.com\/es\/wp-json\/wp\/v2\/media?parent=246668"}],"wp:term":[{"taxonomy":"category","embeddable":true,"href":"https:\/\/www.europesays.com\/es\/wp-json\/wp\/v2\/categories?post=246668"},{"taxonomy":"post_tag","embeddable":true,"href":"https:\/\/www.europesays.com\/es\/wp-json\/wp\/v2\/tags?post=246668"}],"curies":[{"name":"wp","href":"https:\/\/api.w.org\/{rel}","templated":true}]}}