{"id":246670,"date":"2025-11-20T17:13:20","date_gmt":"2025-11-20T17:13:20","guid":{"rendered":"https:\/\/www.europesays.com\/es\/246670\/"},"modified":"2025-11-20T17:13:20","modified_gmt":"2025-11-20T17:13:20","slug":"esta-foto-es-justo-antes-de-ponerme-a-llorar","status":"publish","type":"post","link":"https:\/\/www.europesays.com\/es\/246670\/","title":{"rendered":"Esta foto es justo antes de ponerme a llorar"},"content":{"rendered":"<p id=\"eOPnyNrWkd\" data-wc=\"68\">Como dice el proverbio japon\u00e9s: <strong>\u201cCae siete veces, lev\u00e1ntate ocho\u201d<\/strong>, y si no, que se lo digan al cantante <a class=\"hm-link ho-link\" href=\"https:\/\/www.hola.com\/tags\/blas-canto\/\" data-mrf-recirculation=\"article-body-link\" rel=\"nofollow noopener\" target=\"_blank\">Blas Cant\u00f3<\/a>. Recordemos que el artista, el pasado verano, tuvo un accidente en el que acab\u00f3 lastim\u00e1ndose el tend\u00f3n de Aquiles. El m\u00fasico, de 34 a\u00f1os, ha decidido compartir con sus seguidores c\u00f3mo han sido estos meses de recuperaci\u00f3n, con alguna que otra imagen que ha generado bastante revuelo.<\/p>\n<p> <img src=\"https:\/\/www.europesays.com\/es\/wp-content\/uploads\/2025\/11\/bf4089dad855-ggggggggggggggggggggggggggggggggg.jpg\"   width=\"768\" height=\"1024\" loading=\"lazy\" decoding=\"async\" alt=\"Imagen del concursante de Tu cara me suena en M\u00e9xico\" fetchpriority=\"auto\" class=\"image ho-image\"\/>Imagen del concursante de Tu cara me suena en M\u00e9xico<\/p>\n<p id=\"eYwoU2jA_q0\" data-wc=\"71\">Antes de nada, conviene recapitular qu\u00e9 le ocurri\u00f3 al joven que se coron\u00f3 vencedor del talent\u00a0musical Tu cara me suena. En agosto de 2025 comunicaba que <strong>se hab\u00eda cortado e<\/strong><strong>l tend\u00f3n de Aquiles<\/strong> con un perfil de metal. \u00abNunca us\u00e9is chanclas para hacer trabajos dom\u00e9sticos duros y, mucho menos, cualquier tipo de reforma\u201d, asegur\u00f3. Adem\u00e1s, el cantante compart\u00eda con todos sus seguidores las im\u00e1genes y la evoluci\u00f3n de ese percance.<\/p>\n<p> <img src=\"https:\/\/www.europesays.com\/es\/wp-content\/uploads\/2025\/11\/5dfdaa3817b1-hhhhhhhhhhhhhhhhhhhhhhh.jpg\"   width=\"768\" height=\"1024\" loading=\"lazy\" decoding=\"async\" alt=\"El m\u00fasico con sus muletas\" fetchpriority=\"auto\" class=\"image ho-image\"\/>\u00a9 blascanto_esEl m\u00fasico con sus muletas<\/p>\n<p id=\"erNqeamq473\" data-wc=\"78\">Pues, recientemente, el que perteneciera al grupo Auryn ha publicado unas im\u00e1genes donde podemos ver el estado en el que se encuentra y c\u00f3mo est\u00e1 viviendo esta etapa. <strong>\u201cEsta ha sido y es mi realidad durante ya casi tres meses:<\/strong> no poder caminar, dolor, frustraci\u00f3n, ca\u00eddas\u2026 La recuperaci\u00f3n de Aquiles es muy lenta\u201d, ha contado. A pesar de reconocer que ha sido un camino arduo, tambi\u00e9n lo ha compaginado con su estancia en tierras mexicanas. \u00a1Su pa\u00eds favorito!<\/p>\n<p> <img src=\"https:\/\/www.europesays.com\/es\/wp-content\/uploads\/2025\/11\/fb8f9f5aecc8-gggggggggggggggggggggggggggggggggggggggggggggggggggggggggggggggggggggggggggggggg.jpg\"   width=\"768\" height=\"1024\" loading=\"lazy\" decoding=\"async\" alt=\"Su experiencia en las pir\u00e1mides\" fetchpriority=\"auto\" class=\"image ho-image\"\/>\u00a9 blascanto_esSu experiencia en las pir\u00e1mides<\/p>\n<p id=\"eBzdpjOeiZe\" data-wc=\"116\">Al artista le ha dado tiempo a hacer de todo, como nos muestra en las im\u00e1genes: desde visitar las pir\u00e1mides \u2014eso s\u00ed, con alg\u00fan que otro imprevisto\u2014 (\u201cMe llevaron en la silla y se atascaba por la gravilla\u201d), hasta comer en restaurantes, cantar e incluso montarse en una bici, donde el cantante experiment\u00f3 otra ca\u00edda que acab\u00f3 entre l\u00e1grimas: \u201cMe alquilaron una bici en Coyoac\u00e1n, se pusieron a los lados,<strong>\u00a0pero en un despiste me ca\u00ed y apoy\u00e9 con el pie malo. Esta foto es justo antes de ponerme a llorar\u201d<\/strong>. Y, c\u00f3mo no, teniendo en cuenta la relaci\u00f3n que el artista tiene con sus proyectos, tambi\u00e9n le ha dado tiempo a promocionar sus retos profesionales.<\/p>\n<p> <img src=\"https:\/\/www.europesays.com\/es\/wp-content\/uploads\/2025\/11\/434b7b8e5547-hhhhhhhhhhh.jpg\"   width=\"768\" height=\"1024\" loading=\"lazy\" decoding=\"async\" alt=\"Blas antes de : \" fetchpriority=\"auto\" class=\"image ho-image\"\/>\u00a9 blascanto_esBlas antes de ponerse  a llorar por la ca\u00edda<\/p>\n<p id=\"eJXM5y0_l8X\" data-wc=\"129\">Los mensajes de cari\u00f1o no se han hecho esperar. Muchos mensajes de apoyo ha recibido el \u201ceurovisivo\u201d por parte de sus fans: \u201c\u00a1Courage! Ser\u00e1 lento, pero vas a recuperarte\u2026\u201d, \u201c\u00a1\u00c1nimo, Blas!\u201d, \u201cNever down!\u201d. Pero no solo ellos han dedicado tiempo a teclear para mostrarle su cari\u00f1o al murciano; compa\u00f1eros suyos de profesi\u00f3n tambi\u00e9n han querido enviarle su apoyo. Beatriz Luengo: \u201c\u00a1Eres lo m\u00e1s!\u201d. El letrista Jos\u00e9 Otero ha celebrado su perseverancia; en palabras del <a class=\"hm-link ho-link\" href=\"https:\/\/www.hola.com\/actualidad\/20230204225744\/jose-otero-entrevista-final-benidorm-fest\/\" data-mrf-recirculation=\"article-body-link\" rel=\"nofollow noopener\" target=\"_blank\">finalista del Benidorm Fest<\/a>: \u201cY si aun as\u00ed nada te ha parado\u2026 imag\u00ednate todo lo que har\u00e1s despu\u00e9s de pasar esto\u2026 imparable\u201d. Otra del gremio que tambi\u00e9n ha aparecido para hacer coro ha sido la actriz de F\u00edsica o Qu\u00edmica, <a class=\"hm-link ho-link\" href=\"https:\/\/www.hola.com\/actualidad\/20251112867018\/angy-fernandez-responde-a-las-declaraciones-de-maxi-iglesias-sobre-el-bullying-en-fisica-o-quimica-si-lo-han-solucionado-por-que-lo-cuenta-ahora\/\" data-mrf-recirculation=\"article-body-link\" rel=\"nofollow noopener\" target=\"_blank\">Angy<\/a>: \u201cDeber\u00edamos hacer un v\u00eddeo cantando de lisiadas\u201d, con el particular humor que la caracteriza.<\/p>\n<p> <img src=\"https:\/\/www.europesays.com\/es\/wp-content\/uploads\/2025\/11\/3cbad0237739-g.png\"   width=\"1024\" height=\"973\" loading=\"lazy\" decoding=\"async\" alt=\"Imagen del protagonista en silla de ruedas\" fetchpriority=\"auto\" class=\"image ho-image\"\/>\u00a9 blascanto_esImagen del protagonista en silla de ruedas<br \/>\nEl humor, su mayor aliado<\/p>\n<p id=\"enIDx-S-6yS\" data-wc=\"93\">El int\u00e9rprete siempre se ha caracterizado por intentar ver las situaciones dif\u00edciles con humor, y este caso no es menos. Recordemos: \u201c\u00a1Todo en orden! Ya me hicieron el Frankenstein y por la ma\u00f1ana me dan el alta\u201d, comentaba en sus redes sociales tras salir del quir\u00f3fano. Adem\u00e1s, todo apunta a que evoluciona tal y como los m\u00e9dicos adelantaron en su d\u00eda: le aseguraron que tardar\u00eda dos meses en poder apoyar los pies en el suelo, hasta cuatro para poder volver a caminar y m\u00e1s de medio a\u00f1o para volver a realizar ejercicio f\u00edsico.<\/p>\n<p> <img src=\"https:\/\/www.europesays.com\/es\/wp-content\/uploads\/2025\/11\/fad1c58ef583-ffffffffffffffffffffffffffffffffffffffff.jpg\"   width=\"768\" height=\"1024\" loading=\"lazy\" decoding=\"async\" alt=\"Foto c\u00f3mica del cantante en redes\" fetchpriority=\"auto\" class=\"image ho-image\"\/>\u00a9 blascanto_esFoto c\u00f3mica del cantante en redes<br \/>\nRenqueante, aunque sin dejar de cantar<\/p>\n<p id=\"eHS70snZJEl\" data-wc=\"121\">A pesar de la complicada situaci\u00f3n en la que se encuentra, el artista sigue componiendo. Y ahora que se acerca la \u00e9poca navide\u00f1a, ha tenido la ocasi\u00f3n de lanzar su nueva canci\u00f3n Desierto en Navidad, un tema en el que le pide a Pap\u00e1 Noel que lo lleve a ver las estrellas y donde, sobre todo, como ocurre a muchas personas en esta \u00e9poca tan significativa, desea <strong>\u201csentir que estoy m\u00e1s cerca de los que me faltan en Navidad\u201d<\/strong>. \u00a0Unas palabras que ahora cobran m\u00e1s sentido que nunca si recordamos que su <a class=\"hm-link ho-link\" href=\"https:\/\/www.hola.com\/actualidad\/20200514167994\/blas-canto-muere-padre\/\" data-mrf-recirculation=\"article-body-link\" rel=\"nofollow noopener\" target=\"_blank\">padre falleci\u00f3 a los 49 a\u00f1os\u00a0<\/a>en 2020: \u201cNadie deber\u00eda irse a los 49 a\u00f1os, pero hoy te decimos adi\u00f3s\u201d, como ya comparti\u00f3 con sus seguidores en redes sociales.\u00a0<\/p>\n<p> <img src=\"https:\/\/www.europesays.com\/es\/wp-content\/uploads\/2025\/11\/db914178d60c-dlu577045218.jpg\"   width=\"682\" height=\"1024\" loading=\"lazy\" decoding=\"async\" alt=\"Blas Cant\u00f3 en el photocall de Cibeles Fashion Week de Madrid en febrero de 2025\" fetchpriority=\"auto\" class=\"image ho-image\"\/>\u00a9 GTRESBlas Cant\u00f3 en el photocall de Cibeles Fashion Week de Madrid en febrero de 2025<\/p>\n","protected":false},"excerpt":{"rendered":"Como dice el proverbio japon\u00e9s: \u201cCae siete veces, lev\u00e1ntate ocho\u201d, y si no, que se lo digan al&hellip;\n","protected":false},"author":2,"featured_media":246671,"comment_status":"","ping_status":"","sticky":false,"template":"","format":"standard","meta":{"footnotes":""},"categories":[174],"tags":[517,27807,255,146,147,25,24,256,185,23],"class_list":{"0":"post-246670","1":"post","2":"type-post","3":"status-publish","4":"format-standard","5":"has-post-thumbnail","7":"category-famosos","8":"tag-actualidad","9":"tag-blas-canto","10":"tag-celebrities","11":"tag-entertainment","12":"tag-entretenimiento","13":"tag-es","14":"tag-espana","15":"tag-famosos","16":"tag-musica","17":"tag-spain"},"share_on_mastodon":{"url":"https:\/\/pubeurope.com\/@es\/115583150902086656","error":""},"_links":{"self":[{"href":"https:\/\/www.europesays.com\/es\/wp-json\/wp\/v2\/posts\/246670","targetHints":{"allow":["GET"]}}],"collection":[{"href":"https:\/\/www.europesays.com\/es\/wp-json\/wp\/v2\/posts"}],"about":[{"href":"https:\/\/www.europesays.com\/es\/wp-json\/wp\/v2\/types\/post"}],"author":[{"embeddable":true,"href":"https:\/\/www.europesays.com\/es\/wp-json\/wp\/v2\/users\/2"}],"replies":[{"embeddable":true,"href":"https:\/\/www.europesays.com\/es\/wp-json\/wp\/v2\/comments?post=246670"}],"version-history":[{"count":0,"href":"https:\/\/www.europesays.com\/es\/wp-json\/wp\/v2\/posts\/246670\/revisions"}],"wp:featuredmedia":[{"embeddable":true,"href":"https:\/\/www.europesays.com\/es\/wp-json\/wp\/v2\/media\/246671"}],"wp:attachment":[{"href":"https:\/\/www.europesays.com\/es\/wp-json\/wp\/v2\/media?parent=246670"}],"wp:term":[{"taxonomy":"category","embeddable":true,"href":"https:\/\/www.europesays.com\/es\/wp-json\/wp\/v2\/categories?post=246670"},{"taxonomy":"post_tag","embeddable":true,"href":"https:\/\/www.europesays.com\/es\/wp-json\/wp\/v2\/tags?post=246670"}],"curies":[{"name":"wp","href":"https:\/\/api.w.org\/{rel}","templated":true}]}}