{"id":246680,"date":"2025-11-20T17:20:12","date_gmt":"2025-11-20T17:20:12","guid":{"rendered":"https:\/\/www.europesays.com\/es\/246680\/"},"modified":"2025-11-20T17:20:12","modified_gmt":"2025-11-20T17:20:12","slug":"inmoa-destaca-el-potencial-de-la-oncothermia-para-el-tratamiento-del-cancer-de-pancreas","status":"publish","type":"post","link":"https:\/\/www.europesays.com\/es\/246680\/","title":{"rendered":"INMOA destaca el potencial de la oncothermia para el tratamiento del c\u00e1ncer de p\u00e1ncreas"},"content":{"rendered":"<p>    MADRID 20 Nov. (EUROPA PRESS) &#8211; <\/p>\n<p>   El Instituto M\u00e9dico de Oncolog\u00eda Avanzada (INMOA) ha destacado el papel de la oncothermia -una terapia avanzada &#8211; en el abordaje del c\u00e1ncer de p\u00e1ncreas, especialmente en pacientes con enfermedad avanzada o resistente a los tratamientos convencionales.<\/p>\n<p>   En el marco del D\u00eda Mundial contra el C\u00e1ncer de P\u00e1ncreas, el Instituto ha indicado que la t\u00e9cnica de hipertermia oncol\u00f3gica localizada utiliza ondas de radiofrecuencia para elevar de manera selectiva la temperatura del tejido tumoral, debilitando las c\u00e9lulas cancerosas y potenciando los efectos de la quimioterapia, radioterapia e inmunoterapia.<\/p>\n<p>   Los tumores m\u00e1s agresivos, como el c\u00e1ncer de p\u00e1ncreas, suelen presentar una vascularizaci\u00f3n muy da\u00f1ada y baja oxigenaci\u00f3n interna. Estas condiciones dificultan la correcta distribuci\u00f3n de la quimioterapia dentro del tumor y reducen la eficacia de la radioterapia, que necesita ox\u00edgeno para impedir la reparaci\u00f3n celular del tejido maligno.<\/p>\n<p>    En este contexto, desde INMOA se\u00f1alan que la hipertermia oncol\u00f3gica act\u00faa de forma complementaria, mejorando la perfusi\u00f3n sangu\u00ednea y la oxigenaci\u00f3n tumoral, lo que facilita una mejor penetraci\u00f3n de los f\u00e1rmacos y una mayor efectividad de la radioterapia.<\/p>\n<p>   La hipertermia electromodulada (&#8216;Oncothermia&#8217; o &#8216;mEHT&#8217;) presenta adem\u00e1s una acci\u00f3n selectiva sobre las c\u00e9lulas malignas, minimizando los efectos secundarios y sin aumentar la toxicidad de los tratamientos convencionales. En algunos casos puede aplicarse como tratamiento principal, y en otros de manera combinada con quimioterapia o radioterapia, potenciando significativamente su eficacia.<\/p>\n<p>    Recientes investigaciones cl\u00ednicas respaldan estos resultados: un estudio con 158 pacientes con c\u00e1ncer de p\u00e1ncreas avanzado y metast\u00e1sico (estadios III y IV) mostr\u00f3 un aumento claro de la supervivencia global y un mayor tiempo libre de progresi\u00f3n en aquellos tratados con quimioterapia m\u00e1s hipertermia electromodulada (CHT + mEHT) frente a los pacientes que recibieron solo quimioterapia. Estos hallazgos confirman el valor terap\u00e9utico de la oncothermia como coadyuvante de gran potencial en el tratamiento de tumores pancre\u00e1ticos avanzados.<\/p>\n","protected":false},"excerpt":{"rendered":"MADRID 20 Nov. (EUROPA PRESS) &#8211; El Instituto M\u00e9dico de Oncolog\u00eda Avanzada (INMOA) ha destacado el papel de&hellip;\n","protected":false},"author":2,"featured_media":246681,"comment_status":"","ping_status":"","sticky":false,"template":"","format":"standard","meta":{"footnotes":""},"categories":[92],"tags":[25,24,165,166,23],"class_list":{"0":"post-246680","1":"post","2":"type-post","3":"status-publish","4":"format-standard","5":"has-post-thumbnail","7":"category-salud","8":"tag-es","9":"tag-espana","10":"tag-health","11":"tag-salud","12":"tag-spain"},"share_on_mastodon":{"url":"https:\/\/pubeurope.com\/@es\/115583177544641483","error":""},"_links":{"self":[{"href":"https:\/\/www.europesays.com\/es\/wp-json\/wp\/v2\/posts\/246680","targetHints":{"allow":["GET"]}}],"collection":[{"href":"https:\/\/www.europesays.com\/es\/wp-json\/wp\/v2\/posts"}],"about":[{"href":"https:\/\/www.europesays.com\/es\/wp-json\/wp\/v2\/types\/post"}],"author":[{"embeddable":true,"href":"https:\/\/www.europesays.com\/es\/wp-json\/wp\/v2\/users\/2"}],"replies":[{"embeddable":true,"href":"https:\/\/www.europesays.com\/es\/wp-json\/wp\/v2\/comments?post=246680"}],"version-history":[{"count":0,"href":"https:\/\/www.europesays.com\/es\/wp-json\/wp\/v2\/posts\/246680\/revisions"}],"wp:featuredmedia":[{"embeddable":true,"href":"https:\/\/www.europesays.com\/es\/wp-json\/wp\/v2\/media\/246681"}],"wp:attachment":[{"href":"https:\/\/www.europesays.com\/es\/wp-json\/wp\/v2\/media?parent=246680"}],"wp:term":[{"taxonomy":"category","embeddable":true,"href":"https:\/\/www.europesays.com\/es\/wp-json\/wp\/v2\/categories?post=246680"},{"taxonomy":"post_tag","embeddable":true,"href":"https:\/\/www.europesays.com\/es\/wp-json\/wp\/v2\/tags?post=246680"}],"curies":[{"name":"wp","href":"https:\/\/api.w.org\/{rel}","templated":true}]}}