{"id":246692,"date":"2025-11-20T17:31:09","date_gmt":"2025-11-20T17:31:09","guid":{"rendered":"https:\/\/www.europesays.com\/es\/246692\/"},"modified":"2025-11-20T17:31:09","modified_gmt":"2025-11-20T17:31:09","slug":"la-espana-de-los-olvidados-se-abona-a-la-epica-y-se-clasifica-para-las-semifinales-de-la-copa-davis-el-mundo","status":"publish","type":"post","link":"https:\/\/www.europesays.com\/es\/246692\/","title":{"rendered":"La Espa\u00f1a de los olvidados se abona a la \u00e9pica y se clasifica para las semifinales de la Copa Davis &#8211; El Mundo"},"content":{"rendered":"<ol>\n<li><a href=\"https:\/\/news.google.com\/rss\/articles\/CBMikwFBVV95cUxPUzVMYktPRGw0bHh1RGhKQXd1ejdhQ3RPUnBzUVJIWDlTY2ZwdjF5NGtsR0NaQnlYUFhqZWJ6ZnNWNVZ5RUVndkRHeHlEWWZrZEttT0t4NEx5VkdEZFZuTl9uTUxBLWhOS2RqZGtqcm53M0IyYXZaUXExV21iZFhTQkJwWFA2MEhnLWxTTWJuSTFPWTjSAZMBQVVfeXFMTklhbGRNVDR6Q2xsVFAyb2d5SUdLSVl2MEtUanZHT01vSE9QRlNtMUFMdUcxeTMtS0Z4cHhDV2JNMEFOWG16OEJFdEQxVkduUThJMDFoWE9LMzB4TFZwY1ZleER4cnhQOHBoWXZyNjZncmlRSWVoTzNqUUhxODBGZTJPZ1hLcDY5Yk5jcGdxaWVzcUFr?oc=5\" target=\"_blank\" rel=\"nofollow noopener\">La Espa\u00f1a de los olvidados se abona a la \u00e9pica y se clasifica para las semifinales de la Copa Davis<\/a>&nbsp;&nbsp;El Mundo<\/li>\n<li><a href=\"https:\/\/news.google.com\/rss\/articles\/CBMi2AFBVV95cUxQb1ZXYUNoWF84Q2dNakNJbjV0aU1sZXA0dVZkZkd2cDFZTXRMMGltNmhGdEJwbTJ4TEd6UVcxckt6dmwwY2RlMmlMaXdmdUI4RkVkcTN6RWkyR3M1Q2lLVDlTUldnSDR3cjdWazFkS2p3akFSUVgxYjVwaW1KdWttOFBqZVdnVTFHVnNBajUzSkt3Zjcxd05xc3pybkpQQ2tuLWRHZHpzalU4M0VqVWZ0dzE3WDE0VmwtRmJZenVyQzRWcW1uWXRmVm5WdXNIcTNKRlIzdW9ZOE7SAdgBQVVfeXFMTlBnbnNFYVl4UHZhR1dnbnhwQlhNUGFuX2FZWGJ0MXBuRkFsYUxULVhLQXI4SUdXVzhUWnE1Y2xMY05fX2twcnN6VTNTNkJZYldpNjExYWhnaHJabUxsVG9WMzV1M0x1ZzFnNFgwbWdkMTE3X0N2ZHpCdlJuaW1ldHRENUlhYmtGV3FIVEQ2aGZFbDllN2puckY0NGNSTG9ReGIzTzlaXzRwdlN1eUtqeE94dHFwdDFRZVVuN3N2cUROSVNXRGR4WWRXajNiSVhKZEgzcFZDYkh4?oc=5\" target=\"_blank\" rel=\"nofollow noopener\">Granollers y Pedro Mart\u00ednez firman la remontada y Espa\u00f1a estar\u00e1 en las semifinales seis a\u00f1os despu\u00e9s<\/a>&nbsp;&nbsp;MARCA<\/li>\n<li><a href=\"https:\/\/news.google.com\/rss\/articles\/CBMizgFBVV95cUxONUgxdTZkNk1IUlppMW9iYWRPTHE5SmZzeTBGR0dNeDBhUFg4Y0dIVjlkb2llWENXNzNGdGQtOXNkWm9WMWFIT05qVGduZ2VKMU03SG1JSHdDX09zbDVOQzFZUVZTWUdHN1p3bXJSeEJsUDdSYWQ3YTVwY2JaNmVHWWVRbTlVcVhPNHFJLV9fRUpUR2ZfYWFabWdpWWgzaGVpb1E2V0RmWUtqbDdHWFM4cnZZVUxNeTJTQW1ocXVGcVJXWEtDMkNLdERlMDVBQdIB0wFBVV95cUxQTkdTcElzYXB6QWkwRThQSWw5aHpTYjkyOXBRZU91WG96QXBQZ0xVU1l0RlcwaGtqSmNha3FsalYyVWNFV3d0akVjVzBKMGs0TlVoQkZjVndhZUMyMnV0bmExMGJDWTF0T0JIYWE5bDdZb0xzdlRzREtmZTRsMUd0cklmVWx1blR0MXpoZHVrdGlTaXVxYU1LOFpqeW9xMWhTbzJtc2pqc1dMTmNSbEwxTEdyZ3VhV2FJTF96V2ZpVjdXTFpMTHo3TFJWLXpMc1dCSG8w?oc=5\" target=\"_blank\" rel=\"nofollow noopener\">La Armada nunca se rinde: el dobles logra la gesta y clasifica a Espa\u00f1a a &#8216;semis&#8217; de Copa Davis<\/a>&nbsp;&nbsp;El Confidencial<\/li>\n<li><a href=\"https:\/\/news.google.com\/rss\/articles\/CBMigAFBVV95cUxObjhmVS1HbVQ3Rmp2Mk5sS0pwdTZVR2NnS0IySXd0M2N5VkRCRzdDQnFERER1U051ZFQ2TTI0NWhGZmVmdnMzYnkzWnJJcmJsZkszZUg4cDVyeHc2UDJobEJ2SDZRanRrQ2Q3OXZMaEpVZ3pwVS1HSW1YRGt5WEFKMdIBlAFBVV95cUxOZGZud3NuczhpVnZZemtxVjZBWlp1WWl2RzJJdG5SYUNLNVNFVXU4Rk8wYU11ZzFfRWdOYmp0MXl1SGNDVVkwM3ZKTW84NHpFUGpjeG1qdVlSU2Zuajk3NFBGM2w1bXBkMWk1Q1ZQRW45ZkFoTnhCUk5oU0ZGc1M3T1VGVEwzUXJobWxQVEFmVGplZWU3?oc=5\" target=\"_blank\" rel=\"nofollow noopener\">Ferrer: \u201cEstoy muy orgulloso, seguimos so\u00f1ando\u201d<\/a>&nbsp;&nbsp;Diario AS<\/li>\n<\/ol>\n","protected":false},"excerpt":{"rendered":"La Espa\u00f1a de los olvidados se abona a la \u00e9pica y se clasifica para las semifinales de la&hellip;\n","protected":false},"author":2,"featured_media":246693,"comment_status":"","ping_status":"","sticky":false,"template":"","format":"standard","meta":{"footnotes":""},"categories":[274],"tags":[13877,168,62917,25,24,23,167,327,326],"class_list":{"0":"post-246692","1":"post","2":"type-post","3":"status-publish","4":"format-standard","5":"has-post-thumbnail","7":"category-tenis","8":"tag-copa-davis","9":"tag-deportes","10":"tag-deportes-tenis-copa-davis","11":"tag-es","12":"tag-espana","13":"tag-spain","14":"tag-sports","15":"tag-tenis","16":"tag-tennis"},"share_on_mastodon":{"url":"https:\/\/pubeurope.com\/@es\/115583220795579237","error":""},"_links":{"self":[{"href":"https:\/\/www.europesays.com\/es\/wp-json\/wp\/v2\/posts\/246692","targetHints":{"allow":["GET"]}}],"collection":[{"href":"https:\/\/www.europesays.com\/es\/wp-json\/wp\/v2\/posts"}],"about":[{"href":"https:\/\/www.europesays.com\/es\/wp-json\/wp\/v2\/types\/post"}],"author":[{"embeddable":true,"href":"https:\/\/www.europesays.com\/es\/wp-json\/wp\/v2\/users\/2"}],"replies":[{"embeddable":true,"href":"https:\/\/www.europesays.com\/es\/wp-json\/wp\/v2\/comments?post=246692"}],"version-history":[{"count":0,"href":"https:\/\/www.europesays.com\/es\/wp-json\/wp\/v2\/posts\/246692\/revisions"}],"wp:featuredmedia":[{"embeddable":true,"href":"https:\/\/www.europesays.com\/es\/wp-json\/wp\/v2\/media\/246693"}],"wp:attachment":[{"href":"https:\/\/www.europesays.com\/es\/wp-json\/wp\/v2\/media?parent=246692"}],"wp:term":[{"taxonomy":"category","embeddable":true,"href":"https:\/\/www.europesays.com\/es\/wp-json\/wp\/v2\/categories?post=246692"},{"taxonomy":"post_tag","embeddable":true,"href":"https:\/\/www.europesays.com\/es\/wp-json\/wp\/v2\/tags?post=246692"}],"curies":[{"name":"wp","href":"https:\/\/api.w.org\/{rel}","templated":true}]}}