{"id":246694,"date":"2025-11-20T17:32:08","date_gmt":"2025-11-20T17:32:08","guid":{"rendered":"https:\/\/www.europesays.com\/es\/246694\/"},"modified":"2025-11-20T17:32:08","modified_gmt":"2025-11-20T17:32:08","slug":"emiratos-despide-a-osama-al-shafar","status":"publish","type":"post","link":"https:\/\/www.europesays.com\/es\/246694\/","title":{"rendered":"Emiratos despide a Osama Al Shafar"},"content":{"rendered":"<p data-mrf-recirculation=\"Links P\u00e1rrafos\" class=\"ue-c-article__paragraph paragraph ue-c-article--first-letter-highlighted\">El mundo del ciclismo amaneci\u00f3 este jueves con la triste noticia del fallecimiento de <strong>Osama Al Shafar,<\/strong> una de las figuras m\u00e1s influyentes en el desarrollo y profesionalizaci\u00f3n del ciclismo en los Emiratos \u00c1rabes Unidos y en buena parte del continente asi\u00e1tico. El <strong>UAE Team Emirates<\/strong>, estructura referente del pa\u00eds y uno de los grandes equipos del pelot\u00f3n internacional, emiti\u00f3 un comunicado en el que expres\u00f3 \u201csus m\u00e1s profundas condolencias\u201d por su p\u00e9rdida, subrayando el impacto que tuvo en la evoluci\u00f3n del deporte.<\/p>\n<p><strong>Un pilar del crecimiento en los Emiratos y en Asia<br \/><\/strong><br \/>La figura de Al Shafar ha estado estrechamente ligada a la transformaci\u00f3n del ciclismo en la regi\u00f3n. Bajo su liderazgo \u2014siempre reconocido por su visi\u00f3n estrat\u00e9gica y su capacidad para aglutinar voluntades\u2014 el deporte dio un salto de calidad en infraestructuras, competiciones y programas de base, abriendo la puerta a una expansi\u00f3n desconocida hasta hace apenas una d\u00e9cada.<\/p>\n<p>Su impulso fue determinante en la consolidaci\u00f3n de proyectos que hoy son referencia mundial, como el propio UAE Team Emirates, que en los \u00faltimos a\u00f1os ha conquistado Tours de Francia, Giros de Italia y Monumentos, situando a los Emiratos en el mapa global del ciclismo de \u00e9lite. Adem\u00e1s, su labor fue m\u00e1s all\u00e1 del \u00e1mbito profesional: Al Shafar trabaj\u00f3 para extender la cultura ciclista entre la poblaci\u00f3n local, promoviendo eventos populares, carreras escolares y programas de formaci\u00f3n que acercaron la bicicleta a miles de j\u00f3venes.<\/p>\n<p><strong>El adi\u00f3s a un dirigente que marc\u00f3 una \u00e9poca<br \/><\/strong><br \/>\u201cSu liderazgo y dedicaci\u00f3n jugaron un papel central en el crecimiento del ciclismo en los EAU y en toda Asia\u201d, destac\u00f3 el comunicado del UAE Team Emirates. El mensaje, sobrio pero cargado de simbolismo, refleja el vac\u00edo que deja un dirigente que supo tender puentes entre federaciones, instituciones internacionales y equipos profesionales, contribuyendo a que la regi\u00f3n acogiera grandes eventos y a que cada vez m\u00e1s corredores asi\u00e1ticos asomaran al m\u00e1ximo nivel.<\/p>\n<p>La estructura emirat\u00ed quiso extender \u201csus condolencias a su familia, colegas y a todos aquellos que se sintieron inspirados por su compromiso con nuestro deporte\u201d. Un mensaje que resume el sentir del pelot\u00f3n internacional, donde Al Shafar era considerado un interlocutor fiable, apasionado y siempre dispuesto a impulsar nuevas iniciativas.<\/p>\n<p><strong>Un legado que perdurar\u00e1<br \/><\/strong><br \/>Su fallecimiento supone un golpe para un ciclismo en plena expansi\u00f3n, pero tambi\u00e9n deja un legado s\u00f3lido sobre el que seguir construyendo. La profesionalizaci\u00f3n del calendario en <strong>Oriente Medio,<\/strong> la aparici\u00f3n de talentos emergentes y la proyecci\u00f3n internacional de estructuras como el UAE Team Emirates forman parte de una herencia que continuar\u00e1 dando frutos.<\/p>\n<p>Hoy el ciclismo llora la p\u00e9rdida de uno de sus grandes impulsores en Asia. Pero tambi\u00e9n celebra la huella de un dirigente que crey\u00f3 en el poder transformador de la bicicleta y dedic\u00f3 su vida a hacerlo realidad.<\/p>\n","protected":false},"excerpt":{"rendered":"El mundo del ciclismo amaneci\u00f3 este jueves con la triste noticia del fallecimiento de Osama Al Shafar, una&hellip;\n","protected":false},"author":2,"featured_media":246695,"comment_status":"","ping_status":"","sticky":false,"template":"","format":"standard","meta":{"footnotes":""},"categories":[273],"tags":[313,312,168,25,24,23,167],"class_list":{"0":"post-246694","1":"post","2":"type-post","3":"status-publish","4":"format-standard","5":"has-post-thumbnail","7":"category-ciclismo","8":"tag-ciclismo","9":"tag-cycling","10":"tag-deportes","11":"tag-es","12":"tag-espana","13":"tag-spain","14":"tag-sports"},"share_on_mastodon":{"url":"https:\/\/pubeurope.com\/@es\/115583224613165383","error":""},"_links":{"self":[{"href":"https:\/\/www.europesays.com\/es\/wp-json\/wp\/v2\/posts\/246694","targetHints":{"allow":["GET"]}}],"collection":[{"href":"https:\/\/www.europesays.com\/es\/wp-json\/wp\/v2\/posts"}],"about":[{"href":"https:\/\/www.europesays.com\/es\/wp-json\/wp\/v2\/types\/post"}],"author":[{"embeddable":true,"href":"https:\/\/www.europesays.com\/es\/wp-json\/wp\/v2\/users\/2"}],"replies":[{"embeddable":true,"href":"https:\/\/www.europesays.com\/es\/wp-json\/wp\/v2\/comments?post=246694"}],"version-history":[{"count":0,"href":"https:\/\/www.europesays.com\/es\/wp-json\/wp\/v2\/posts\/246694\/revisions"}],"wp:featuredmedia":[{"embeddable":true,"href":"https:\/\/www.europesays.com\/es\/wp-json\/wp\/v2\/media\/246695"}],"wp:attachment":[{"href":"https:\/\/www.europesays.com\/es\/wp-json\/wp\/v2\/media?parent=246694"}],"wp:term":[{"taxonomy":"category","embeddable":true,"href":"https:\/\/www.europesays.com\/es\/wp-json\/wp\/v2\/categories?post=246694"},{"taxonomy":"post_tag","embeddable":true,"href":"https:\/\/www.europesays.com\/es\/wp-json\/wp\/v2\/tags?post=246694"}],"curies":[{"name":"wp","href":"https:\/\/api.w.org\/{rel}","templated":true}]}}