{"id":246696,"date":"2025-11-20T17:34:18","date_gmt":"2025-11-20T17:34:18","guid":{"rendered":"https:\/\/www.europesays.com\/es\/246696\/"},"modified":"2025-11-20T17:34:18","modified_gmt":"2025-11-20T17:34:18","slug":"declaraciones-de-paolo-galbiati-previas-al-encuentro-entre-el-bayern-y-el-baskonia","status":"publish","type":"post","link":"https:\/\/www.europesays.com\/es\/246696\/","title":{"rendered":"Declaraciones de Paolo Galbiati previas al encuentro entre el Bayern y el Baskonia"},"content":{"rendered":"<p>\n        El entrenador del <a href=\"https:\/\/www.noticiasdealava.eus\/baskonia\/\" title=\"Baskonia\" class=\"link copy\" rel=\"nofollow noopener\" target=\"_blank\">Baskonia<\/a>, <strong>Paolo Galbiati<\/strong>, reconoci\u00f3 en la previa del encuentro que tendr\u00e1 lugar<strong> este viernes a partir de las 20.30 horas contra el Bayern de M\u00fanich<\/strong> sentirse <strong>aliviado por regresar al Fernando Buesa Arena tras un duro viaje en el que el equipo ha encadenado cuatro derrotas <\/strong>de cuatro posibles a domicilio.\n<\/p>\n<p class=\"article-body__text \">\n        \u00abPor fin estamos de vuelta. Para nosotros es muy importante tener a la afici\u00f3n con nosotros,<a href=\"https:\/\/www.noticiasdealava.eus\/baskonia\/2025\/11\/18\/baskonia-visitante-cristal-analisis-baloncesto-liga-endesa-euroliga-10367051.html\" title=\"es muy dif\u00edcil ganar fuera de casa\" target=\"_blank\" class=\"link copy\" rel=\"nofollow noopener\"> es muy dif\u00edcil ganar fuera de casa\u00bb, <\/a>asegur\u00f3 el t\u00e9cnico italiano, que no siente presi\u00f3n por conseguir la victoria pese a la reciente mala racha: \u00ab<strong>No estoy contento con los resultados, pero presi\u00f3n no es la palabra adecuada para el baloncesto. Presi\u00f3n tienen las personas que est\u00e1n en zonas de guerra o las personas a las que les cuesta llegar a fin de mes<\/strong>. Necesitamos que jugar bien a baloncesto y ganar porque es nuestro trabajo, pero la presi\u00f3n es otra cosa\u00bb.\n<\/p>\n<p>            <a href=\"https:\/\/www.noticiasdealava.eus\/baskonia\/2025\/11\/20\/baskonia-pasa-llamarse-kosner-baskonia-10375649.html\" title=\"El Baskonia pasa a llamarse &#039;Kosner Baskonia&#039;\" class=\"new__media\" rel=\"nofollow noopener\" target=\"_blank\"><\/p>\n<p>                <img alt=\"El Baskonia pasa a llamarse 'Kosner Baskonia'\" data-src=\"https:\/\/www.europesays.com\/es\/wp-content\/uploads\/2025\/11\/92c0b564-7a26-42b3-80ec-b1215d0136bd_16-9-aspect-ratio_default_0_x668y165.jpg\" class=\"lozad\"\/><\/p>\n<p>        <\/a><\/p>\n<p>        <a href=\"https:\/\/www.noticiasdealava.eus\/baskonia\/2025\/11\/20\/baskonia-pasa-llamarse-kosner-baskonia-10375649.html\" title=\"El Baskonia pasa a llamarse &#039;Kosner Baskonia&#039;\" class=\"new__headline\" rel=\"nofollow noopener\" target=\"_blank\"><br \/>\n            El Baskonia pasa a llamarse &#8216;Kosner Baskonia&#8217;<br \/>\n        <\/a><\/p>\n<p class=\"article-body__text \">\n        Para conseguir el triunfo contra el Bayern, <strong>Galbiati opina que una de las claves ser\u00e1 dominar el ritmo del encuentro<\/strong>. \u00abJuegan a un ritmo opuesto al nuestro. Juegan muy despacio, con posesiones largas en est\u00e1tico y muchos sistemas\u00bb, destac\u00f3.\n<\/p>\n<p class=\"article-body__text \">\n        En cuanto a los puntos fuertes del conjunto alem\u00e1n, <strong>destac\u00f3 que cuenta con \u00abbuenos anotadores, tiradores y cinco interiores de much\u00edsimo nivel\u00bb<\/strong> como son Voigtmann, Gabriel, Kratzer, McCormack y Harris, variedad que contrasta con la de los alaveses, con Khalifa Diop como \u00fanico p\u00edvot puro.\n<\/p>\n<p>            <a href=\"https:\/\/www.noticiasdealava.eus\/baskonia\/2025\/11\/18\/baskonia-visitante-cristal-analisis-baloncesto-liga-endesa-euroliga-10367051.html\" title=\"El Baskonia, un visitante de cristal\" class=\"new__media\" rel=\"nofollow noopener\" target=\"_blank\"><\/p>\n<p>                <img alt=\"El Baskonia, un visitante de cristal\" data-src=\"https:\/\/www.europesays.com\/es\/wp-content\/uploads\/2025\/11\/93a13ad1-2c62-4dd0-8bb4-a668937a6a90_16-9-aspect-ratio_default_0.jpg\" class=\"lozad\"\/><\/p>\n<p>        <\/a><\/p>\n<p>        <a href=\"https:\/\/www.noticiasdealava.eus\/baskonia\/2025\/11\/18\/baskonia-visitante-cristal-analisis-baloncesto-liga-endesa-euroliga-10367051.html\" title=\"El Baskonia, un visitante de cristal\" class=\"new__headline\" rel=\"nofollow noopener\" target=\"_blank\"><br \/>\n            El Baskonia, un visitante de cristal<br \/>\n        <\/a><\/p>\n<p class=\"article-body__text \">\n        \u00abNecesitamos que <strong>Diop, Sedekerskis, Kurucs y Diakite trabajen duro en la pelea por el rebote y sean importantes en el encuentro para poder contrarrestar su juego interior<\/strong>\u00ab, argument\u00f3 el preparador azulgrana, que tambi\u00e9n puso el foco en los finales de los partidos: \u00abLa fatiga es normal por el calendario que tenemos. Es dif\u00edcil mantener la intensidad durante todo el partido, pero necesitamos limitar los momentos en los que la perdemos\u00bb.\n<\/p>\n<p class=\"article-photo__footer\">\n            Trent Forrest durante un partido de esta temporada            ACB        <\/p>\n<p>  Recuperaci\u00f3n de Trent Forrest<\/p>\n<p class=\"article-body__text \">\n        Para la cita, Galbiati contar\u00e1 en principio con todos sus jugadores a disposici\u00f3n excepto el lesionado Trent Forrest, aunque <strong>no se descarta que se de alguna ausencia de \u00faltima hora: \u00abUna parte de la plantilla ha estado esta semana con un virus estomacal, por lo que es posible que alguno no pueda jugar<\/strong>. Veremos c\u00f3mo va el entrenamiento, pero por ahora cuento con que van a estar todos\u00bb.\n<\/p>\n<p class=\"article-body__text \">\n        El entrenador italiano tambi\u00e9n espera recuperar pronto para la causa al base <strong>Trent Forrest<\/strong>, apartado desde hace m\u00e1s de un mes tras lesionarse en la visita al Par\u00eds Basketball.<strong> \u00abEst\u00e1 mejorando y pienso que despu\u00e9s de la ventana FIBA va a estar disponible\u00bb,<\/strong> destap\u00f3.\n<\/p>\n<p>            <a href=\"https:\/\/www.noticiasdealava.eus\/baskonia\/2025\/11\/19\/galbiati-busca-formula-ganadora-baskonia-paolo-10373765.html\" title=\"Galbiati, todav\u00eda en busca de la f\u00f3rmula ganadora\" class=\"new__media\" rel=\"nofollow noopener\" target=\"_blank\"><\/p>\n<p>                <img alt=\"Galbiati, todav\u00eda en busca de la f\u00f3rmula ganadora\" data-src=\"https:\/\/www.europesays.com\/es\/wp-content\/uploads\/2025\/11\/617739a2-9f0d-4861-a053-924c5254bc82_16-9-aspect-ratio_default_0.jpg\" class=\"lozad\"\/><\/p>\n<p>        <\/a><\/p>\n<p>        <a href=\"https:\/\/www.noticiasdealava.eus\/baskonia\/2025\/11\/19\/galbiati-busca-formula-ganadora-baskonia-paolo-10373765.html\" title=\"Galbiati, todav\u00eda en busca de la f\u00f3rmula ganadora\" class=\"new__headline\" rel=\"nofollow noopener\" target=\"_blank\"><br \/>\n            Galbiati, todav\u00eda en busca de la f\u00f3rmula ganadora<br \/>\n        <\/a><\/p>\n<p class=\"article-body__text \">\n        De ser as\u00ed y recuperarse a tiempo de su lesi\u00f3n en el isquiotibial izquierdo,<strong> el base estadounidense regresar\u00eda a la acci\u00f3n el 5 de diciembre en casa contra el Armani Mil\u00e1n<\/strong> y se perder\u00eda los compromisos en Vitoria frente al Bayern y el Bilbao Basket y en Kaunas contra el Zalgiris.\n<\/p>\n<p class=\"article-body__text \">\n        Galbiti lo espera con los brazos abiertos. \u00abTodos los jugadores, no s\u00f3lo Trent, son necesarios por mi estilo de juego y por c\u00f3mo est\u00e1 construida la plantilla\u00bb, asegur\u00f3. <strong>Tambi\u00e9n espera al p\u00edvot que sustituya a Luka Samanic, que un mes despu\u00e9s de la marcha del croata sigue sin llegar. \u00abEso se lo ten\u00e9is que preguntar al club\u00bb<\/strong>, sentenci\u00f3.<\/p>\n","protected":false},"excerpt":{"rendered":"El entrenador del Baskonia, Paolo Galbiati, reconoci\u00f3 en la previa del encuentro que tendr\u00e1 lugar este viernes a&hellip;\n","protected":false},"author":2,"featured_media":246697,"comment_status":"","ping_status":"","sticky":false,"template":"","format":"standard","meta":{"footnotes":""},"categories":[269],"tags":[299,298,790,168,25,24,4351,26983,17490,17489,23,167,52160],"class_list":{"0":"post-246696","1":"post","2":"type-post","3":"status-publish","4":"format-standard","5":"has-post-thumbnail","7":"category-baloncesto","8":"tag-baloncesto","9":"tag-basketball","10":"tag-contar","11":"tag-deportes","12":"tag-es","13":"tag-espana","14":"tag-espera","15":"tag-forrest","16":"tag-galbiati","17":"tag-paolo","18":"tag-spain","19":"tag-sports","20":"tag-trent"},"share_on_mastodon":{"url":"https:\/\/pubeurope.com\/@es\/115583232637227354","error":""},"_links":{"self":[{"href":"https:\/\/www.europesays.com\/es\/wp-json\/wp\/v2\/posts\/246696","targetHints":{"allow":["GET"]}}],"collection":[{"href":"https:\/\/www.europesays.com\/es\/wp-json\/wp\/v2\/posts"}],"about":[{"href":"https:\/\/www.europesays.com\/es\/wp-json\/wp\/v2\/types\/post"}],"author":[{"embeddable":true,"href":"https:\/\/www.europesays.com\/es\/wp-json\/wp\/v2\/users\/2"}],"replies":[{"embeddable":true,"href":"https:\/\/www.europesays.com\/es\/wp-json\/wp\/v2\/comments?post=246696"}],"version-history":[{"count":0,"href":"https:\/\/www.europesays.com\/es\/wp-json\/wp\/v2\/posts\/246696\/revisions"}],"wp:featuredmedia":[{"embeddable":true,"href":"https:\/\/www.europesays.com\/es\/wp-json\/wp\/v2\/media\/246697"}],"wp:attachment":[{"href":"https:\/\/www.europesays.com\/es\/wp-json\/wp\/v2\/media?parent=246696"}],"wp:term":[{"taxonomy":"category","embeddable":true,"href":"https:\/\/www.europesays.com\/es\/wp-json\/wp\/v2\/categories?post=246696"},{"taxonomy":"post_tag","embeddable":true,"href":"https:\/\/www.europesays.com\/es\/wp-json\/wp\/v2\/tags?post=246696"}],"curies":[{"name":"wp","href":"https:\/\/api.w.org\/{rel}","templated":true}]}}