{"id":246698,"date":"2025-11-20T17:35:11","date_gmt":"2025-11-20T17:35:11","guid":{"rendered":"https:\/\/www.europesays.com\/es\/246698\/"},"modified":"2025-11-20T17:35:11","modified_gmt":"2025-11-20T17:35:11","slug":"fifa-sorteo-los-partidos-de-los-repechajes-que-definiran-a-los-ultimos-6-clasificados-al-mundial-2026","status":"publish","type":"post","link":"https:\/\/www.europesays.com\/es\/246698\/","title":{"rendered":"FIFA sorte\u00f3 los partidos de los Repechajes que definir\u00e1n a los \u00faltimos 6 clasificados al Mundial 2026"},"content":{"rendered":"<p><img alt=\"Gianni Infantino durante el sorteo\" class=\"global-image\" decoding=\"async\" fetchpriority=\"high\" height=\"3640\" loading=\"eager\" src=\"https:\/\/www.europesays.com\/es\/wp-content\/uploads\/2025\/11\/QUCEEDXGS5DBJDCHRLZJVHUWGA.JPG\" width=\"5460\"\/>Gianni Infantino durante el sorteo de los Repechajes para el Mundial 2026 (Foto: Reuters\/Denis Balibouse)<\/p>\n<p class=\"paragraph\">A la espera del anuncio final sobre c\u00f3mo quedar\u00e1n determinados los bombos de cara al sorteo del Mundial 2026 que se llevar\u00e1 a cabo el viernes 5 de diciembre en el Kennedy Center de Washington, en Estados Unidos, <b>la FIFA sorte\u00f3 c\u00f3mo se jugar\u00e1n los repechajes para las selecciones de Europa y del resto del mundo que completar\u00e1n el cuadro de los 48 equipos<\/b> que jugar\u00e1n la pr\u00f3xima edici\u00f3n de la Copa del Mundo en EEUU, M\u00e9xico y Canad\u00e1.<\/p>\n<p class=\"paragraph\">En primer orden, los 12 segundos de los grupos de la Eliminatoria de UEFA (<b>Eslovaquia, Kosovo, Dinamarca, Ucrania, Turqu\u00eda, Irlanda, Polonia, Bosnia y Herzegovina, Italia, Gales, Albania, Rep\u00fablica Checa, Macedonia del Norte, Rumania, Suecia e Irlanda del Norte<\/b>) m\u00e1s los cuatro mejor ubicados en la Nations League 2024\/2025 que no terminaron entre los dos primeros de las zonas (<b>Rumania, Suecia, Irlanda del Norte y Macedonia del Norte<\/b>) formar\u00e1n las ocho llaves de semifinales que desembocar\u00e1n en cuatro finales, todas series a partido \u00fanico del <b>26 al 31 de marzo<\/b>, que determinar\u00e1n a los cuatro clasificados. <\/p>\n<p class=\"paragraph\">Tras el sorteo en la sede del ente que rige los destinos del f\u00fatbol mundial en Z\u00farich, Suiza, as\u00ed se jugar\u00e1 el repechaje europeo:<\/p>\n<p><img alt=\"El cuadro del repechaje de\" class=\"global-image\" decoding=\"async\" fetchpriority=\"low\" height=\"1350\" loading=\"lazy\" src=\"https:\/\/www.europesays.com\/es\/wp-content\/uploads\/2025\/11\/BA2ULOMXI5CYVJGIPVCVAUWWUQ.jpg\" width=\"1080\"\/>El cuadro del repechaje de la UEFA camino al Mundial 2026<\/p>\n<p class=\"paragraph\">Llave A<\/p>\n<p class=\"paragraph\">-Semifinal 1: <b>Italia vs Irlanda del Norte<\/b><\/p>\n<p class=\"paragraph\">-Semifinal 2: <b>Gales vs Bosnia y Herzegovina<\/b><\/p>\n<p class=\"paragraph\">Llave B<\/p>\n<p class=\"paragraph\">-Semifinal 3: <b>Ucrania vs Suecia<\/b><\/p>\n<p class=\"paragraph\">-Semifinal 4: <b>Polonia vs Albania<\/b><\/p>\n<p class=\"paragraph\">Llave C<\/p>\n<p class=\"paragraph\">-Semifinal 5: <b>Turqu\u00eda vs Rumania<\/b><\/p>\n<p class=\"paragraph\">-Semifinal 6: <b>Eslovaquia vs Kosovo<\/b><\/p>\n<p class=\"paragraph\">Llave D<\/p>\n<p class=\"paragraph\">-Semifinal 7: <b>Dinamarca vs Macedonia del Norte<\/b><\/p>\n<p class=\"paragraph\">-Semifinal 8: <b>Rep\u00fablica Checa vs Irlanda<\/b><\/p>\n<p class=\"paragraph\">*Los ganadores de las semifinales jugar\u00e1n por el pase al Mundial<\/p>\n<p class=\"paragraph\">*Los ganadores de las semifinales 2, 3, 6 y 8 ser\u00e1n locales en la final<\/p>\n<p><img alt=\"As\u00ed qued\u00f3 la llave del\" class=\"global-image\" decoding=\"async\" fetchpriority=\"low\" height=\"1350\" loading=\"lazy\" src=\"https:\/\/www.europesays.com\/es\/wp-content\/uploads\/2025\/11\/EPIKPG3I3RGB7CEENSJJE3U6OA.jpg\" width=\"1080\"\/>As\u00ed qued\u00f3 la llave del Repechaje Internacional a jugarse en M\u00e9xico en marzo del 2026<\/p>\n<p class=\"paragraph\">Por su parte, tambi\u00e9n <b>qued\u00f3 definido la forma en que se disputar\u00e1 el repechaje internacional<\/b> que tendr\u00e1 la presencia de dos representantes de la Concacaf, junto a uno de la AFC, uno de la CAF, uno de la Conmebol y uno de la OFC. Es importante mencionar que este mini certamen <b>se jugar\u00e1 durante la ventana internacional del 23 y el 31 de marzo en M\u00e9xico (Guadalajara y Monterrey)<\/b>, en la que se definir\u00e1 el destino de las \u00faltimas plazas mundialistas. <\/p>\n<p class=\"paragraph\">El formato del certamen establece que las cuatro selecciones con menor posici\u00f3n en el ranking de la FIFA se medir\u00e1n en una ronda de semifinales. Por su parte, los dos equipos mejor ubicados en dicha n\u00f3mina avanzar\u00e1n de forma directa a las finales, donde esperar\u00e1n a los ganadores de los cruces. Las finales determinar\u00e1n a los dos conjuntos que completar\u00e1n el cuadro de participantes de la Copa del Mundo. Tras la reciente actualizaci\u00f3n del ranking de la FIFA, qued\u00f3 establecido que <b>Rep\u00fablica Democr\u00e1tica del Congo (56\u00b0) <\/b>e <b>Irak (58\u00b0)<\/b> ser\u00e1n los que jugar\u00e1n las definiciones ante los equipos que se eliminar\u00e1n. Previamente, habr\u00e1 cruces entre<b> Jamaica (70\u00b0), Bolivia (76\u00b0), Surinam (123\u00b0) y Nueva Caledonia (149\u00b0)<\/b>.<\/p>\n<p class=\"paragraph\">As\u00ed se jugar\u00e1n las llaves entre las seis selecciones por fuera de Europa que alcanzaron la repesca intercontinental:<\/p>\n<p class=\"paragraph\">&#8211; <b>Nueva Caledonia vs. Jamaica<\/b>: el ganador jugar\u00e1 la final contra <b>RD Congo<\/b><\/p>\n<p class=\"paragraph\">&#8211; <b>Bolivia vs. Surinam<\/b>: el ganador jugar\u00e1 la final contra <b>Irak<\/b><\/p>\n<p><img alt=\"As\u00ed est\u00e1 la lista de\" class=\"global-image\" decoding=\"async\" fetchpriority=\"low\" height=\"1350\" loading=\"lazy\" src=\"https:\/\/www.europesays.com\/es\/wp-content\/uploads\/2025\/11\/3G3HVDKQ5JCYPFMZDNZMPT5CBM.png\" width=\"1080\"\/>As\u00ed est\u00e1 la lista de clasificados al Mundial 2026 hasta el momento<\/p>\n<p class=\"paragraph\"><b>\u2022 Conmebol (6\/6)<\/b>: Argentina, Ecuador, Colombia, Uruguay, Brasil y Paraguay.<\/p>\n<p class=\"paragraph\"><b>\u2022 Concacaf (6\/6)<\/b>: M\u00e9xico*, Estados Unidos* y Canad\u00e1*. Panam\u00e1, Curazao y Hait\u00ed.<\/p>\n<p class=\"paragraph\"><b>\u2022 \u00c1frica (9\/9)<\/b>: Marruecos, T\u00fanez, Egipto, Argelia, Ghana, Cabo Verde, Sud\u00e1frica, Costa de Marfil y Senegal.<\/p>\n<p class=\"paragraph\"><b>\u2022 Asia (8\/8)<\/b>: Jap\u00f3n, Ir\u00e1n, Uzbekist\u00e1n, Corea del Sur, Jordania, Australia, Qatar y Arabia Saudita.<\/p>\n<p class=\"paragraph\"><b>\u2022 Ocean\u00eda (1\/1)<\/b>: Nueva Zelanda.<\/p>\n<p class=\"paragraph\"><b>\u2022 Europa (12\/16)<\/b>: Inglaterra, Francia, Croacia, Portugal, Alemania, Pa\u00edses Bajos, Noruega, Austria, B\u00e9lgica, Escocia, Suiza y Espa\u00f1a.<\/p>\n<p class=\"paragraph\"><b>\u2022 Repechaje Internacional (0\/2)<\/b>: Dos clasificados <\/p>\n<p class=\"paragraph\">* Pa\u00edses organizadores<\/p>\n","protected":false},"excerpt":{"rendered":"Gianni Infantino durante el sorteo de los Repechajes para el Mundial 2026 (Foto: Reuters\/Denis Balibouse) A la espera&hellip;\n","protected":false},"author":2,"featured_media":246699,"comment_status":"","ping_status":"","sticky":false,"template":"","format":"standard","meta":{"footnotes":""},"categories":[268],"tags":[168,25,24,406,280,282,281,23,3020,167],"class_list":{"0":"post-246698","1":"post","2":"type-post","3":"status-publish","4":"format-standard","5":"has-post-thumbnail","7":"category-futbol","8":"tag-deportes","9":"tag-es","10":"tag-espana","11":"tag-europe","12":"tag-football","13":"tag-futbol","14":"tag-soccer","15":"tag-spain","16":"tag-sport","17":"tag-sports"},"share_on_mastodon":{"url":"https:\/\/pubeurope.com\/@es\/115583237040150173","error":""},"_links":{"self":[{"href":"https:\/\/www.europesays.com\/es\/wp-json\/wp\/v2\/posts\/246698","targetHints":{"allow":["GET"]}}],"collection":[{"href":"https:\/\/www.europesays.com\/es\/wp-json\/wp\/v2\/posts"}],"about":[{"href":"https:\/\/www.europesays.com\/es\/wp-json\/wp\/v2\/types\/post"}],"author":[{"embeddable":true,"href":"https:\/\/www.europesays.com\/es\/wp-json\/wp\/v2\/users\/2"}],"replies":[{"embeddable":true,"href":"https:\/\/www.europesays.com\/es\/wp-json\/wp\/v2\/comments?post=246698"}],"version-history":[{"count":0,"href":"https:\/\/www.europesays.com\/es\/wp-json\/wp\/v2\/posts\/246698\/revisions"}],"wp:featuredmedia":[{"embeddable":true,"href":"https:\/\/www.europesays.com\/es\/wp-json\/wp\/v2\/media\/246699"}],"wp:attachment":[{"href":"https:\/\/www.europesays.com\/es\/wp-json\/wp\/v2\/media?parent=246698"}],"wp:term":[{"taxonomy":"category","embeddable":true,"href":"https:\/\/www.europesays.com\/es\/wp-json\/wp\/v2\/categories?post=246698"},{"taxonomy":"post_tag","embeddable":true,"href":"https:\/\/www.europesays.com\/es\/wp-json\/wp\/v2\/tags?post=246698"}],"curies":[{"name":"wp","href":"https:\/\/api.w.org\/{rel}","templated":true}]}}