{"id":246812,"date":"2025-11-20T18:56:11","date_gmt":"2025-11-20T18:56:11","guid":{"rendered":"https:\/\/www.europesays.com\/es\/246812\/"},"modified":"2025-11-20T18:56:11","modified_gmt":"2025-11-20T18:56:11","slug":"incendio-obliga-a-evacuar-pabellones-de-la-cop30-dw-20-11-2025","status":"publish","type":"post","link":"https:\/\/www.europesays.com\/es\/246812\/","title":{"rendered":"Incendio obliga a evacuar pabellones de la COP30 \u2013 DW \u2013 20\/11\/2025"},"content":{"rendered":"<p>Un incendio en el recinto donde tienen lugar las negociaciones de la <a class=\"internal-link\" href=\"https:\/\/www.dw.com\/es\/decenas-de-miles-de-personas-protestan-en-la-cumbre-clim\u00e1tica-cop30-en-brasil\/a-74761572\" rel=\"nofollow noopener\" target=\"_blank\">cumbre clim\u00e1tica<\/a> de la <a class=\"internal-link\" href=\"https:\/\/www.dw.com\/es\/onu\/t-17409613\" rel=\"nofollow noopener\" target=\"_blank\">ONU<\/a> (<a class=\"internal-link\" href=\"https:\/\/www.dw.com\/es\/cop30\/t-74647750\" rel=\"nofollow noopener\" target=\"_blank\">COP30<\/a>), en la ciudad de Bel\u00e9m, Brasil, oblig\u00f3 a evacuar este jueves (20.11.2025) a todas las personas que se encontraban en el lugar.<\/p>\n<p>Las llamas se han desatado en un punto de la llamada &#8216;Zona Azul&#8217;, administrada y controlada por las Naciones Unidas, y donde se encuentran las salas de reuni\u00f3n y los diversos pabellones de los pa\u00edses y organizaciones internacionales que participan en la cita.<\/p>\n<p>El personal de seguridad r\u00e1pidamente aisl\u00f3 la zona del incendio y orden\u00f3 la evacuaci\u00f3n de las decenas de personas presentes por las salidas de emergencia, lo que gener\u00f3 momentos de tensi\u00f3n.<\/p>\n<p>Causas desconocidas<\/p>\n<p>Las causas y el origen del incendio a\u00fan son desconocidas, as\u00ed como el alcance de los da\u00f1os. Por ahora, el ministro brasile\u00f1o de Turismo, Celso Sabino, inform\u00f3 minutos despu\u00e9s del incidente que el incendio \u00abya est\u00e1 controlado\u201d y no se registraron heridos, seg\u00fan Sabino, quien afirm\u00f3 que los bomberos trabajaban en el lugar.<\/p>\n<p>La COP30 de Bel\u00e9m encaraba este jueves una pen\u00faltima jornada clave para destrabar las negociaciones sobre adaptaci\u00f3n clim\u00e1tica y una serie de hojas de ruta <a class=\"internal-link\" href=\"https:\/\/www.dw.com\/es\/lula-pide-priorizar-salida-de-energ\u00edas-f\u00f3siles-en-la-cop30\/a-74814576\" rel=\"nofollow noopener\" target=\"_blank\">para abandonar los combustibles f\u00f3siles<\/a> y acabar con la deforestaci\u00f3n.<\/p>\n<p>(mn\/efe, afp)<\/p>\n<p>\u00a0<\/p>\n","protected":false},"excerpt":{"rendered":"Un incendio en el recinto donde tienen lugar las negociaciones de la cumbre clim\u00e1tica de la ONU (COP30),&hellip;\n","protected":false},"author":2,"featured_media":246813,"comment_status":"","ping_status":"","sticky":false,"template":"","format":"standard","meta":{"footnotes":""},"categories":[42],"tags":[17,18,13,14,11,61,62,63,64,19,20,9,10,15,16,12,21,22,65,66,67],"class_list":{"0":"post-246812","1":"post","2":"type-post","3":"status-publish","4":"format-standard","5":"has-post-thumbnail","7":"category-internacional","8":"tag-breaking-news","9":"tag-breakingnews","10":"tag-featured-news","11":"tag-featurednews","12":"tag-headlines","13":"tag-internacional","14":"tag-international","15":"tag-international-news","16":"tag-internationalnews","17":"tag-latest-news","18":"tag-latestnews","19":"tag-news","20":"tag-noticias","21":"tag-noticias-destacadas","22":"tag-noticiasdestacadas","23":"tag-titulares","24":"tag-ultimas-noticias","25":"tag-ultimasnoticias","26":"tag-world","27":"tag-world-news","28":"tag-worldnews"},"share_on_mastodon":{"url":"https:\/\/pubeurope.com\/@es\/115583555065422978","error":""},"_links":{"self":[{"href":"https:\/\/www.europesays.com\/es\/wp-json\/wp\/v2\/posts\/246812","targetHints":{"allow":["GET"]}}],"collection":[{"href":"https:\/\/www.europesays.com\/es\/wp-json\/wp\/v2\/posts"}],"about":[{"href":"https:\/\/www.europesays.com\/es\/wp-json\/wp\/v2\/types\/post"}],"author":[{"embeddable":true,"href":"https:\/\/www.europesays.com\/es\/wp-json\/wp\/v2\/users\/2"}],"replies":[{"embeddable":true,"href":"https:\/\/www.europesays.com\/es\/wp-json\/wp\/v2\/comments?post=246812"}],"version-history":[{"count":0,"href":"https:\/\/www.europesays.com\/es\/wp-json\/wp\/v2\/posts\/246812\/revisions"}],"wp:featuredmedia":[{"embeddable":true,"href":"https:\/\/www.europesays.com\/es\/wp-json\/wp\/v2\/media\/246813"}],"wp:attachment":[{"href":"https:\/\/www.europesays.com\/es\/wp-json\/wp\/v2\/media?parent=246812"}],"wp:term":[{"taxonomy":"category","embeddable":true,"href":"https:\/\/www.europesays.com\/es\/wp-json\/wp\/v2\/categories?post=246812"},{"taxonomy":"post_tag","embeddable":true,"href":"https:\/\/www.europesays.com\/es\/wp-json\/wp\/v2\/tags?post=246812"}],"curies":[{"name":"wp","href":"https:\/\/api.w.org\/{rel}","templated":true}]}}