{"id":246817,"date":"2025-11-20T19:03:11","date_gmt":"2025-11-20T19:03:11","guid":{"rendered":"https:\/\/www.europesays.com\/es\/246817\/"},"modified":"2025-11-20T19:03:11","modified_gmt":"2025-11-20T19:03:11","slug":"argentina-vs-alemania-en-vivo-por-la-copa-davis-etcheverry-vencio-a-struff-y-se-viene-cerundolo-zverev-ole","status":"publish","type":"post","link":"https:\/\/www.europesays.com\/es\/246817\/","title":{"rendered":"Argentina vs Alemania, EN VIVO por la Copa Davis: Etcheverry venci\u00f3 a Struff y se viene Cer\u00fandolo-Zverev :: Ol\u00e9"},"content":{"rendered":"<p><strong>\u00bfC\u00f3mo fue el camino de Argentina hasta los cuartos de final de la Copa Davis?<\/strong><\/p>\n<p>El camino de Argentina hasta esta instancia incluy\u00f3 una serie muy disputada en Noruega, que termin\u00f3 3-2 a favor del equipo sudamericano, y una victoria contundente por 3-1 ante Pa\u00edses Bajos en los Qualifiers de septiembre, ambas como visitante.<\/p>\n<p>Para este Final 8, la delegaci\u00f3n argentina est\u00e1 compuesta por Francisco Cer\u00fandolo (21\u00b0), Tom\u00e1s Mart\u00edn Etcheverry (60\u00b0), Francisco Comesa\u00f1a (61\u00b0), Zeballos (3\u00b0 en dobles) y Molteni (25\u00b0). A lo largo del a\u00f1o, Frana convoc\u00f3 a siete jugadores: los cinco que integran la actual formaci\u00f3n, m\u00e1s Mariano Navone y Facundo D\u00edaz Acosta.<\/p>\n<p><img alt=\"El equipo argentino de la Davis. (Prensa AAT)\" loading=\"lazy\" width=\"720\" height=\"100\" decoding=\"async\" data-nimg=\"1\" style=\"color:transparent\" src=\"https:\/\/www.europesays.com\/es\/wp-content\/uploads\/2025\/11\/EmmSwFZmS_720x0__1.jpg\"\/>El equipo argentino de la Davis. (Prensa AAT)<\/p>\n","protected":false},"excerpt":{"rendered":"\u00bfC\u00f3mo fue el camino de Argentina hasta los cuartos de final de la Copa Davis? El camino de&hellip;\n","protected":false},"author":2,"featured_media":246818,"comment_status":"","ping_status":"","sticky":false,"template":"","format":"standard","meta":{"footnotes":""},"categories":[274],"tags":[13877,168,25,24,6201,23,167,327,326,6202],"class_list":{"0":"post-246817","1":"post","2":"type-post","3":"status-publish","4":"format-standard","5":"has-post-thumbnail","7":"category-tenis","8":"tag-copa-davis","9":"tag-deportes","10":"tag-es","11":"tag-espana","12":"tag-francisco-cerundolo","13":"tag-spain","14":"tag-sports","15":"tag-tenis","16":"tag-tennis","17":"tag-tomas-etcheverry"},"share_on_mastodon":{"url":"https:\/\/pubeurope.com\/@es\/115583582904485046","error":""},"_links":{"self":[{"href":"https:\/\/www.europesays.com\/es\/wp-json\/wp\/v2\/posts\/246817","targetHints":{"allow":["GET"]}}],"collection":[{"href":"https:\/\/www.europesays.com\/es\/wp-json\/wp\/v2\/posts"}],"about":[{"href":"https:\/\/www.europesays.com\/es\/wp-json\/wp\/v2\/types\/post"}],"author":[{"embeddable":true,"href":"https:\/\/www.europesays.com\/es\/wp-json\/wp\/v2\/users\/2"}],"replies":[{"embeddable":true,"href":"https:\/\/www.europesays.com\/es\/wp-json\/wp\/v2\/comments?post=246817"}],"version-history":[{"count":0,"href":"https:\/\/www.europesays.com\/es\/wp-json\/wp\/v2\/posts\/246817\/revisions"}],"wp:featuredmedia":[{"embeddable":true,"href":"https:\/\/www.europesays.com\/es\/wp-json\/wp\/v2\/media\/246818"}],"wp:attachment":[{"href":"https:\/\/www.europesays.com\/es\/wp-json\/wp\/v2\/media?parent=246817"}],"wp:term":[{"taxonomy":"category","embeddable":true,"href":"https:\/\/www.europesays.com\/es\/wp-json\/wp\/v2\/categories?post=246817"},{"taxonomy":"post_tag","embeddable":true,"href":"https:\/\/www.europesays.com\/es\/wp-json\/wp\/v2\/tags?post=246817"}],"curies":[{"name":"wp","href":"https:\/\/api.w.org\/{rel}","templated":true}]}}