{"id":246819,"date":"2025-11-20T19:04:14","date_gmt":"2025-11-20T19:04:14","guid":{"rendered":"https:\/\/www.europesays.com\/es\/246819\/"},"modified":"2025-11-20T19:04:14","modified_gmt":"2025-11-20T19:04:14","slug":"el-hijo-de-vinokurov-cambia-la-bici-por-la-direccion-deportiva-en-el-astana","status":"publish","type":"post","link":"https:\/\/www.europesays.com\/es\/246819\/","title":{"rendered":"El hijo de Vinokurov cambia la bici por la direcci\u00f3n deportiva en el Astana"},"content":{"rendered":"<p class=\"\"><b>Alexandre Vinokurov Jr.,<\/b> hijo del emblem\u00e1tico exciclista kazajo del mismo nombre, <b>seguir\u00e1 vinculado al mundo del ciclismo pese a colgar la bicicleta<\/b> al t\u00e9rmino de la presente temporada. El hijo de Alexandre Vinokourov ser\u00e1<b> director deportivo del Astana<\/b> a partir de 2026, tal y como ha confirmado el equipo este jueves.<\/p>\n<p class=\"\"><b>Vinokurov Jr da el salto a la direcci\u00f3n deportiva con tan solo 23 a\u00f1os despu\u00e9s de competir en el filial del Astana <\/b>y dar por terminada su carrera a causa de las lesiones, que le han impedido seguir los pasos de su padre, campe\u00f3n ol\u00edmpico en Londres 2012 y ganador de la Vuelta a Espa\u00f1a en 2006, en el pelot\u00f3n. <\/p>\n<p class=\"\">Desde el Astana se\u00f1alan que Alexandre Vinkurov Jr. \u201cha completado el curso de entrenamiento en el centro de educaci\u00f3n de la UCI y, tras aprobar con nota el examen, ha recibido el diploma de Director Deportivo\u201d. El equipo se\u00f1ala que<b> Vinokurov Jr. \u201cse unir\u00e1 al Astana como director deportivo en pr\u00e1cticas\u201d <\/b>y que \u201cdurante esta etapa, Alexandre trabajar\u00e1 junto a la experiencia de los directores deportivos del equipo World Tour y del equipo Continental, adem\u00e1s de colaborar con el equipo de rendimiento\u201d<\/p>\n<p>Noticias relacionadas<\/p>\n<p class=\"\">Alexander Shefer, principal director deportivo del Astana, analizaba as\u00ed la incorporaci\u00f3n de Alexandre Vinokurov Jr. en el staff del equipo. <b>\u201cEn las \u00faltimas temporadas Alex ha tenido varias lesiones y la \u00faltima de ellas fue muy seria.<\/b> Mostr\u00f3 un car\u00e1cter muy fuerte al intentar volver y rodando varias carreras con el equipo Continental, pero la decisi\u00f3n de poner fin a su carrera es totalmente comprensible. A la vez, es fant\u00e1stico que Alex haya decidido seguir en el ciclismo, completar sus estudios y aprobar los ex\u00e1menes con \u00e9xito, y ahora miramos con optimismo su nuevo papel. El estar en ambos equipos, el World Tour y el Continental, le permitir\u00e1 ganar la experiencia necesaria, confianza y entender c\u00f3mo funciona el ciclismo desde el otro lado. La transici\u00f3n de la bici al coche nunca es f\u00e1cil, y cualquier director deportivo te lo puede decir, as\u00ed que espero que con la adecuada dedicaci\u00f3n y determinaci\u00f3n, Alex tenga \u00e9xito\u201d.<\/p>\n<p class=\"\"><b>\u00a1Tus opiniones importan!<\/b> Comenta en los art\u00edculos y suscr\u00edbete gratis a nuestra <a href=\"https:\/\/asfan.as.com\/newsletters\/\" target=\"_blank\" rel=\"nofollow noopener\" title=\"https:\/\/asfan.as.com\/newsletters\/\">newsletter<\/a> y a las alertas informativas en la <a href=\"https:\/\/as.com\/aplicacion-de-as-n\/\" target=\"_blank\" rel=\"nofollow noopener\" title=\"https:\/\/as.com\/aplicacion-de-as-n\/\">App<\/a> o el canal de <a href=\"https:\/\/www.whatsapp.com\/channel\/0029VaAasdA7j6g745nz9M10\" target=\"_blank\" rel=\"nofollow noopener\" title=\"https:\/\/www.whatsapp.com\/channel\/0029VaAasdA7j6g745nz9M10\">WhatsApp<\/a>. \u00bfBuscas licenciar contenido? Haz clic <a href=\"https:\/\/profesional.elpais.com\/soluciones-sindicacion?utm_medium=interno&amp;utm_source=crosslinking&amp;utm_campaign=sindicacion_as_pie_articulos\" target=\"_blank\" rel=\"nofollow noopener\" title=\"https:\/\/profesional.elpais.com\/soluciones-sindicacion?utm_medium=interno&amp;utm_source=crosslinking&amp;utm_campaign=sindicacion_as_pie_articulos\">aqu\u00ed<\/a><\/p>\n","protected":false},"excerpt":{"rendered":"Alexandre Vinokurov Jr., hijo del emblem\u00e1tico exciclista kazajo del mismo nombre, seguir\u00e1 vinculado al mundo del ciclismo pese&hellip;\n","protected":false},"author":2,"featured_media":246820,"comment_status":"","ping_status":"","sticky":false,"template":"","format":"standard","meta":{"footnotes":""},"categories":[273],"tags":[313,312,168,25,24,23,167],"class_list":{"0":"post-246819","1":"post","2":"type-post","3":"status-publish","4":"format-standard","5":"has-post-thumbnail","7":"category-ciclismo","8":"tag-ciclismo","9":"tag-cycling","10":"tag-deportes","11":"tag-es","12":"tag-espana","13":"tag-spain","14":"tag-sports"},"share_on_mastodon":{"url":"https:\/\/pubeurope.com\/@es\/115583586333141205","error":""},"_links":{"self":[{"href":"https:\/\/www.europesays.com\/es\/wp-json\/wp\/v2\/posts\/246819","targetHints":{"allow":["GET"]}}],"collection":[{"href":"https:\/\/www.europesays.com\/es\/wp-json\/wp\/v2\/posts"}],"about":[{"href":"https:\/\/www.europesays.com\/es\/wp-json\/wp\/v2\/types\/post"}],"author":[{"embeddable":true,"href":"https:\/\/www.europesays.com\/es\/wp-json\/wp\/v2\/users\/2"}],"replies":[{"embeddable":true,"href":"https:\/\/www.europesays.com\/es\/wp-json\/wp\/v2\/comments?post=246819"}],"version-history":[{"count":0,"href":"https:\/\/www.europesays.com\/es\/wp-json\/wp\/v2\/posts\/246819\/revisions"}],"wp:featuredmedia":[{"embeddable":true,"href":"https:\/\/www.europesays.com\/es\/wp-json\/wp\/v2\/media\/246820"}],"wp:attachment":[{"href":"https:\/\/www.europesays.com\/es\/wp-json\/wp\/v2\/media?parent=246819"}],"wp:term":[{"taxonomy":"category","embeddable":true,"href":"https:\/\/www.europesays.com\/es\/wp-json\/wp\/v2\/categories?post=246819"},{"taxonomy":"post_tag","embeddable":true,"href":"https:\/\/www.europesays.com\/es\/wp-json\/wp\/v2\/tags?post=246819"}],"curies":[{"name":"wp","href":"https:\/\/api.w.org\/{rel}","templated":true}]}}