{"id":246823,"date":"2025-11-20T19:07:10","date_gmt":"2025-11-20T19:07:10","guid":{"rendered":"https:\/\/www.europesays.com\/es\/246823\/"},"modified":"2025-11-20T19:07:10","modified_gmt":"2025-11-20T19:07:10","slug":"el-portero-del-valencia-que-se-habia-quejado-por-la-titularidad-de-agirrezabala-sera-multado","status":"publish","type":"post","link":"https:\/\/www.europesays.com\/es\/246823\/","title":{"rendered":"El portero del Valencia que se hab\u00eda quejado por la titularidad de Agirrezabala ser\u00e1 multado"},"content":{"rendered":"<p><a class=\"v-mdl-ath__fig-a\" href=\"https:\/\/www.elcorreo.com\/autor\/juanma-mallo-90.html\" title=\"Juanma Mallo\" rel=\"nofollow noopener\" target=\"_blank\"><br \/>\n<img decoding=\"async\" class=\"v-mdl-ath__img\" src=\"https:\/\/www.europesays.com\/es\/wp-content\/uploads\/2025\/07\/autor-90-foto-2.jpeg\" alt=\"Juanma Mallo\"\/><br \/>\n<\/a><\/p>\n<p class=\"v-mdl-ath__p v-mdl-ath__p--6\">\nJueves, 20 de noviembre 2025, 15:57<\/p>\n<p>| Actualizado 17:33h.<\/p>\n<p class=\"v-p\">Stole Dimitrievski, segundo portero del Valencia por detr\u00e1s de Julen Agirrezalaba, tir\u00f3 la bomba en la concentraci\u00f3n con la selecci\u00f3n de Macedonia. \u00abEsta temporada lleg\u00f3 un segundo portero con opci\u00f3n de contrato que deber\u00eda jugar el 30% de los partidos. <a href=\"https:\/\/www.elcorreo.com\/athletic\/clausula-julen-agirrezabala-indigna-segundo-portero-valencia-20251112134432-nt.html\" target=\"_blank\" data-voc-vtm-id=\"in-text-traffic\" title=\"Me qued\u00e9 impactado, significa que ya no hay competencia en esa posici\u00f3n\" data-mrf-link=\"www.elcorreo.com\" rel=\"nofollow noopener\">Me qued\u00e9 impactado, significa que ya no hay competencia en esa posici\u00f3n<\/a>. Tiene que jugar s\u00ed o s\u00ed. Aunque yo juegue bien o mal, iba a estar fuera. Si no, el club tendr\u00e1 que pagar penalizaciones\u00bb, afirm\u00f3 el guardameta. Vamos, que el suplente de Carlos Corber\u00e1n daba a entender que el futbolista cedido por el Athletic jugaba por decreto y no por sus cualidades. No obstante, el meta balc\u00e1nico ha obviado que es habitual que los pr\u00e9stamos recojan este tipo de conceptos: de hecho, las cesiones suelen m\u00e1s caras para el club receptor cuanto menos juegue el futbolista. <\/p>\n<p class=\"v-p\">De todos modos, esas palabras causaron un inmenso revuelo en Mestalla, hasta el punto que el guardameta internacional con su pa\u00eds ha tenido que pedir perd\u00f3n. Tambi\u00e9n el t\u00e9cnico ch\u00e9 ha tenido que atender a preguntas sobre esta inc\u00f3moda situaci\u00f3n creada por el exjugador del Rayo y C\u00e1diz, entre otros equipos.<\/p>\n<p class=\"v-p\">\u00abHe hablado con Dimitrievski individualmente, y luego hemos mantenido una conversaci\u00f3n con todo el vestuario. El jugador ha pedido disculpas porque sus declaraciones fueron err\u00f3neas e incorrectas porque como dije, nadie juega ni deja de jugar por contrato. Lo dije en su d\u00eda. En el Valencia nadie juega por contrato. \u00c9l es consciente, ha pedido disculpas al vestuario, ha pedido disculpas al staff. Yo me rijo por el r\u00e9gimen interno y va a tener la sanci\u00f3n econ\u00f3mica propia, y con las disculpas voy a dar por zanjada la situaci\u00f3n de Dimitrievski\u00bb, ha se\u00f1alado el preparador en la previa del duelo entre el Levante y el Valencia.<\/p>\n<p class=\"v-p\">De momento, el futbolista de Renteria ha jugado 12 encuentros, por uno solo del macedonio. Eso s\u00ed, datos como el valor de mercado, respaldan la decisi\u00f3n del entrenador del Valencia. El guipuzcoano, uno de los h\u00e9roes de la Copa del Athletic, presenta 15 millones de euros, mientras que Dimitrievski tan solo 2,5 milllones de euros.<\/p>\n<p class=\"v-p\">Adem\u00e1s, en aquella conversaci\u00f3n, Dimitrievski confiesa haber vivido situaciones dif\u00edciles de creer en los \u00faltimos meses en el club. Por ejemplo, el a\u00f1o pasado. El guardameta del Valencia llevaba nueve partidos disputados y si sumaba un d\u00e9cimo hubiese cobrado un bonus de 300.000 euros. Era la \u00faltima jornada y, a pesar de que el Valencia no se jugaba nada, el t\u00e9cnico Corber\u00e1n decidi\u00f3 optar por Mamardashvili en vez de por Dimitrievski. <\/p>\n<p>Reporta un error<\/p>\n","protected":false},"excerpt":{"rendered":"Jueves, 20 de noviembre 2025, 15:57 | Actualizado 17:33h. Stole Dimitrievski, segundo portero del Valencia por detr\u00e1s de&hellip;\n","protected":false},"author":2,"featured_media":246824,"comment_status":"","ping_status":"","sticky":false,"template":"","format":"standard","meta":{"footnotes":""},"categories":[268],"tags":[42121,106,168,10278,2226,25,24,280,282,62956,42120,281,23,167,235],"class_list":{"0":"post-246823","1":"post","2":"type-post","3":"status-publish","4":"format-standard","5":"has-post-thumbnail","7":"category-futbol","8":"tag-agirrezabala","9":"tag-contrato","10":"tag-deportes","11":"tag-desmiente","12":"tag-entrenador","13":"tag-es","14":"tag-espana","15":"tag-football","16":"tag-futbol","17":"tag-juegue","18":"tag-julen","19":"tag-soccer","20":"tag-spain","21":"tag-sports","22":"tag-valencia"},"share_on_mastodon":{"url":"https:\/\/pubeurope.com\/@es\/115583598499472427","error":""},"_links":{"self":[{"href":"https:\/\/www.europesays.com\/es\/wp-json\/wp\/v2\/posts\/246823","targetHints":{"allow":["GET"]}}],"collection":[{"href":"https:\/\/www.europesays.com\/es\/wp-json\/wp\/v2\/posts"}],"about":[{"href":"https:\/\/www.europesays.com\/es\/wp-json\/wp\/v2\/types\/post"}],"author":[{"embeddable":true,"href":"https:\/\/www.europesays.com\/es\/wp-json\/wp\/v2\/users\/2"}],"replies":[{"embeddable":true,"href":"https:\/\/www.europesays.com\/es\/wp-json\/wp\/v2\/comments?post=246823"}],"version-history":[{"count":0,"href":"https:\/\/www.europesays.com\/es\/wp-json\/wp\/v2\/posts\/246823\/revisions"}],"wp:featuredmedia":[{"embeddable":true,"href":"https:\/\/www.europesays.com\/es\/wp-json\/wp\/v2\/media\/246824"}],"wp:attachment":[{"href":"https:\/\/www.europesays.com\/es\/wp-json\/wp\/v2\/media?parent=246823"}],"wp:term":[{"taxonomy":"category","embeddable":true,"href":"https:\/\/www.europesays.com\/es\/wp-json\/wp\/v2\/categories?post=246823"},{"taxonomy":"post_tag","embeddable":true,"href":"https:\/\/www.europesays.com\/es\/wp-json\/wp\/v2\/tags?post=246823"}],"curies":[{"name":"wp","href":"https:\/\/api.w.org\/{rel}","templated":true}]}}