{"id":246825,"date":"2025-11-20T19:08:12","date_gmt":"2025-11-20T19:08:12","guid":{"rendered":"https:\/\/www.europesays.com\/es\/246825\/"},"modified":"2025-11-20T19:08:12","modified_gmt":"2025-11-20T19:08:12","slug":"terelu-campos-muy-seria-por-el-millonario-pago-tras-lo-ocurrido-en-las-ultimas-horas-1-300-000-euros","status":"publish","type":"post","link":"https:\/\/www.europesays.com\/es\/246825\/","title":{"rendered":"Terelu Campos, muy seria por el millonario pago tras lo ocurrido en las \u00faltimas horas: 1.300.000 euros"},"content":{"rendered":"<p class=\"ft-text\"><a class=\"ft-link ft-link--decoration\" href=\"https:\/\/www.lne.es\/videos\/television\/2025\/11\/01\/alejandra-rubio-primo-encuentran-frente-123254939.html\" rel=\"nofollow noopener\" target=\"_blank\">Alejandra Rubio <\/a>est\u00e1 de nuevo en el punto de mira despu\u00e9s de que la revista &#8216;Lecturas&#8217; haya descubierto que la hija de<a class=\"ft-link ft-link--decoration\" href=\"https:\/\/www.lne.es\/tv-espectaculos\/2025\/11\/19\/casa-iria-vivir-hija-terelu-123904700.html\" rel=\"nofollow noopener\" target=\"_blank\"> Terelu Campos<\/a> estar\u00eda interesada en la casa que su compa\u00f1era Marta L\u00f3pez ha puesto en venta por 1.300.000 euros. Un chalet pareado en la localidad de Pozuelo de Alarc\u00f3n que contar\u00eda con 300 metros cuadrados construidos en dos alturas, garaje, piscina y jard\u00edn, y que la colaboradora ha ido a ver primero acompa\u00f1ada por su novio Carlo Costanzia, y posteriormente por su padre, Alejandro Rubio, lo que deja entrever que le habr\u00eda gustado mucho la vivienda y quiz\u00e1s estar\u00eda buscando la aprobaci\u00f3n de su progenitor antes de plantearse seriamente su compra.<\/p>\n<p class=\"ft-text\">Aunque la nieta de Mar\u00eda Teresa Campos todav\u00eda no se ha pronunciado por este asunto, s\u00ed lo ha hecho Marta en &#8216;El tiempo justo&#8217;: \u00abEs su intimidad y yo se la tengo que respetar. Ella ha venido a ver la casa, s\u00e9 que hay fotos y eso no lo puedo negar. Las intenciones que las diga Alejandra, de m\u00ed s\u00ed hablo pero de ella no\u00bb, ha explicado visiblemente inc\u00f3moda, revelando que en el caso de que fuese un amigo el que comprase su residencia, le har\u00eda \u00abuna rebaja\u00bb.<\/p>\n<p class=\"ft-text\">Un inter\u00e9s por una propiedad de 1.300.000 euros que ha desatado numerosas cr\u00edticas contra Alejandra, ya que son muchos los que no alcanzan a comprender que, no teniendo un trabajo estable -aunque sus colaboraciones en programas como &#8216;Vamos a ver&#8217; o &#8216;La isla de las Tentaciones&#8217; le reportan jugosos beneficios-, con un novio que ha confesado que ha atravesado grandes dificultades econ\u00f3micas, y teniendo solo 25 a\u00f1os se est\u00e9 planteando meterse en una inversi\u00f3n tan alta.<\/p>\n<p class=\"ft-text\">Al margen de la posible compra del chalet de Marta L\u00f3pez por parte de su hija, Terelu sigue cumpliendo con sus compromisos profesionales y este mi\u00e9rcoles ha vuelto a subirse a las tablas del Teatro Calder\u00f3n de Madrid con su obra &#8216;Santa Lola&#8217;. Y aunque en esta ocasi\u00f3n no ha ido ning\u00fan rostro conocido a apoyarla la presentadora s\u00ed ha estado arropada por sus fans, que no han dudado en aclamarla y vitorearla mientras ella, visiblemente abrumada, ha preferido dar la callada por respuesta a las preguntas sobre Alejandra y su inter\u00e9s en una casa de 1.300.000 euros.<\/p>\n","protected":false},"excerpt":{"rendered":"Alejandra Rubio est\u00e1 de nuevo en el punto de mira despu\u00e9s de que la revista &#8216;Lecturas&#8217; haya descubierto&hellip;\n","protected":false},"author":2,"featured_media":246826,"comment_status":"","ping_status":"","sticky":false,"template":"","format":"standard","meta":{"footnotes":""},"categories":[174],"tags":[5617,5615,255,146,147,25,24,2793,256,18905,5342,18636,24088,15338,23,5522,1145],"class_list":{"0":"post-246825","1":"post","2":"type-post","3":"status-publish","4":"format-standard","5":"has-post-thumbnail","7":"category-famosos","8":"tag-alejandra-rubio","9":"tag-campos","10":"tag-celebrities","11":"tag-entertainment","12":"tag-entretenimiento","13":"tag-es","14":"tag-espana","15":"tag-espectaculos","16":"tag-famosos","17":"tag-maria-teresa-campos","18":"tag-millonario","19":"tag-pago","20":"tag-pozuelo-de-alarcon","21":"tag-seria","22":"tag-spain","23":"tag-terelu","24":"tag-terelu-campos"},"share_on_mastodon":{"url":"https:\/\/pubeurope.com\/@es\/115583602176612870","error":""},"_links":{"self":[{"href":"https:\/\/www.europesays.com\/es\/wp-json\/wp\/v2\/posts\/246825","targetHints":{"allow":["GET"]}}],"collection":[{"href":"https:\/\/www.europesays.com\/es\/wp-json\/wp\/v2\/posts"}],"about":[{"href":"https:\/\/www.europesays.com\/es\/wp-json\/wp\/v2\/types\/post"}],"author":[{"embeddable":true,"href":"https:\/\/www.europesays.com\/es\/wp-json\/wp\/v2\/users\/2"}],"replies":[{"embeddable":true,"href":"https:\/\/www.europesays.com\/es\/wp-json\/wp\/v2\/comments?post=246825"}],"version-history":[{"count":0,"href":"https:\/\/www.europesays.com\/es\/wp-json\/wp\/v2\/posts\/246825\/revisions"}],"wp:featuredmedia":[{"embeddable":true,"href":"https:\/\/www.europesays.com\/es\/wp-json\/wp\/v2\/media\/246826"}],"wp:attachment":[{"href":"https:\/\/www.europesays.com\/es\/wp-json\/wp\/v2\/media?parent=246825"}],"wp:term":[{"taxonomy":"category","embeddable":true,"href":"https:\/\/www.europesays.com\/es\/wp-json\/wp\/v2\/categories?post=246825"},{"taxonomy":"post_tag","embeddable":true,"href":"https:\/\/www.europesays.com\/es\/wp-json\/wp\/v2\/tags?post=246825"}],"curies":[{"name":"wp","href":"https:\/\/api.w.org\/{rel}","templated":true}]}}