{"id":246827,"date":"2025-11-20T19:09:11","date_gmt":"2025-11-20T19:09:11","guid":{"rendered":"https:\/\/www.europesays.com\/es\/246827\/"},"modified":"2025-11-20T19:09:11","modified_gmt":"2025-11-20T19:09:11","slug":"freno-al-museo-sorolla-en-el-palau-de-les-comunicacions","status":"publish","type":"post","link":"https:\/\/www.europesays.com\/es\/246827\/","title":{"rendered":"Freno al &#8216;Museo Sorolla&#8217; en el Palau de les Comunicacions"},"content":{"rendered":"<p>VAL\u00c8NCIA. El proyecto del futuro \u2018Museo Sorolla\u2019 de Val\u00e8ncia, planeado para ocupar el Palau de les Comunicacions -antiguo edificio de Correos-, queda bloqueado. Al menos, de momento.\u00a0As\u00ed lo ha acordado el Tribunal Administrativo Central de Recursos Contractuales tras el recurso presentado por el Colegio Oficial de Arquitectos de la Comunitat Valenciana (COACV), por el que se ha suspendido el procedimiento de licitaci\u00f3n de la redacci\u00f3n del proyecto de rehabilitaci\u00f3n del inmueble hasta la resoluci\u00f3n del recurso, tal y como ha avanzado Las provincias y ha confirmado este diario.<\/p>\n<p>El COACV interpuso hace semanas un recurso en materia de contrataci\u00f3n, impugnando la licitaci\u00f3n y los pliegos, lo que ha derivado en un \u2018freno\u2019 al proceso que ha llegado, precisamente, en un d\u00eda clave para el avance del proyecto. As\u00ed, fuentes de la Generalitat confirman a este diario que la comunicaci\u00f3n de la suspensi\u00f3n ha coincidido con la primera reuni\u00f3n de la mesa de contrataci\u00f3n, que se ha celebrado este mismo jueves y que, en \u00faltima instancia, ha quedado suspendida a la espera de la resoluci\u00f3n del recurso. Al proceso se\u00a0han presentado dos\u00a0licitadores, ambos en UTE: ERRE Arquitectura y Green Geometries Architects.<\/p>\n<p>La cuesti\u00f3n principal en la que puso el foco el COACV en su recurso fue la referente a los ajustados plazos planteados por la Generalitat Valenciana. Cabe recordar que los plazos \u201cm\u00e1ximos\u201d que establece el pliego de condiciones son de hasta dos meses para los informes previos, revisi\u00f3n, levantamiento planim\u00e9trico, redacci\u00f3n del proyecto b\u00e1sico y de intervenci\u00f3n arqueol\u00f3gica y proyecto de actividad; y de hasta cuatro meses para la redacci\u00f3n del proyecto de ejecuci\u00f3n con la memoria final de intervenci\u00f3n. Por su parte, para la ejecuci\u00f3n de las obras se prev\u00e9n nueve meses.\u00a0<\/p>\n<p>Adem\u00e1s, precisamente, una de las cl\u00e1usulas del contrato valora la mejora del plazo de redacci\u00f3n de la documentaci\u00f3n t\u00e9cnica mediante la reducci\u00f3n de los plazos parciales, unas \u2018prisas\u2019 que no han sido la \u00fanica cr\u00edtica de los arquitectos. En este sentido, desde el COACV tambi\u00e9n se plante\u00f3 la conveniencia de que\u00a0desde la Generalitat Valenciana se impulsara un concurso de ideas con intervenci\u00f3n de jurado y no as\u00ed una licitaci\u00f3n a la baja.<\/p>\n<p itemprop=\"alternativeHeadline\">En materia econ\u00f3mica, la Generalitat Valenciana cifra en cerca de 2 millones la redacci\u00f3n del proyecto -la licitaci\u00f3n en curso- y en 17,3 millones la futura\u00a0rehabilitaci\u00f3n del Palau de les Comunicacions, a lo que se suma un canon anual de 1,15 millones para la Hispanic Society of America por el pr\u00e9stamo de las obras.<\/p>\n<p>Un proyecto m\u00e1s que complejo<\/p>\n<p>&#13;<br \/>\n<img decoding=\"async\" alt=\"Exposici\u00f3n de la Colecci\u00f3n Lladr\u00f3 en 2023.\" itemprop=\"url\" src=\"https:\/\/www.europesays.com\/es\/wp-content\/uploads\/2025\/11\/articulos-1681101.jpg\" title=\"Exposici\u00f3n de la Colecci\u00f3n Lladr\u00f3 en 2023. - Foto: KIKE TABERNER\"\/>&#13;<br \/>\n&#13;<br \/>\n&#13;<\/p>\n<ul itemprop=\"caption\">&#13;<\/p>\n<li class=\"media-pie\">Exposici\u00f3n de la Colecci\u00f3n Lladr\u00f3 en 2023. &#8211;<\/li>\n<p>&#13;<\/p>\n<li class=\"media-autor\" itemprop=\"author\">Foto: KIKE TABERNER<\/li>\n<p>&#13;\n<\/ul>\n<p>&#13;<br \/>\n&#13;<\/p>\n<p>El proyecto, la gran apuesta en materia cultural del gobierno de <strong>Carlos Maz\u00f3n<\/strong>, promet\u00eda convertir en inmueble en museo temporal aunque, si bien, la operaci\u00f3n no era sencilla. Y es que el espacio, antigua sede de Correos, no re\u00fane la condiciones para albergar una colecci\u00f3n de arte, por lo que es indispensable su adecuaci\u00f3n\u00a0 por lo que respecta a cuestiones de climatizaci\u00f3n, electricidad, protecci\u00f3n contra incendios, telecomunicaciones o control de accesos.<\/p>\n<p>Cabe recordar que durante la anterior legislatura ya se realizaron distintas intervenciones puntuales para exhibir durante algunos meses los fondos de la Colecci\u00f3n Lladr\u00f3, tras su adquisici\u00f3n por parte de la Generalitat y antes de su integraci\u00f3n en las salas del Museu de Belles Arts de Val\u00e8ncia.\u00a0<\/p>\n<p>En este caso era una cuesti\u00f3n, con todo, de algunos meses, mientras que el convenio que plantea la Generalitat Valenciana con la Hispanic Society of America es tambi\u00e9n ef\u00edmero pero\u00a0de\u00a0largo plazo. As\u00ed, el acuerdo para la cesi\u00f3n de obras se extender\u00e1 inicialmente por un periodo de cuatro a\u00f1os prorrogables por otros cuatro a\u00f1os adicionales.\u00a0Si bien, la \u201caspiraci\u00f3n actual de las partes\u201d, tal y como queda reflejado en el propio convenio, es que permanezcan ligadas por los respectivos acuerdos que se suscriban durante \u201cun m\u00ednimo de quince a\u00f1os\u201d.\u00a0<\/p>\n","protected":false},"excerpt":{"rendered":"VAL\u00c8NCIA. El proyecto del futuro \u2018Museo Sorolla\u2019 de Val\u00e8ncia, planeado para ocupar el Palau de les Comunicacions -antiguo&hellip;\n","protected":false},"author":2,"featured_media":152078,"comment_status":"","ping_status":"","sticky":false,"template":"","format":"standard","meta":{"footnotes":""},"categories":[173],"tags":[229,233,231,230,232,234,146,147,25,24,23],"class_list":{"0":"post-246827","1":"post","2":"type-post","3":"status-publish","4":"format-standard","5":"has-post-thumbnail","7":"category-arte-y-diseno","8":"tag-arte","9":"tag-arte-y-diseno","10":"tag-arts","11":"tag-arts-and-design","12":"tag-design","13":"tag-diseno","14":"tag-entertainment","15":"tag-entretenimiento","16":"tag-es","17":"tag-espana","18":"tag-spain"},"share_on_mastodon":{"url":"https:\/\/pubeurope.com\/@es\/115583606222523340","error":""},"_links":{"self":[{"href":"https:\/\/www.europesays.com\/es\/wp-json\/wp\/v2\/posts\/246827","targetHints":{"allow":["GET"]}}],"collection":[{"href":"https:\/\/www.europesays.com\/es\/wp-json\/wp\/v2\/posts"}],"about":[{"href":"https:\/\/www.europesays.com\/es\/wp-json\/wp\/v2\/types\/post"}],"author":[{"embeddable":true,"href":"https:\/\/www.europesays.com\/es\/wp-json\/wp\/v2\/users\/2"}],"replies":[{"embeddable":true,"href":"https:\/\/www.europesays.com\/es\/wp-json\/wp\/v2\/comments?post=246827"}],"version-history":[{"count":0,"href":"https:\/\/www.europesays.com\/es\/wp-json\/wp\/v2\/posts\/246827\/revisions"}],"wp:featuredmedia":[{"embeddable":true,"href":"https:\/\/www.europesays.com\/es\/wp-json\/wp\/v2\/media\/152078"}],"wp:attachment":[{"href":"https:\/\/www.europesays.com\/es\/wp-json\/wp\/v2\/media?parent=246827"}],"wp:term":[{"taxonomy":"category","embeddable":true,"href":"https:\/\/www.europesays.com\/es\/wp-json\/wp\/v2\/categories?post=246827"},{"taxonomy":"post_tag","embeddable":true,"href":"https:\/\/www.europesays.com\/es\/wp-json\/wp\/v2\/tags?post=246827"}],"curies":[{"name":"wp","href":"https:\/\/api.w.org\/{rel}","templated":true}]}}