{"id":246839,"date":"2025-11-20T19:18:17","date_gmt":"2025-11-20T19:18:17","guid":{"rendered":"https:\/\/www.europesays.com\/es\/246839\/"},"modified":"2025-11-20T19:18:17","modified_gmt":"2025-11-20T19:18:17","slug":"el-crecimiento-del-pib-de-la-ocde-se-desacelero-al-02-en-el-tercer-trimestre","status":"publish","type":"post","link":"https:\/\/www.europesays.com\/es\/246839\/","title":{"rendered":"El crecimiento del PIB de la OCDE se desaceler\u00f3 al 0,2% en el tercer trimestre"},"content":{"rendered":"<p>    MADRID 20 Nov. (EUROPA PRESS) &#8211; <\/p>\n<p>   El ritmo de crecimiento de las econom\u00edas de la Organizaci\u00f3n para la Cooperaci\u00f3n y el Desarrollo Econ\u00f3mico (OCDE) se fren\u00f3 al 0,2% en el tercer trimestre de 2025, la mitad que el 0,4% de los tres meses anteriores y la menor expansi\u00f3n de las econom\u00edas avanzadas desde el \u00faltimo trimestre de 2023.<\/p>\n<p>   De los 25 pa\u00edses de la OCDE para los que hab\u00eda datos disponibles, el &#8216;think tank&#8217; de las econom\u00edas avanzadas precis\u00f3 que el crecimiento del PIB se aceler\u00f3 respecto de los tres meses anteriores en 12 pa\u00edses y se mantuvo sin cambios en 3 pa\u00edses, mientras que 5 registraron un crecimiento inferior y 5 sufrieron una contracci\u00f3n.<\/p>\n<p>    Los mayores incrementos trimestrales del PIB correspondieron a Israel (+3%), por delante de Costa Rica (+1,3%) y de Corea del Sur (+1,2%), mientras que la actividad retrocedi\u00f3 en Jap\u00f3n (-0,4%), M\u00e9xico (-1,3%), Lituania (-0,2) y en Irlanda y Finlandia (-0,1% en ambos).<\/p>\n<p>   En este sentido, la OCDE recuerda que los datos del PIB de Estados Unidos para el tercer trimestre a\u00fan no estaban disponibles al momento de la elaboraci\u00f3n del informe.<\/p>\n<p>   En t\u00e9rminos interanuales, el crecimiento del PIB de la OCDE se desaceler\u00f3 ligeramente en el tercer trimestre en comparaci\u00f3n con el segundo, pasando del 1,7% al 1,5%.<\/p>\n<p>    Entre las econom\u00edas del G7 con datos disponibles, el Reino Unido registr\u00f3 el mayor incremento anual (1,3%), mientras que Alemania registr\u00f3 el menor (0,3%).<\/p>\n","protected":false},"excerpt":{"rendered":"MADRID 20 Nov. (EUROPA PRESS) &#8211; El ritmo de crecimiento de las econom\u00edas de la Organizaci\u00f3n para la&hellip;\n","protected":false},"author":2,"featured_media":246840,"comment_status":"","ping_status":"","sticky":false,"template":"","format":"standard","meta":{"footnotes":""},"categories":[80],"tags":[82,95,94,25,24,23],"class_list":{"0":"post-246839","1":"post","2":"type-post","3":"status-publish","4":"format-standard","5":"has-post-thumbnail","7":"category-economia","8":"tag-business","9":"tag-economia","10":"tag-economy","11":"tag-es","12":"tag-espana","13":"tag-spain"},"share_on_mastodon":{"url":"https:\/\/pubeurope.com\/@es\/115583641570049059","error":""},"_links":{"self":[{"href":"https:\/\/www.europesays.com\/es\/wp-json\/wp\/v2\/posts\/246839","targetHints":{"allow":["GET"]}}],"collection":[{"href":"https:\/\/www.europesays.com\/es\/wp-json\/wp\/v2\/posts"}],"about":[{"href":"https:\/\/www.europesays.com\/es\/wp-json\/wp\/v2\/types\/post"}],"author":[{"embeddable":true,"href":"https:\/\/www.europesays.com\/es\/wp-json\/wp\/v2\/users\/2"}],"replies":[{"embeddable":true,"href":"https:\/\/www.europesays.com\/es\/wp-json\/wp\/v2\/comments?post=246839"}],"version-history":[{"count":0,"href":"https:\/\/www.europesays.com\/es\/wp-json\/wp\/v2\/posts\/246839\/revisions"}],"wp:featuredmedia":[{"embeddable":true,"href":"https:\/\/www.europesays.com\/es\/wp-json\/wp\/v2\/media\/246840"}],"wp:attachment":[{"href":"https:\/\/www.europesays.com\/es\/wp-json\/wp\/v2\/media?parent=246839"}],"wp:term":[{"taxonomy":"category","embeddable":true,"href":"https:\/\/www.europesays.com\/es\/wp-json\/wp\/v2\/categories?post=246839"},{"taxonomy":"post_tag","embeddable":true,"href":"https:\/\/www.europesays.com\/es\/wp-json\/wp\/v2\/tags?post=246839"}],"curies":[{"name":"wp","href":"https:\/\/api.w.org\/{rel}","templated":true}]}}