{"id":246843,"date":"2025-11-20T19:20:33","date_gmt":"2025-11-20T19:20:33","guid":{"rendered":"https:\/\/www.europesays.com\/es\/246843\/"},"modified":"2025-11-20T19:20:33","modified_gmt":"2025-11-20T19:20:33","slug":"25n-contra-la-violencia-machista-compromiso-feminista-ccoo-madrid","status":"publish","type":"post","link":"https:\/\/www.europesays.com\/es\/246843\/","title":{"rendered":"25N Contra la Violencia Machista: Compromiso Feminista &#8211; CCOO Madrid"},"content":{"rendered":"<ol>\n<li><a href=\"https:\/\/news.google.com\/rss\/articles\/CBMizAFBVV95cUxOWk1RaWlrTm1JeFJERnNtaTJndGgtWklEdlQ0ZGZwdHZEWFlfRlF4WXNpNEdKdUJ3d1ROeVpqS3pPYm85N3Rxb05vdTMycVhZMHVpTjhvdFQ5c3VidURlR0NWdUh2UUxITkxZMVJMMG5VV09oUlBvcV9GUmdSUTFxa05YcFhjVk5uVUJ3R1NZV1NTZFRTWGdQOWxxQWliLV8yWlY2ZGxLWGgtTzJVeDJEMjRJbkdCNVVpV1g3b2RhaFFXY0hURFY4XzhPU1E?oc=5\" target=\"_blank\" rel=\"nofollow noopener\">25N Contra la Violencia Machista: Compromiso Feminista<\/a>&nbsp;&nbsp;CCOO Madrid<\/li>\n<li><a href=\"https:\/\/news.google.com\/rss\/articles\/CBMimgJBVV95cUxObzlhTXFFQ0FYbHlMeGFRdzVOR1RRYnBWNHpaOFZuN0REV0xMQjlDMzhrS1phLWpETWktbW9CTHY3Z0FtQ1ROWkZRZGRkcnhmdVdiMFZMRWtCaTFZMFlscW5xQ1d4eTBRalZnMVZHWVdieUVMRE4zSVdPbENyTUwxTmtudXlub3pTOElOWEgwYzVsZ0tYNG9Xb3NKZVdWRG5zTDhjdFk5M1NqTHFRUVhFcGpkdS1HejZRQWdjdkJqSERZMGQ3TEVIRnBwS0FhUGQ5M3R6Sno1Qnp0OXRBU2RRSU13WENuS1FtYklwMnp1WnpfdlRSd0ZnemRBTmVYTU1ud1V1bnZzZENTcXpkdFBNWnpxbGpRVFUzbkE?oc=5\" target=\"_blank\" rel=\"nofollow noopener\">25N. En pie contra la violencia machista, la ultraderecha y el genocidio sionista. \u00a1Todxs a las manifestaciones!<\/a>&nbsp;&nbsp;Sindicato de Estudiantes<\/li>\n<li><a href=\"https:\/\/news.google.com\/rss\/articles\/CBMi-AFBVV95cUxNZEh6cVNzYjAyVkdET0p2RElDbk1wU2lpWVpuSFlKRU5CdkZ1Ul9WUU5ReFl0bkFsZFR2OGpwbG5NdDVHemNrLVpYV04tNWJYT3BlT0ctVTkzZEFYenM1VlY0VDhUcC1ybURKVXMyZXVjVEtTQm16OGw3aXc3b1Jyb1ZXeHIxbDZORGhOVGdQbElJa0hlV3lEOW5OVnlmcGxtaUdpQVNBWWtZNjRUNW0xUG9kaWd6WmJTUTJwb3drZVBFY3d3YThGakxlX0poa2lfVXhUX1lITEZXaHg2VHktNDk3MGNjaDNFNHlMQ2gwSlc3b19sUGVSetIB_gFBVV95cUxOT0RVSVlaT3dBTy03VWh4bkNKSHlxVi1XUVBtZWJod2NVc3pHbWMycVdob3daRW15RU8xSW11MGZxZC1wajhvVTZ6VU9qZXhoR1g5cE9uSDVHWGllUlBpSlhpeFhTN1JGeklGR1pUSndwZDIzR0JTWGF6M3dWZWtOTHdFSzNHcWJmLXhqNmZ0NTNoVmVobkx2cjg5UXhqWUNzWTBTNHpKeDZxMlJIQnRYckJXNXo3RjBNTDZCMXN2RkJzVGotQ1BkNkRZWTI4bmJBT3dtWFJBVTlXSGhCZlFOamN4ZHZrVFVpNlRNYmRmbDNwenJ6Z3Z1OVpKMW83Zw?oc=5\" target=\"_blank\" rel=\"nofollow noopener\">Las feministas madrile\u00f1as denuncian el \u201cnegacionismo\u201d de Vox y la \u201cnegligencia\u201d en la lucha contra la violencia machista<\/a>&nbsp;&nbsp;La Vanguardia<\/li>\n<li><a href=\"https:\/\/news.google.com\/rss\/articles\/CBMisAJBVV95cUxOMlc4M1cwTnQ3SnJPYXk5WnJSOG5FOUNhd09yVnR6WjB2WWtySlR4Y0s5SGE5Rnl4MlRScnk2YUFnY3lFMUZfZ0k0WkhSMEpFUEhUVHdmb2MtUnR1R05HelU2MVpvOWxaTEpHbzQ0ay1SUUI0Nk0yRk1iQ1Y2Sl9BMjJ5MmV2bFpDM3NOQWN0Z1E0ZlgxWUZwWkthX00xOER2bjZtOHZTbU8xLWVjRWo2OGNaWWVZSUJHWjEwZkUxQ29MOWJpSjFBcS02SmpfZ1FOT3ZFd0FCajNkbU55cm53dGl3aEdBanJ6ckthZkVCa1M4NG9OZ2VTbExXZ3ZxSXVSNGhaN3VqckNWazB6RFd2MHVkRlZQTDdPdEhxX3U3ZFB2YnpTZWt1dUdqU0xnb0Z3?oc=5\" target=\"_blank\" rel=\"nofollow noopener\">CCOO presenta la campa\u00f1a \u201cNos toca\u201d y advierte del riesgo de retrocesos en igualdad ante el avance del negacionismo<\/a>&nbsp;&nbsp;Confederaci\u00f3n Sindical de Comisiones Obreras<\/li>\n<li><a href=\"https:\/\/news.google.com\/rss\/articles\/CBMi_AFBVV95cUxPMFBFZDVvZnVDSHp0cDlkYkREV2VQLWJKeWp1RmFFOTBkRENPZkh6NWtybFdpSUJQZ3E2aTE3UkF4YkpOeXlIc0NyWHB5VWVJVEIwb2FvQ1pVRzEwelRxRFNBSUc3bVFJSVZ2dVJKYmlFNFFNMjdNdl85R1Rzc1NrVnNraUxGNzhpTld4LUdjdmZTb2Fib25NQnVCUDcya1Bvd0kybWRQSVJVN2xUbi0xbUdCM0c4cWFId1pEXzcyTTZ5amRsd2lvNGxJcTRpMjU3UUZjQ2NIeHBRQmFQSXVteU8wc0J0dmlPeDZUSVdQOTlMaFoxWnUtUjZkWFk?oc=5\" target=\"_blank\" rel=\"nofollow noopener\">Nuestros cuerpos no est\u00e1n hechos para sus violencias &#8211; 25N D\u00eda Internacional de la Eliminaci\u00f3n de la Violencia contra la Mujer 2025<\/a>&nbsp;&nbsp;izquierdaunida.org<\/li>\n<\/ol>\n","protected":false},"excerpt":{"rendered":"25N Contra la Violencia Machista: Compromiso Feminista&nbsp;&nbsp;CCOO Madrid 25N. En pie contra la violencia machista, la ultraderecha y&hellip;\n","protected":false},"author":2,"featured_media":246844,"comment_status":"","ping_status":"","sticky":false,"template":"","format":"standard","meta":{"footnotes":""},"categories":[8],"tags":[17,18,25,24,13,14,11,19,20,9,10,15,16,23,12,21,22],"class_list":{"0":"post-246843","1":"post","2":"type-post","3":"status-publish","4":"format-standard","5":"has-post-thumbnail","7":"category-espana","8":"tag-breaking-news","9":"tag-breakingnews","10":"tag-es","11":"tag-espana","12":"tag-featured-news","13":"tag-featurednews","14":"tag-headlines","15":"tag-latest-news","16":"tag-latestnews","17":"tag-news","18":"tag-noticias","19":"tag-noticias-destacadas","20":"tag-noticiasdestacadas","21":"tag-spain","22":"tag-titulares","23":"tag-ultimas-noticias","24":"tag-ultimasnoticias"},"share_on_mastodon":{"url":"https:\/\/pubeurope.com\/@es\/115583649362877936","error":""},"_links":{"self":[{"href":"https:\/\/www.europesays.com\/es\/wp-json\/wp\/v2\/posts\/246843","targetHints":{"allow":["GET"]}}],"collection":[{"href":"https:\/\/www.europesays.com\/es\/wp-json\/wp\/v2\/posts"}],"about":[{"href":"https:\/\/www.europesays.com\/es\/wp-json\/wp\/v2\/types\/post"}],"author":[{"embeddable":true,"href":"https:\/\/www.europesays.com\/es\/wp-json\/wp\/v2\/users\/2"}],"replies":[{"embeddable":true,"href":"https:\/\/www.europesays.com\/es\/wp-json\/wp\/v2\/comments?post=246843"}],"version-history":[{"count":0,"href":"https:\/\/www.europesays.com\/es\/wp-json\/wp\/v2\/posts\/246843\/revisions"}],"wp:featuredmedia":[{"embeddable":true,"href":"https:\/\/www.europesays.com\/es\/wp-json\/wp\/v2\/media\/246844"}],"wp:attachment":[{"href":"https:\/\/www.europesays.com\/es\/wp-json\/wp\/v2\/media?parent=246843"}],"wp:term":[{"taxonomy":"category","embeddable":true,"href":"https:\/\/www.europesays.com\/es\/wp-json\/wp\/v2\/categories?post=246843"},{"taxonomy":"post_tag","embeddable":true,"href":"https:\/\/www.europesays.com\/es\/wp-json\/wp\/v2\/tags?post=246843"}],"curies":[{"name":"wp","href":"https:\/\/api.w.org\/{rel}","templated":true}]}}