{"id":246849,"date":"2025-11-20T19:27:10","date_gmt":"2025-11-20T19:27:10","guid":{"rendered":"https:\/\/www.europesays.com\/es\/246849\/"},"modified":"2025-11-20T19:27:10","modified_gmt":"2025-11-20T19:27:10","slug":"el-fin-de-la-vuelta-apunta-a-granada","status":"publish","type":"post","link":"https:\/\/www.europesays.com\/es\/246849\/","title":{"rendered":"El fin de La Vuelta apunta a Granada"},"content":{"rendered":"<p class=\"\">La <b>Vuelta 2026<\/b>, tras el<a href=\"https:\/\/as.com\/ciclismo\/vuelta_espana\/canarias-no-estara-en-la-vuelta-el-israel-sigue-siendo-el-mismo-equipo-f202511-n\/\" target=\"_self\" rel=\"nofollow noopener\" title=\"https:\/\/as.com\/ciclismo\/vuelta_espana\/canarias-no-estara-en-la-vuelta-el-israel-sigue-siendo-el-mismo-equipo-f202511-n\/\"><b> intento de desembarco en Canarias<\/b> <\/a>para un final con cuatro etapas,<b> no acabar\u00e1 en Madrid<\/b> debido a que la fecha de fin (22 agosto-13 septiembre) <b>coincide con el primer Gran Premio de F\u00f3rmula 1 <\/b>que tendr\u00e1 lugar en la capital. Dos eventos de tal magnitud el mismo d\u00eda son inasumibles por razones de seguridad y log\u00edstica. Por lo tanto, <b>todo apunta a que la traca final tendr\u00e1 lugar en Granada,<\/b> tal y como deslizan medios locales como Granada Hoy. <b>El acuerdo no est\u00e1 firmado, pero se har\u00eda en breve, puesto que el 17 de diciembre en M\u00f3naco (punto de salida) se tendr\u00e1 que desvelar el recorrido. <\/b>Las dos \u00faltimas etapas tendr\u00edan lugar en la provincia andaluza y el ganador se coronar\u00eda en la capital. <\/p>\n<p class=\"\">La idea original era retornar a Canarias, donde se disputar\u00edan dos etapas en <b>Tenerife <\/b>(con el reclamo del anhelado Teide) y <b>Gran Canaria<\/b> (Pico de las Nieves), pero<b> el Cabildo de esta \u00faltima isla se descolg\u00f3 hace d\u00edas achac\u00e1ndolo a la posible presencia del equipo heredero del Israel<\/b>,<a href=\"https:\/\/as.com\/ciclismo\/revolucion-en-el-equipo-israel-renombra-y-reestructura-el-equipo-alejandose-de-la-identidad-actual-n\/\" target=\"_self\" rel=\"nofollow noopener\" title=\"https:\/\/as.com\/ciclismo\/revolucion-en-el-equipo-israel-renombra-y-reestructura-el-equipo-alejandose-de-la-identidad-actual-n\/\"> aunque este cambiar\u00e1 de nacionalidad y el patrocinador ser\u00e1 Premier Tech, <\/a>una compa\u00f1\u00eda canadiense.<b> Entre los dos cabildos deb\u00edan aportar unos 6,5 millones de euros para acoger la carrera. <\/b><\/p>\n<p>Noticias relacionadas<\/p>\n<p class=\"\"><b>Madrid ha sido final de La Vuelta en 42 ocasiones<\/b>. En 1993, 2014 y 2021 finaliz\u00f3 en Santiago, por el empuje del Xacobeo de la Xunta. En 1985 lo hizo en Salamanca y en 1986, en Jerez. Ahora, parece el turno de Granada. <\/p>\n<p class=\"\"><b>\u00a1Tus opiniones importan!<\/b> Comenta en los art\u00edculos y suscr\u00edbete gratis a nuestra <a href=\"https:\/\/asfan.as.com\/newsletters\/\" target=\"_blank\" rel=\"nofollow noopener\" title=\"https:\/\/asfan.as.com\/newsletters\/\">newsletter<\/a> y a las alertas informativas en la <a href=\"https:\/\/as.com\/aplicacion-de-as-n\/\" target=\"_blank\" rel=\"nofollow noopener\" title=\"https:\/\/as.com\/aplicacion-de-as-n\/\">App<\/a> o el canal de <a href=\"https:\/\/www.whatsapp.com\/channel\/0029VaAasdA7j6g745nz9M10\" target=\"_blank\" rel=\"nofollow noopener\" title=\"https:\/\/www.whatsapp.com\/channel\/0029VaAasdA7j6g745nz9M10\">WhatsApp<\/a>. \u00bfBuscas licenciar contenido? Haz clic <a href=\"https:\/\/profesional.elpais.com\/soluciones-sindicacion?utm_medium=interno&amp;utm_source=crosslinking&amp;utm_campaign=sindicacion_as_pie_articulos\" target=\"_blank\" rel=\"nofollow noopener\" title=\"https:\/\/profesional.elpais.com\/soluciones-sindicacion?utm_medium=interno&amp;utm_source=crosslinking&amp;utm_campaign=sindicacion_as_pie_articulos\">aqu\u00ed<\/a><\/p>\n","protected":false},"excerpt":{"rendered":"La Vuelta 2026, tras el intento de desembarco en Canarias para un final con cuatro etapas, no acabar\u00e1&hellip;\n","protected":false},"author":2,"featured_media":246850,"comment_status":"","ping_status":"","sticky":false,"template":"","format":"standard","meta":{"footnotes":""},"categories":[273],"tags":[313,312,168,25,24,23,167],"class_list":{"0":"post-246849","1":"post","2":"type-post","3":"status-publish","4":"format-standard","5":"has-post-thumbnail","7":"category-ciclismo","8":"tag-ciclismo","9":"tag-cycling","10":"tag-deportes","11":"tag-es","12":"tag-espana","13":"tag-spain","14":"tag-sports"},"share_on_mastodon":{"url":"https:\/\/pubeurope.com\/@es\/115583676781025389","error":""},"_links":{"self":[{"href":"https:\/\/www.europesays.com\/es\/wp-json\/wp\/v2\/posts\/246849","targetHints":{"allow":["GET"]}}],"collection":[{"href":"https:\/\/www.europesays.com\/es\/wp-json\/wp\/v2\/posts"}],"about":[{"href":"https:\/\/www.europesays.com\/es\/wp-json\/wp\/v2\/types\/post"}],"author":[{"embeddable":true,"href":"https:\/\/www.europesays.com\/es\/wp-json\/wp\/v2\/users\/2"}],"replies":[{"embeddable":true,"href":"https:\/\/www.europesays.com\/es\/wp-json\/wp\/v2\/comments?post=246849"}],"version-history":[{"count":0,"href":"https:\/\/www.europesays.com\/es\/wp-json\/wp\/v2\/posts\/246849\/revisions"}],"wp:featuredmedia":[{"embeddable":true,"href":"https:\/\/www.europesays.com\/es\/wp-json\/wp\/v2\/media\/246850"}],"wp:attachment":[{"href":"https:\/\/www.europesays.com\/es\/wp-json\/wp\/v2\/media?parent=246849"}],"wp:term":[{"taxonomy":"category","embeddable":true,"href":"https:\/\/www.europesays.com\/es\/wp-json\/wp\/v2\/categories?post=246849"},{"taxonomy":"post_tag","embeddable":true,"href":"https:\/\/www.europesays.com\/es\/wp-json\/wp\/v2\/tags?post=246849"}],"curies":[{"name":"wp","href":"https:\/\/api.w.org\/{rel}","templated":true}]}}