{"id":246855,"date":"2025-11-20T19:31:21","date_gmt":"2025-11-20T19:31:21","guid":{"rendered":"https:\/\/www.europesays.com\/es\/246855\/"},"modified":"2025-11-20T19:31:21","modified_gmt":"2025-11-20T19:31:21","slug":"en-miami-con-nuevo-trabajo-y-muy-enamorado","status":"publish","type":"post","link":"https:\/\/www.europesays.com\/es\/246855\/","title":{"rendered":"en Miami, con nuevo trabajo y muy enamorado"},"content":{"rendered":"<p><strong>Clemente Lequio<\/strong> ten\u00eda todas las papeletas para ser un personaje medi\u00e1tico. M\u00e1s si cabe teniendo en cuenta los rifirrafes entre sus progenitores, Alessandro Lequio y Antonia Dell&#8217;Atte, que se separaron cuando \u00e9l ten\u00eda cuatro a\u00f1os. Sin embargo, salvo ocasiones puntuales en las que ha hecho aparici\u00f3n, siempre ha preferido permanecer en <strong>un segundo plano<\/strong>. Pero el hecho de que sus padres est\u00e9n de actualidad, hace que su nombre est\u00e9 de nuevo en <strong>el foco medi\u00e1tico<\/strong>.<\/p>\n<p>La decisi\u00f3n de Mediaset de <a href=\"https:\/\/www.lecturas.com\/actualidad\/alessandro-lequio-se-queda-sin-trabajo-mediaset-prescinde-sus-servicios-tras-testimonio-antonia-dellatte_184584\" rel=\"nofollow noopener\" target=\"_blank\">prescindir de Alessandro Lequio<\/a> despu\u00e9s de d\u00e9cadas contando con \u00e9l en su plantel de colaboradores, ha llegado despu\u00e9s de las denuncias que Antonia Dell\u2019Atte ha hecho sobre<strong> la violencia que sufri\u00f3 por parte del padre de su hijo.<\/strong> La entrevista que la modelo concedi\u00f3 al peri\u00f3dico &#8216;El Pa\u00eds&#8217; hace unas semanas ha sido determinante para el despido del conde. Una situaci\u00f3n que ha llevado <strong>a pensar en su hijo<\/strong>.<\/p>\n<p><img loading=\"lazy\" decoding=\"async\"   src=\"https:\/\/www.europesays.com\/es\/wp-content\/uploads\/2025\/11\/clemente-lequio_81ebda3d_251120094154_1200x1803.webp.webp\" alt=\"Clemente Lequio\" class=\"lazyload\" width=\"1200\" height=\"1803\" data-aspectratio=\"1200\/1803\"\/><\/p>\n<p>Clemente Lequio siempre ha sido uno de los grandes apoyos de su madre Antonia Dell&#8217;Atte.<\/p>\n<p>&#13;Gtres<br \/>\nEl apoyo de Clemente<\/p>\n<p>\u00bfQu\u00e9 pensar\u00e1 Clemente Lequio del despido de su padre? \u00bfApoya a su madre Antonia Dell\u2019Atte en esta situaci\u00f3n? \u00bfC\u00f3mo es su actual relaci\u00f3n con su padre? Ha sido la propia Antonia quien\u00a0<a href=\"https:\/\/www.lecturas.com\/actualidad\/sus-ex-antonia-dellatte-mar-flores-su-hijo-clemente-contundentes-reacciones-despido-alessandro-lequio-mediaset_184591\" rel=\"nofollow noopener\" target=\"_blank\">ha hecho un comentario<\/a>\u00a0con el que deja clara la postura de su hijo.\u00a0Durante una conversaci\u00f3n con el programa \u2018No somos nadie\u2019, en la que ha hablado del despido de su ex, ha dicho que \u201ctengo que disfrutarlo con mi familia y con mi hijo que siempre me ha estado apoyando, mi \u00fanico amor\u201d.<\/p>\n<p>Unas declaraciones que revelan el apoyo que recibe por parte de Clemente. No en vano, el hijo de la modelo ha confesado en varias ocasiones que Lequio fue un padre ausente. Algo que sigue doliendo a la italiana en lo m\u00e1s profundo de su ser.<\/p>\n<p><img loading=\"lazy\" decoding=\"async\"   src=\"https:\/\/www.europesays.com\/es\/wp-content\/uploads\/2025\/11\/antonia-dellatte-clemente-lequio_00000000_8b5d9b72_251120094210_1200x1544.webp.webp\" alt=\"Antonia Dell'Atte Clemente Lequio\" class=\"lazyload\" width=\"1200\" height=\"1544\" data-aspectratio=\"1200\/1544\"\/><\/p>\n<p>La modelo ha contado que ha celebrado con su hijo la noticia del despido de Alessandro.<\/p>\n<p>&#13;Gtres<br \/>\nVive en Miami centrado en su trabajo<\/p>\n<p>Eso s\u00ed, Clemente Lequio apoya a su madre desde la posici\u00f3n m\u00e1s discreta. Su vida actual est\u00e1 completamente alejada de lo medi\u00e1tico. El hijo de Alessandro Lequio y Antonia Dell\u2019Atte <strong>vive en Estados Unidos.<\/strong> Despu\u00e9s de vivir en Italia, Espa\u00f1a y Berl\u00edn, hace casi diez a\u00f1os decidi\u00f3 cruzar el charco. <strong>En Miami<\/strong>\u00a0lleva una vida de lo m\u00e1s discreta tanto en el \u00e1mbito laboral como en el \u00e1mbito personal.<\/p>\n<p>Clemente Lequio, lejos de dedicarse a la televisi\u00f3n, decidi\u00f3 tomar un rumbo laboral completamente diferente. Primero <strong>se licenci\u00f3 en Ciencias Pol\u00edticas<\/strong>. Despu\u00e9s, prob\u00f3 suerte en el mundo de la m\u00fasica, donde <strong>trabaj\u00f3 como DJ <\/strong>y donde estudi\u00f3 algunos instrumentos. Pero su camino volvi\u00f3 a cambiar. Actualmente, trabaja en <strong>el sector de la hosteler\u00eda.<\/strong><\/p>\n<p><img loading=\"lazy\" decoding=\"async\"   src=\"https:\/\/www.europesays.com\/es\/wp-content\/uploads\/2025\/11\/la-nueva-vida-de-clemente-lequio-como-camarero-en-eeuu_565c68f1_251120094126_1200x1599.webp.webp\" alt=\"La nueva vida de Clemente Lequio como camarero en EEUU\" class=\"lazyload\" width=\"1200\" height=\"1599\" data-aspectratio=\"1200\/1599\"\/><\/p>\n<p>Clemente est\u00e1 feliz en Miami, donde trabaja en un restaurante.<\/p>\n<p>&#13;Instagram @clem2leq<\/p>\n<p>En una de sus \u00faltimas publicaciones de <strong>Instagram<\/strong>, Clemente aparece vestido con <strong>el uniforme de camarero<\/strong>. Una foto en la que su madre dej\u00f3 un comentario con el que mostr\u00f3 su orgullo por \u00e9l. \u201cGuapo a reventar. En esta vida mejor servir que ser servido y con elegancia\u201d, fueron las palabras con las que Antonia Dell\u2019Atte hizo referencia al trabajo de su hijo.<\/p>\n<p>Feliz junto a su mujer Corbie<\/p>\n<p>En lo sentimental, Clemente Lequio estar\u00eda feliz<strong> junto a su mujer Corbie Gregory<\/strong>. Desde hace ya unos a\u00f1os llevan una relaci\u00f3n de lo m\u00e1s discreta. Ni siquiera hicieron ruido cuando se casaron. Fue Antonia Dell\u2019Atte la que tiempo despu\u00e9s de la boda de Clemente y Corbie dio la noticia de que su hijo hab\u00eda <strong>contra\u00eddo matrimonio en el a\u00f1o 2020<\/strong>.<\/p>\n<p><img loading=\"lazy\" decoding=\"async\"   src=\"https:\/\/www.europesays.com\/es\/wp-content\/uploads\/2025\/11\/clemente-lequio-y-su-mujer_74391111_251120094306_1200x876.webp.webp\" alt=\"Clemente Lequio y su mujer\" class=\"lazyload\" width=\"1200\" height=\"876\" data-aspectratio=\"1200\/876\"\/><\/p>\n<p>Clemente se cas\u00f3 con Corbie en el a\u00f1o 2020 en una boda completamente alejada de lo medi\u00e1tico.<\/p>\n<p>&#13;@clem2leq<\/p>\n<p>Seg\u00fan cont\u00f3 Antonia en unas declaraciones a la revista \u2018Hola\u2019, su nuera trabajaba en ese momento en el departamento <strong>de Recursos Humanos de un hotel de Miami Beach<\/strong>. Adem\u00e1s, la modelo hizo saber que Corbie le ca\u00eda muy bien. \u201cUna mujer de diez\u201d, dijo sobre la mujer que comparte la vida con Clemente.<\/p>\n<p><img loading=\"lazy\" decoding=\"async\"   src=\"https:\/\/www.europesays.com\/es\/wp-content\/uploads\/2025\/11\/clemente-lequio-y-su-mujer_e9564c51_251120094422_1200x1094.webp.webp\" alt=\"Clemente Lequio y su mujer\" class=\"lazyload\" width=\"1200\" height=\"1094\" data-aspectratio=\"1200\/1094\"\/><\/p>\n<p>En su d\u00eda, Antonia habl\u00f3 de Corbie y se mostr\u00f3 encantada con su nuera.<\/p>\n<p>&#13;@clem2leq<\/p>\n<p>En ocasiones puntuales, \u00e9l s\u00ed que ha compartido <strong>alguna foto junto a Corbie en Instagram.<\/strong> Pero si se tiene en cuenta la proporci\u00f3n entre los a\u00f1os que llevan juntos y la cantidad de fotos publicadas, lo que queda claro es que quieren llevar su matrimonio con bastante discreci\u00f3n.<\/p>\n<p>Unas redes sociales en las que, por cierto, en su \u00faltima publicaci\u00f3n aparece <strong>junto a Antonia Dell\u2019Atte<\/strong>. Con motivo del fallecimiento de Giorgio Armani hace unas semanas, Clemente rescat\u00f3 una imagen en la que aparecen los tres. Una forma de hacer gala de su buena sinton\u00eda con la modelo.<\/p>\n<p><img loading=\"lazy\" decoding=\"async\"   src=\"https:\/\/www.europesays.com\/es\/wp-content\/uploads\/2025\/11\/clemente-lequio-armani-y-antonia-dellatte_ad0078c2_251120094541_1200x832.webp.webp\" alt=\"Clemente Lequio, Armani y Antonia Dell'Atte\" class=\"lazyload\" width=\"1200\" height=\"832\" data-aspectratio=\"1200\/832\"\/><\/p>\n<p>Clemente ha hecho gala en varias ocasiones de su buena relaci\u00f3n con su madre.<\/p>\n<p>&#13;@clem2leq<br \/>\nLa ausencia de gestos hacia su padre<\/p>\n<p>Del que desde hace a\u00f1os no hay rastro en el Instagram de Clemente es de <strong>su padre Alessandro Lequio<\/strong>. La \u00faltima foto en la que aparece junto a \u00e9l la public\u00f3 en el a\u00f1o 2020. Con motivo <strong>del fallecimiento de su hermano Aless<\/strong>, comparti\u00f3 una imagen en la que aparec\u00edan los tres cuando eran unos ni\u00f1os. Pero de su padre, por mucho que le incluy\u00f3 en la foto, ni habl\u00f3.<\/p>\n<p><img loading=\"lazy\" decoding=\"async\"   src=\"https:\/\/www.europesays.com\/es\/wp-content\/uploads\/2025\/11\/clemente-lequio_00000000_c6ec0340_251120101343_1200x575.webp.webp\" alt=\"Clemente Lequio\" class=\"lazyload\" width=\"1200\" height=\"575\" data-aspectratio=\"1200\/575\"\/><\/p>\n<p>Desde 2020, no comparte contenido relacionado con su padre.<\/p>\n<p>&#13;@clem2leq<\/p>\n<p>De hecho, sobre aquel momento desolador <strong>hubo una pol\u00e9mica.<\/strong> Antonia Dell\u2019Atte cont\u00f3 en el programa \u2018Lazos de sangre\u2019 que Clemente <strong>no hab\u00eda sido invitado al funeral <\/strong>de su hermano. Adem\u00e1s, asegur\u00f3 que su hijo pidi\u00f3 que en aquella despedida se leyera una carta en su nombre, un gesto que brill\u00f3 por su ausencia.\u00a0<\/p>\n<p>Clemente Lequio, tras el revuelo causado en aquel momento, emiti\u00f3 <strong>un comunicado v\u00eda redes sociales<\/strong>. \u00abMe gustar\u00eda aclarar dos puntos de manera breve y contundente sin entrar en detalles\u00a0para que queden zanjados\u00a0de manera definitiva por mi parte\u201d, comenz\u00f3. Sobre su madre, dijo que \u201cjam\u00e1s ha mentido\u00a0en su \u00faltima aparici\u00f3n televisiva\u201d. Despu\u00e9s, a\u00f1adi\u00f3 que \u201cfue el mismo programa el que se aprovech\u00f3\u00a0de\u00a0manera\u00a0disgustosa\u00a0de la muerte de mi hermano para poder ganar audiencia y no lo contrario\u201d.<\/p>\n<p><img loading=\"lazy\" decoding=\"async\"   src=\"https:\/\/www.europesays.com\/es\/wp-content\/uploads\/2025\/11\/clemente-lequio-y-antonia-dellatte-02_00000000_6b82df13_251120094914_1200x1804.webp.webp\" alt=\"Clemente Lequio y Antonia Dell'Atte 02\" class=\"lazyload\" width=\"1200\" height=\"1804\" data-aspectratio=\"1200\/1804\"\/><\/p>\n<p>Cuando ha tenido que dar la cara por su madre, no lo ha dudado.<\/p>\n<p>&#13;Gtres<br \/>\n<img decoding=\"async\" src=\"https:\/\/www.europesays.com\/es\/wp-content\/uploads\/2025\/11\/isa-pantoja-lecturas_5b1342e0_251120145057_800x800.webp.webp\" alt=\"Isa pantoja Lecturas\" class=\"image lazyload\"\/><img loading=\"lazy\" decoding=\"async\" src=\"https:\/\/www.europesays.com\/es\/wp-content\/uploads\/2025\/11\/isa-pantoja-lecturas_5b1342e0_251120145102_1280x720.webp.webp\" alt=\"Isa Pantoja ya ha tomado una decisi\u00f3n sobre su hermano Kiko Rivera: &quot;Cuando llega a casa no tiene a nadie esperando&quot;\" class=\"image lazyload\" width=\"1280\" height=\"720\" data-aspectratio=\"1280\/720\"\/><\/p>\n<p>Pero m\u00e1s all\u00e1 de alguna aparici\u00f3n puntual de este tipo para aclarar su postura en situaciones pol\u00e9micas, Clemente Lequio ha decidido<strong> vivir lejos de la fama.<\/strong> Ahora, feliz con su mujer, con su vida en Miami y centrado en su trabajo, celebra junto a su madre el despido de su padre Alessandro Lequio.<\/p>\n","protected":false},"excerpt":{"rendered":"Clemente Lequio ten\u00eda todas las papeletas para ser un personaje medi\u00e1tico. M\u00e1s si cabe teniendo en cuenta los&hellip;\n","protected":false},"author":2,"featured_media":246856,"comment_status":"","ping_status":"","sticky":false,"template":"","format":"standard","meta":{"footnotes":""},"categories":[174],"tags":[255,146,147,25,24,256,23],"class_list":{"0":"post-246855","1":"post","2":"type-post","3":"status-publish","4":"format-standard","5":"has-post-thumbnail","7":"category-famosos","8":"tag-celebrities","9":"tag-entertainment","10":"tag-entretenimiento","11":"tag-es","12":"tag-espana","13":"tag-famosos","14":"tag-spain"},"share_on_mastodon":{"url":"https:\/\/pubeurope.com\/@es\/115583694632226200","error":""},"_links":{"self":[{"href":"https:\/\/www.europesays.com\/es\/wp-json\/wp\/v2\/posts\/246855","targetHints":{"allow":["GET"]}}],"collection":[{"href":"https:\/\/www.europesays.com\/es\/wp-json\/wp\/v2\/posts"}],"about":[{"href":"https:\/\/www.europesays.com\/es\/wp-json\/wp\/v2\/types\/post"}],"author":[{"embeddable":true,"href":"https:\/\/www.europesays.com\/es\/wp-json\/wp\/v2\/users\/2"}],"replies":[{"embeddable":true,"href":"https:\/\/www.europesays.com\/es\/wp-json\/wp\/v2\/comments?post=246855"}],"version-history":[{"count":0,"href":"https:\/\/www.europesays.com\/es\/wp-json\/wp\/v2\/posts\/246855\/revisions"}],"wp:featuredmedia":[{"embeddable":true,"href":"https:\/\/www.europesays.com\/es\/wp-json\/wp\/v2\/media\/246856"}],"wp:attachment":[{"href":"https:\/\/www.europesays.com\/es\/wp-json\/wp\/v2\/media?parent=246855"}],"wp:term":[{"taxonomy":"category","embeddable":true,"href":"https:\/\/www.europesays.com\/es\/wp-json\/wp\/v2\/categories?post=246855"},{"taxonomy":"post_tag","embeddable":true,"href":"https:\/\/www.europesays.com\/es\/wp-json\/wp\/v2\/tags?post=246855"}],"curies":[{"name":"wp","href":"https:\/\/api.w.org\/{rel}","templated":true}]}}