{"id":246857,"date":"2025-11-20T19:32:12","date_gmt":"2025-11-20T19:32:12","guid":{"rendered":"https:\/\/www.europesays.com\/es\/246857\/"},"modified":"2025-11-20T19:32:12","modified_gmt":"2025-11-20T19:32:12","slug":"se-puede-vivir-en-11-m2-la-cabana-de-madera-de-esta-interiorista-demuestra-que-con-ingenio-todo-es-posible-es-un-espacio-en-el-que-el-estilo-se-une-a-la-funcionalidad","status":"publish","type":"post","link":"https:\/\/www.europesays.com\/es\/246857\/","title":{"rendered":"\u00bfSe puede vivir en 11 m2? La caba\u00f1a de madera de esta interiorista demuestra que con ingenio todo es posible: \u201cEs un espacio en el que el estilo se une a la funcionalidad\u201d"},"content":{"rendered":"<p><strong>La caba\u00f1a de madera de 11 m2 de la interiorista Jenny Kozena logra ser un espacio c\u00f3modo y funcional, lleno de encanto.<\/strong><\/p>\n<p>Un sinf\u00edn de posibilidades y una finca agr\u00edcola en Malib\u00fa. Con ese escenario se encontr\u00f3 la <strong>dise\u00f1adora de interiores Jenny Kozena<\/strong> cuando decidi\u00f3 dejar su ciudad natal, <a href=\"https:\/\/www.revistaad.es\/tags\/londres\" isautogenerated=\"true\" rel=\"nofollow noopener\" target=\"_blank\">Londres<\/a>, para comenzar una nueva etapa en <a href=\"https:\/\/www.revistaad.es\/tags\/california\" isautogenerated=\"true\" rel=\"nofollow noopener\" target=\"_blank\">California<\/a>. Junto a su cu\u00f1ado, Gregory London \u2013constructor y due\u00f1o del terreno\u2013, emprendi\u00f3 un proyecto que muchos considerar\u00edan especialmente ambicioso: <strong>crear una peque\u00f1a caba\u00f1a de madera<\/strong>, situada a unos 15 metros de la vivienda principal, que sirviera como su nuevo hogar y dialogara con el entorno natural.<\/p>\n<p>\u201cBusc\u00e1bamos dar vida a un espacio que recordara a la antigua California\u201d, explica la interiorista. La familia de Gregory lleva generaciones viviendo en la granja, por lo que era <strong>esencial que el <a href=\"https:\/\/www.revistaad.es\/tags\/diseno\" isautogenerated=\"true\" rel=\"nofollow noopener\" target=\"_blank\">dise\u00f1o<\/a> reflejara la identidad y la historia del lugar<\/strong>. \u201cCuando una construcci\u00f3n parece fuera de lugar o no guarda relaci\u00f3n con su entorno, se genera una desconexi\u00f3n, justo lo contrario de lo que queremos provocar en quienes la visiten\u201d, a\u00f1ade Jenny.<\/p>\n<p><img decoding=\"async\" alt=\"Exterior de una caba\u00f1a de madera con peque\u00f1o jard\u00edn mesa con sillas blancas.\" loading=\"lazy\" class=\"ResponsiveImageContainer-eNxvmU cfBbTk responsive-image__image\"   src=\"https:\/\/www.europesays.com\/es\/wp-content\/uploads\/2025\/11\/20230312_JK_Malibu%2015.jpg\"\/><\/p>\n<p>La casa se integra perfectamente en su entorno natural gracias al revestimiento de cedro. Construida bajo un sicomoro, ofrece un fresco refugio de los calurosos veranos californianos. Las macetas y los muebles del patio, estrat\u00e9gicamente colocados, crean una zona de estar extra en el exterior que complementa la belleza natural de las monta\u00f1as.<\/p>\n<p>\u00a9 Madeline Tolle<strong>Un hogar c\u00e1lido y con textura<\/strong><\/p>\n<p>En la actualidad, la notable calidez de los interiores de esta minicasa de madera se percibe inmediatamente desde el exterior, donde se puede vislumbrar la llama de una vela a trav\u00e9s de las ventanas abatibles recuperadas. Una vez dentro, <strong>la <a href=\"https:\/\/www.revistaad.es\/tags\/chimenea\" isautogenerated=\"true\" rel=\"nofollow noopener\" target=\"_blank\">chimenea<\/a> central, el sof\u00e1 <a href=\"https:\/\/www.revistaad.es\/tags\/vintage\" isautogenerated=\"true\" rel=\"nofollow noopener\" target=\"_blank\">vintage<\/a>, el bar, el pintoresco espacio de trabajo y la <a href=\"https:\/\/www.revistaad.es\/tags\/cocina\" isautogenerated=\"true\" rel=\"nofollow noopener\" target=\"_blank\">cocina<\/a> se despliegan ante la vista:<\/strong> \u00abEs un espacio en el que el estilo se une a la funcionalidad\u00bb, dice Jenny. Aunque la intenci\u00f3n de un hogar de este tipo es vivir con menos, la dise\u00f1adora decidi\u00f3 abandonar frase \u00abmenos es m\u00e1s\u00bb y optar en su lugar por acabados r\u00fasticos, <a href=\"https:\/\/www.revistaad.es\/tags\/telas\" isautogenerated=\"true\" rel=\"nofollow noopener\" target=\"_blank\">telas<\/a> con textura y <a href=\"https:\/\/www.revistaad.es\/tags\/colores\" isautogenerated=\"true\" rel=\"nofollow noopener\" target=\"_blank\">colores<\/a> vivos. \u00abHay una sensaci\u00f3n inesperada de hogar que sorprende a la gente\u00bb, explica. <strong>\u00abUna casa puede ser sencilla, pero un hogar, como el ser humano, no lo es ni de lejos\u00bb<\/strong>.<\/p>\n","protected":false},"excerpt":{"rendered":"La caba\u00f1a de madera de 11 m2 de la interiorista Jenny Kozena logra ser un espacio c\u00f3modo y&hellip;\n","protected":false},"author":2,"featured_media":246858,"comment_status":"","ping_status":"","sticky":false,"template":"","format":"standard","meta":{"footnotes":""},"categories":[173],"tags":[229,233,231,230,1530,232,234,146,147,25,24,11663,23],"class_list":{"0":"post-246857","1":"post","2":"type-post","3":"status-publish","4":"format-standard","5":"has-post-thumbnail","7":"category-arte-y-diseno","8":"tag-arte","9":"tag-arte-y-diseno","10":"tag-arts","11":"tag-arts-and-design","12":"tag-casas-ad","13":"tag-design","14":"tag-diseno","15":"tag-entertainment","16":"tag-entretenimiento","17":"tag-es","18":"tag-espana","19":"tag-pisos-pequenos","20":"tag-spain"},"share_on_mastodon":{"url":"https:\/\/pubeurope.com\/@es\/115583696480962818","error":""},"_links":{"self":[{"href":"https:\/\/www.europesays.com\/es\/wp-json\/wp\/v2\/posts\/246857","targetHints":{"allow":["GET"]}}],"collection":[{"href":"https:\/\/www.europesays.com\/es\/wp-json\/wp\/v2\/posts"}],"about":[{"href":"https:\/\/www.europesays.com\/es\/wp-json\/wp\/v2\/types\/post"}],"author":[{"embeddable":true,"href":"https:\/\/www.europesays.com\/es\/wp-json\/wp\/v2\/users\/2"}],"replies":[{"embeddable":true,"href":"https:\/\/www.europesays.com\/es\/wp-json\/wp\/v2\/comments?post=246857"}],"version-history":[{"count":0,"href":"https:\/\/www.europesays.com\/es\/wp-json\/wp\/v2\/posts\/246857\/revisions"}],"wp:featuredmedia":[{"embeddable":true,"href":"https:\/\/www.europesays.com\/es\/wp-json\/wp\/v2\/media\/246858"}],"wp:attachment":[{"href":"https:\/\/www.europesays.com\/es\/wp-json\/wp\/v2\/media?parent=246857"}],"wp:term":[{"taxonomy":"category","embeddable":true,"href":"https:\/\/www.europesays.com\/es\/wp-json\/wp\/v2\/categories?post=246857"},{"taxonomy":"post_tag","embeddable":true,"href":"https:\/\/www.europesays.com\/es\/wp-json\/wp\/v2\/tags?post=246857"}],"curies":[{"name":"wp","href":"https:\/\/api.w.org\/{rel}","templated":true}]}}