{"id":246861,"date":"2025-11-20T19:35:15","date_gmt":"2025-11-20T19:35:15","guid":{"rendered":"https:\/\/www.europesays.com\/es\/246861\/"},"modified":"2025-11-20T19:35:15","modified_gmt":"2025-11-20T19:35:15","slug":"paloma-morphy-dejo-el-derecho-y-gano-un-latin-grammy","status":"publish","type":"post","link":"https:\/\/www.europesays.com\/es\/246861\/","title":{"rendered":"Paloma Morphy dej\u00f3 el derecho y gan\u00f3 un Latin Grammy"},"content":{"rendered":"<p class=\"paragraph larva \/\/ lrv-u-margin-lr-auto  lrv-a-font-body-m   \">\n\tEn los Latin Grammys 2025, Paloma Morphy gan\u00f3 el codiciado premio al mejor artista nuevo, categor\u00eda en la que compet\u00eda con prometedores talentos como Alleh, del famoso d\u00fao Alleh y Yorghaki; Isadora, hija de Chayanne; y el guitarrista de flamenco Yerai Cort\u00e9s.<\/p>\n<p>\t\t\t\t\tExplorar\t\t<\/p>\n<p>\t\t\t<a href=\"https:\/\/www.billboard.com\/artist\/paloma-morphy\/\" class=\"c-lazy-image__link lrv-a-unstyle-link\" rel=\"nofollow noopener\" target=\"_blank\"><\/p>\n<p>\t\t\t\t\t\t<img class=\"c-lazy-image__img lrv-u-background-color-grey-lightest lrv-u-width-100p lrv-u-display-block lrv-u-height-auto\" src=\"https:\/\/www.europesays.com\/es\/wp-content\/uploads\/2025\/09\/lazyload-fallback.gif\" data-lazy-src=\"https:\/\/www.europesays.com\/es\/wp-content\/uploads\/2025\/09\/lazyload-fallback.gif\" alt=\"\" data-lazy- data-lazy- height=\"\" width=\"\" decoding=\"async\"\/><\/p>\n<p>\t\t\t<\/a><\/p>\n<p class=\"c-tagline    lrv-u-text-transform-uppercase lrv-u-color-black u-padding-t-13 lrv-u-padding-b-2 lrv-u-margin-tb-00 lrv-u-text-align-center lrv-u-border-t-1 lrv-u-border-color-black lrv-u-width-100p a-bbesp-font-secondary-fancy-xs@desktop a-bbesp-font-primary-m@mobile-max u-letter-spacing-0041@desktop u-letter-spacing-0656@mobile-max u-line-height-10px@desktop u-line-height-12px@mobile-max\">Vea los \u00faltimos videos, gr\u00e1ficos y noticias<\/p>\n<p class=\"paragraph larva \/\/ lrv-u-margin-lr-auto  lrv-a-font-body-m   \">\n\t\u201cMe siento como la nueva del sal\u00f3n, con todos los artistas\u201d, dijo a Billboard durante la semana de los Latin Grammys en Las Vegas. \u201cVerlos por primera vez fuera de la pantalla fue bastante shockeante, pero estoy muy feliz, emocionada, nerviosa. La verdad es que es un sue\u00f1o cumplido. A mi me daba miedo antes de venir y pensar que iba a ser ful competencia [\u2026] Nos dimos cuenta que todos estamos en las mismas. Estamos felices de conocer a los dem\u00e1s y apoyarnos\u201d.<\/p>\n<p class=\"paragraph larva \/\/ lrv-u-margin-lr-auto  lrv-a-font-body-m   \">\n\tOriginaria de la Ciudad de M\u00e9xico, Morphy descubri\u00f3 su pasi\u00f3n por la m\u00fasica desde muy joven cuando se uni\u00f3 a coros y concursos de talento. Consciente de su superpoder, lleg\u00f3 un punto en su vida en el que se sinti\u00f3 desmotivada y no ve\u00eda viable una carrera en la m\u00fasica. Por lo tanto, decidi\u00f3 estudiar derecho. Sin embargo, su amor por la m\u00fasica se mantuvo presente, y despu\u00e9s de subir canciones en redes sociales \u2014 solo como un pasatiempo \u2014 Morphy oficialmente incursion\u00f3 en el \u00e1mbito musical en 2022 con su sencillo debut <a href=\"https:\/\/www.youtube.com\/watch?v=UQ4Qodga4vI\" target=\"_blank\" rel=\"noreferrer noopener nofollow\">\u201cLa idiota soy yo\u201d<\/a>.<\/p>\n<p class=\"paragraph larva \/\/ lrv-u-margin-lr-auto  lrv-a-font-body-m   \">\n\t\u201cMe sal\u00ed de mi trabajo como abogado penal para darle un chance a mi sue\u00f1o de chiquita que era hacer m\u00fasica\u201d, cont\u00f3. \u201cDije que le iba a dar dos a\u00f1os a ver qu\u00e9 pasa\u201d.<\/p>\n<p class=\"paragraph larva \/\/ lrv-u-margin-lr-auto  lrv-a-font-body-m   \">\n\tEn esos dos a\u00f1os, Morphy no solo ha cautivado con su sonido indie-pop, su encantadora voz y su personalidad alegre. Tambi\u00e9n lanz\u00f3 su \u00e1lbum debut, Au, bajo Sony Music M\u00e9xico este a\u00f1o, y fue nominada a dos Latin Grammys, ganando finalmente el trofeo al mejor artista nuevo de 2025.<\/p>\n<p>\t\t\t\t\t\t<img loading=\"lazy\" class=\"c-lazy-image__img lrv-u-background-color-grey-lightest lrv-u-width-100p lrv-u-display-block lrv-u-height-auto\" src=\"https:\/\/www.europesays.com\/es\/wp-content\/uploads\/2025\/09\/lazyload-fallback.gif\" data-lazy-src=\"https:\/\/www.europesays.com\/es\/wp-content\/uploads\/2025\/11\/Paloma-Morphy-lating-rammy-2025-billboard-1800.jpg\" alt=\"Paloma Morphy accepts the Best New Artist award onstage at the 26th Annual Latin GRAMMY Awards held at the MGM Grand Garden Arena on November 13, 2025 in Las Vegas, Nevada.\" data-lazy- data-lazy- height=\"683\" width=\"1024\" decoding=\"async\"\/><\/p>\n<p>\t\t\t\t\tPaloma Morphy recibe el premio al mejor artista nuevo durante la 26a entrega anual de los Latin Grammys, el 13 de noviembre de 2025 en el MGM Grand Garden Arena en Las Vegas.<\/p>\n<p>\t\t\t\t\t\t\t\t\tChristopher Polk<\/p>\n<p class=\"paragraph larva \/\/ lrv-u-margin-lr-auto  lrv-a-font-body-m   \">\n\t\u201cEstaba muy triste y desmotivada, y no s\u00e9 de d\u00f3nde saqu\u00e9 fuerzas y sal\u00ed pa\u2019lante, pero conect\u00e9 con mi sue\u00f1o desde chiquita que nunca pens\u00e9 pudo ser real\u201d, declar\u00f3 en la sala de prensa la noche de su victoria.<\/p>\n<p class=\"paragraph larva \/\/ lrv-u-margin-lr-auto  lrv-a-font-body-m   \">\n\tAdem\u00e1s, reflexion\u00f3 sobre su tiempo como abogada, admitiendo a Billboard: \u201cPor algo me chup\u00e9 cinco a\u00f1os de esa carrera aburrid\u00edsima, pero s\u00ed, me da otra perspectiva y todas mis canciones las hago desde la experiencia. Hasta ahora no se me ha dado escribir sobre cosas que no sienta profundamente\u201d.<\/p>\n<p class=\"paragraph larva \/\/ lrv-u-margin-lr-auto  lrv-a-font-body-m   \">\n\tA continuaci\u00f3n, conoce m\u00e1s sobre la Artista Latina en Ascenso de este mes de Billboard.<\/p>\n<p class=\"paragraph larva \/\/ lrv-u-margin-lr-auto  lrv-a-font-body-m   \">\n\t<strong>Nombre: <\/strong>Andrea Paloma Barrios Gomez \u00c1lvarez Morphy<\/p>\n<p class=\"paragraph larva \/\/ lrv-u-margin-lr-auto  lrv-a-font-body-m   \">\n\t<strong>Edad: <\/strong>25 a\u00f1os<\/p>\n<p class=\"paragraph larva \/\/ lrv-u-margin-lr-auto  lrv-a-font-body-m   \">\n\t<strong>Canci\u00f3n recomendada:<\/strong> \u201cLa mexicana\u201d<\/p>\n<p class=\"paragraph larva \/\/ lrv-u-margin-lr-auto  lrv-a-font-body-m   \">\n\t\u201cEsta canci\u00f3n la escrib\u00ed porque en el tiempo que estuve trabajando en la fiscal\u00eda, me di cuenta c\u00f3mo much\u00edsimas de las denuncias de violencia de g\u00e9nero ni siquiera llegaban a la etapa de investigaci\u00f3n. Desde ese lugar le escrib\u00ed una canci\u00f3n a M\u00e9xico como si fuera una persona que yo amo, porque yo amo a mi pa\u00eds, es hermoso en tantos sentidos. Pero en esta canci\u00f3n le digo: \u2018\u00bfPor qu\u00e9 no me quieres como yo te quiero?\u2019 La verdad es como mi forma de levantar la voz y me ha hecho reflexionar de c\u00f3mo podemos realmente hacer un cambio\u201d.<\/p>\n<p class=\"paragraph larva \/\/ lrv-u-margin-lr-auto  lrv-a-font-body-m   \">\n\t<strong>Mayor logro: <\/strong>Ganar el Latin Grammy al mejor artista nuevo de 2025, y que su \u00e1lbum debut, Au, haya acumulado m\u00e1s de 28 millones de reproducciones en Spotify desde su lanzamiento en marzo.<\/p>\n<p class=\"paragraph larva \/\/ lrv-u-margin-lr-auto  lrv-a-font-body-m   \">\n\t<strong>Lo que viene: <\/strong>Una nueva colaboraci\u00f3n con Neto Pe\u00f1a y Robot95 que sale este jueves (20 de noviembre), y trabajar en nueva m\u00fasica que lanzar\u00e1 en 2026 antes de su segundo \u00e1lbum de estudio.<\/p>\n","protected":false},"excerpt":{"rendered":"En los Latin Grammys 2025, Paloma Morphy gan\u00f3 el codiciado premio al mejor artista nuevo, categor\u00eda en la&hellip;\n","protected":false},"author":2,"featured_media":246862,"comment_status":"","ping_status":"","sticky":false,"template":"","format":"standard","meta":{"footnotes":""},"categories":[170],"tags":[62961,146,147,25,24,9834,184,185,23],"class_list":{"0":"post-246861","1":"post","2":"type-post","3":"status-publish","4":"format-standard","5":"has-post-thumbnail","7":"category-musica","8":"tag-artista-latino-en-ascenso","9":"tag-entertainment","10":"tag-entretenimiento","11":"tag-es","12":"tag-espana","13":"tag-genre-espau00f1ol","14":"tag-music","15":"tag-musica","16":"tag-spain"},"share_on_mastodon":{"url":"https:\/\/pubeurope.com\/@es\/115583708441153648","error":""},"_links":{"self":[{"href":"https:\/\/www.europesays.com\/es\/wp-json\/wp\/v2\/posts\/246861","targetHints":{"allow":["GET"]}}],"collection":[{"href":"https:\/\/www.europesays.com\/es\/wp-json\/wp\/v2\/posts"}],"about":[{"href":"https:\/\/www.europesays.com\/es\/wp-json\/wp\/v2\/types\/post"}],"author":[{"embeddable":true,"href":"https:\/\/www.europesays.com\/es\/wp-json\/wp\/v2\/users\/2"}],"replies":[{"embeddable":true,"href":"https:\/\/www.europesays.com\/es\/wp-json\/wp\/v2\/comments?post=246861"}],"version-history":[{"count":0,"href":"https:\/\/www.europesays.com\/es\/wp-json\/wp\/v2\/posts\/246861\/revisions"}],"wp:featuredmedia":[{"embeddable":true,"href":"https:\/\/www.europesays.com\/es\/wp-json\/wp\/v2\/media\/246862"}],"wp:attachment":[{"href":"https:\/\/www.europesays.com\/es\/wp-json\/wp\/v2\/media?parent=246861"}],"wp:term":[{"taxonomy":"category","embeddable":true,"href":"https:\/\/www.europesays.com\/es\/wp-json\/wp\/v2\/categories?post=246861"},{"taxonomy":"post_tag","embeddable":true,"href":"https:\/\/www.europesays.com\/es\/wp-json\/wp\/v2\/tags?post=246861"}],"curies":[{"name":"wp","href":"https:\/\/api.w.org\/{rel}","templated":true}]}}