{"id":24687,"date":"2025-08-04T09:29:09","date_gmt":"2025-08-04T09:29:09","guid":{"rendered":"https:\/\/www.europesays.com\/es\/24687\/"},"modified":"2025-08-04T09:29:09","modified_gmt":"2025-08-04T09:29:09","slug":"o-mucho-me-engano-o-han-descubierto-a-una-perla","status":"publish","type":"post","link":"https:\/\/www.europesays.com\/es\/24687\/","title":{"rendered":"O mucho me enga\u00f1\u00f3 o han descubierto a una perla"},"content":{"rendered":"<p class=\"ft-text\"><strong>Roony Bardghji est\u00e1 causando buenas sensaciones en el FC Barcelona.<\/strong> El extremo sueco, que aterriz\u00f3 este verano en el club catal\u00e1n por cerca de dos millones de euros, est\u00e1 dando muestras de su <strong>enorme talento<\/strong> y de su <strong>r\u00e1pida adaptaci\u00f3n<\/strong> al estilo de juego azulgrana en los primeros duelos de pretemporada. Eso s\u00ed, <a href=\"https:\/\/www.sport.es\/es\/noticias\/barca\/barca-encantado-bardghji-120313749\" class=\"ft-link ft-link--decoration\" rel=\"nofollow noopener\" target=\"_blank\">todav\u00eda tiene trabajo por delante para convencer a Hansi Flick y ser un miembro fijo de la primera plantilla de cara a la pr\u00f3xima temporada. <\/a><\/p>\n<p class=\"ft-text\"><strong>Pero no es el \u00fanico talento que ha abandonado el Copenhague este mismo verano.<\/strong> Fuera del actual jugador azulgrana, el club dan\u00e9s tambi\u00e9n perdi\u00f3 a una de sus mayores promesas con la salida de <strong>Victor Mow Froholdt<\/strong>, que coincidi\u00f3 en <strong>ocho partidos con Bardghji<\/strong> en el Parken Stadion. Tras una temporada a un excelente nivel, el centrocampista de tan solo 19 a\u00f1os <strong>puso direcci\u00f3n al Porto a cambio de 20 millones de euros, <\/strong>en el que se convirti\u00f3 en el segundo mayor traspaso de la historia de la Superliga danesa.<\/p>\n<p class=\"ft-text\">Froholdt hab\u00eda sido una pieza fundamental en los logros del Copenhague, concretamente en los t\u00edtulos de Liga y Copa danesa. <strong>Con seis goles y cinco asistencias en 53 partidos, entre las diferentes competiciones, el mediocentro tambi\u00e9n se llev\u00f3 el premio a &#8216;Mejor Joven&#8217;, adem\u00e1s de ser incluido en el &#8216;Equipo del A\u00f1o&#8217; del campeonato dan\u00e9s. <\/strong>Toda una maravilla de jugador con un buen presente, pero todav\u00eda mejor futuro.<\/p>\n<p class=\"ft-text\">Y ya lo est\u00e1 demostrando con la camiseta del FC Porto.<strong> Victor Froholdt se convirti\u00f3 en una pesadilla para el Atl\u00e9tico de Madrid en el amistoso disputado el pasado domingo<\/strong>. El centrocampista dan\u00e9s super\u00f3 continuamente a los jugadores rojiblancos e <a href=\"https:\/\/www.sport.es\/es\/noticias\/atletico-de-madrid\/luuk-jong-porto-opacan-flojo-120322958\" class=\"ft-link ft-link--decoration\" rel=\"nofollow noopener\" target=\"_blank\">incluso fue el autor de la victoria del conjunto portugu\u00e9s con un derechazo cruzado totalmente imparable para Jan Oblak.<\/a> Un aut\u00e9ntico quebradero de cabeza para los rojiblancos.<\/p>\n<p><img decoding=\"async\" src=\"https:\/\/www.europesays.com\/es\/wp-content\/uploads\/2025\/08\/235f89a3-4a54-4085-b32a-fd002dfce5ed_alta-libre-aspect-ratio_default_0.jpg\" width=\"1200\" height=\"675\" alt=\"Victor Froholdt, en acci\u00f3n contra el Atl\u00e9tico de Madrid\" class=\"ft-helper-img-rd\" loading=\"lazy\" hasdataaida=\"true\"\/><\/p>\n<p class=\"ft-helper-fontColor-quaternary ft-helper-fontSize-body-S ft-helper-spacer-t-xxs\">Victor Froholdt, en acci\u00f3n contra el Atl\u00e9tico de Madrid  \/ EFE<\/p>\n<p class=\"ft-text\">Despu\u00e9s de su enorme actuaci\u00f3n contra el Atl\u00e9tico, con un gol, dos regates, dos intercepciones y cinco recuperaciones, los elogios no tardaron en aparecer. \u00ab<strong>O mucho me enga\u00f1\u00f3 o el Oporto ha descubierto una perla. Es un jugador extraordinario. Hac\u00eda mucho tiempo que, en un arranque de temporada, no ve\u00eda un jugador tan joven tener el impacto que ha tenido en el equipo<\/strong>. Ya le hab\u00eda visto contra el Twente. Tiene una intensidad incre\u00edble y mucha calidad t\u00e9cnica. Quiere construir y destruir\u00bb, apunt\u00f3 Jorge Baptista, comentarista de &#8216;CNN Portugal&#8217;.<\/p>\n<p class=\"ft-text\">Lo cierto es que Froholdt demostr\u00f3 de lo que es capaz delante de un rival de entidad. Aportando tanto en defensa como en ataque,<strong> el mediocampista dan\u00e9s tambi\u00e9n es un todoterreno dentro del campo. <\/strong>Intensidad, pero tambi\u00e9n calidad para convertirse en la nueva perla del Porto, que sabe identificar con facilidad el potencial en los jugadores j\u00f3venes.<\/p>\n<p class=\"ft-text\">En ese sentido, <strong>Francesco Farioli<\/strong>, t\u00e9cnico del Porto, tambi\u00e9n aport\u00f3 su impresi\u00f3n sobre Froholdt: \u00abVictor es un jugador que ha sido analizado por el Oporto desde hace mucho tiempo, incluso antes de que yo llegara. Fue uno de los primeros nombres que me sugirieron.<strong> Enseguida consensuamos que era un jugador que nos pod\u00eda ayudar. Tiene un &#8216;motor&#8217; incre\u00edble.<\/strong> Es capaz de repetir acciones a alta intensidad, esto es algo \u00fanico, pero a\u00fan es joven y tiene mucho que mejorar y aprender, sobre todo a la hora de tomar decisiones en espacios reducidos\u00bb. <strong>Una nueva promesa del f\u00fatbol europeo que habr\u00e1 que seguir muy de cerca&#8230;<\/strong><\/p>\n","protected":false},"excerpt":{"rendered":"Roony Bardghji est\u00e1 causando buenas sensaciones en el FC Barcelona. El extremo sueco, que aterriz\u00f3 este verano en&hellip;\n","protected":false},"author":2,"featured_media":24688,"comment_status":"","ping_status":"","sticky":false,"template":"","format":"standard","meta":{"footnotes":""},"categories":[268],"tags":[3562,168,25,24,280,282,7626,281,23,167,13935],"class_list":{"0":"post-24687","1":"post","2":"type-post","3":"status-publish","4":"format-standard","5":"has-post-thumbnail","7":"category-futbol","8":"tag-bardghji","9":"tag-deportes","10":"tag-es","11":"tag-espana","12":"tag-football","13":"tag-futbol","14":"tag-porto","15":"tag-soccer","16":"tag-spain","17":"tag-sports","18":"tag-victor-mow-froholdt"},"share_on_mastodon":{"url":"","error":""},"_links":{"self":[{"href":"https:\/\/www.europesays.com\/es\/wp-json\/wp\/v2\/posts\/24687","targetHints":{"allow":["GET"]}}],"collection":[{"href":"https:\/\/www.europesays.com\/es\/wp-json\/wp\/v2\/posts"}],"about":[{"href":"https:\/\/www.europesays.com\/es\/wp-json\/wp\/v2\/types\/post"}],"author":[{"embeddable":true,"href":"https:\/\/www.europesays.com\/es\/wp-json\/wp\/v2\/users\/2"}],"replies":[{"embeddable":true,"href":"https:\/\/www.europesays.com\/es\/wp-json\/wp\/v2\/comments?post=24687"}],"version-history":[{"count":0,"href":"https:\/\/www.europesays.com\/es\/wp-json\/wp\/v2\/posts\/24687\/revisions"}],"wp:featuredmedia":[{"embeddable":true,"href":"https:\/\/www.europesays.com\/es\/wp-json\/wp\/v2\/media\/24688"}],"wp:attachment":[{"href":"https:\/\/www.europesays.com\/es\/wp-json\/wp\/v2\/media?parent=24687"}],"wp:term":[{"taxonomy":"category","embeddable":true,"href":"https:\/\/www.europesays.com\/es\/wp-json\/wp\/v2\/categories?post=24687"},{"taxonomy":"post_tag","embeddable":true,"href":"https:\/\/www.europesays.com\/es\/wp-json\/wp\/v2\/tags?post=24687"}],"curies":[{"name":"wp","href":"https:\/\/api.w.org\/{rel}","templated":true}]}}