{"id":246873,"date":"2025-11-20T19:43:18","date_gmt":"2025-11-20T19:43:18","guid":{"rendered":"https:\/\/www.europesays.com\/es\/246873\/"},"modified":"2025-11-20T19:43:18","modified_gmt":"2025-11-20T19:43:18","slug":"vilaplana-pudo-concluir-su-cita-con-mazon-a-las-19-47-segun-los-registros-del-aparcamiento-aportados-a-la-jueza-de-la-dana-noticias-de-la-comunidad-valenciana","status":"publish","type":"post","link":"https:\/\/www.europesays.com\/es\/246873\/","title":{"rendered":"Vilaplana pudo concluir su cita con Maz\u00f3n a las 19.47, seg\u00fan los registros del aparcamiento aportados a la jueza de la dana | Noticias de la Comunidad Valenciana"},"content":{"rendered":"<p class=\"\">Maribel Vilaplana, la periodista que comi\u00f3 con Carlos Maz\u00f3n la tarde del 29 de octubre de 2024, cuando se produjo la dana que dej\u00f3 229 muertos en Valencia, pudo concluir su cita con el actual presidente en funciones de la Generalitat ese d\u00eda a las 19.47 tras retirar a esa hora su veh\u00edculo de <a href=\"https:\/\/elpais.com\/espana\/comunidad-valenciana\/2025-11-19\/la-empresa-del-parquin-donde-vilaplana-dejo-su-coche-dice-a-la-jueza-que-borra-sus-datos-cada-ano.html\" target=\"_self\" rel=\"nofollow noopener\" title=\"https:\/\/elpais.com\/espana\/comunidad-valenciana\/2025-11-19\/la-empresa-del-parquin-donde-vilaplana-dejo-su-coche-dice-a-la-jueza-que-borra-sus-datos-cada-ano.html\">un c\u00e9ntrico aparcamiento de la ciudad<\/a>. Maz\u00f3n no lleg\u00f3 al centro de emergencias (Cecopi) hasta las 20.28, m\u00e1s de 15 minutos despu\u00e9s de que se mandase el mensaje masivo de alerta a la poblaci\u00f3n por la riada.<\/p>\n<p class=\"\">Esa nueva hora surge de cruzar los datos que expuso la periodista en el juzgado durante<a href=\"https:\/\/elpais.com\/espana\/comunidad-valenciana\/2025-11-03\/maribel-vilaplana-llega-al-juzgado-de-catarroja-en-medio-de-gritos-de-las-victimas-cuenta-toda-la-verdad.html\" target=\"_blank\" rel=\"noreferrer nofollow noopener\" title=\"https:\/\/elpais.com\/espana\/comunidad-valenciana\/2025-11-03\/maribel-vilaplana-llega-al-juzgado-de-catarroja-en-medio-de-gritos-de-las-victimas-cuenta-toda-la-verdad.html\"> su declaraci\u00f3n del pasado 3 de noviembre<\/a> con el listado de salidas que la empresa que gestiona el garaje de la plaza de Tetu\u00e1n de Valencia, Interparking Hispania S. A., ha aportado a la jueza de Catarroja (Valencia) que investiga la tragedia, Nuria Ruiz Tobarra. <\/p>\n<p class=\"\">La periodista sostuvo en el juzgado \u2014donde al comparecer como testigo ten\u00eda la obligaci\u00f3n de decir la verdad\u2014 que el d\u00eda de la tromba lleg\u00f3 al restaurante El Ventorro sobre las 15.00. El Excel entregado por la firma que gestiona el aparcamiento recoge la salida de un veh\u00edculo a las 19.47, que abon\u00f3 15,10 euros. Ese importe equivale a algo m\u00e1s de cinco horas, seg\u00fan las tarifas publicadas en la web de Interparking Hispania para su establecimiento Glorieta 24 horas. Con estos datos, el conductor o conductora del veh\u00edculo habr\u00eda dejado el coche en el garaje sobre las 14.45. Esta posibilidad supondr\u00eda que Vilaplana y Maz\u00f3n dedicaron una hora a recorrer el trayecto de 10 minutos a pie que separa El Ventorro del garaje, ya que la periodista asegur\u00f3 que pas\u00f3 casi cuatro horas en el establecimiento (15.00-18.45). <\/p>\n<p class=\"\">El an\u00e1lisis del registro del parking tambi\u00e9n ofrece otras dos posibilidades. La primera pasa por un veh\u00edculo que sali\u00f3 a las 19.12, que abon\u00f3 19,20 euros y, por tanto, estuvo estacionado m\u00e1s de seis horas, por lo que habr\u00eda llegado antes de las 14.00. Y la segunda, la de un coche que fue retirado a las 19.18, su conductor abon\u00f3 17,55 euros y habr\u00eda llegado tambi\u00e9n antes de las 14.00. <\/p>\n<p class=\"\">Como la periodista dijo en el juzgado que, el d\u00eda de la tragedia, acab\u00f3 un curso en Almussafes (Valencia) a las 13.30 y que, tras cada clase que imparte, suele dedicar un rato a apuntar notas de la jornada, estas dos \u00faltimas opciones parecen muy remotas, ya que desde esa localidad a Valencia hay unos 40 minutos en coche.<\/p>\n<p class=\"\">La confirmaci\u00f3n de la hora exacta de la retirada del veh\u00edculo de Vilaplana se conocer\u00e1 en los pr\u00f3ximos d\u00edas. <a href=\"https:\/\/elpais.com\/espana\/comunidad-valenciana\/2025-11-19\/la-empresa-del-parquin-donde-vilaplana-dejo-su-coche-dice-a-la-jueza-que-borra-sus-datos-cada-ano.html\" target=\"_self\" rel=\"nofollow noopener\" title=\"https:\/\/elpais.com\/espana\/comunidad-valenciana\/2025-11-19\/la-empresa-del-parquin-donde-vilaplana-dejo-su-coche-dice-a-la-jueza-que-borra-sus-datos-cada-ano.html\">La empresa que gestiona el aparcamiento respondi\u00f3 al juzgado que, con los datos entregados por la periodista, el n\u00famero de matr\u00edcula, no puede responder cu\u00e1ndo retir\u00f3 su veh\u00edculo. <\/a>Alega que \u201cautom\u00e1ticamente\u201d su programa inform\u00e1tico borra cada a\u00f1o las matr\u00edculas y que las im\u00e1genes de entrada y salida de los coches se eliminan del sistema cada mes. La jueza pidi\u00f3 a esta empresa los datos del estacionamiento el pasado 6 de noviembre, una semana despu\u00e9s del aniversario de la desgracia. <\/p>\n<p class=\"\">Como Interparking S. A. sostiene que, si el estacionamiento no se coste\u00f3 en efectivo, se podr\u00eda saber cu\u00e1ndo se retir\u00f3 el veh\u00edculo con la referencia de la tarjeta, la instructora solicit\u00f3 este mi\u00e9rcoles a la periodista este dato. <\/p>\n<p class=\"\">El movimiento de la jueza de aclarar a qu\u00e9 hora retir\u00f3 la informadora su veh\u00edculo llega despu\u00e9s de la declaraci\u00f3n de Vilaplana. En el juzgado, la comunicadora dijo que carec\u00eda del tique del establecimiento y se ofreci\u00f3 a la jueza a dar su n\u00famero de matr\u00edcula. <\/p>\n<p class=\"\">La periodista ha cambiado de versi\u00f3n tres veces sobre la comida que celebr\u00f3 con Maz\u00f3n mientras arreciaba la peor cat\u00e1strofe del siglo. En noviembre de 2024, afirm\u00f3 que se despidi\u00f3 del president a las 17.45. En una carta abierta, el pasado septiembre, precis\u00f3 que una hora m\u00e1s tarde. Y, por \u00faltimo, tras conocer que la jueza la citaba como testigo filtr\u00f3 que el bar\u00f3n popular la hab\u00eda acompa\u00f1ado al aparcamiento a recoger su coche.<\/p>\n","protected":false},"excerpt":{"rendered":"Maribel Vilaplana, la periodista que comi\u00f3 con Carlos Maz\u00f3n la tarde del 29 de octubre de 2024, cuando&hellip;\n","protected":false},"author":2,"featured_media":246874,"comment_status":"","ping_status":"","sticky":false,"template":"","format":"standard","meta":{"footnotes":""},"categories":[8],"tags":[17,18,2007,12137,242,1681,25,24,13,14,238,11,19,20,9,10,15,16,23,12,21,22],"class_list":{"0":"post-246873","1":"post","2":"type-post","3":"status-publish","4":"format-standard","5":"has-post-thumbnail","7":"category-espana","8":"tag-breaking-news","9":"tag-breakingnews","10":"tag-carlos-mazon","11":"tag-catastrofes","12":"tag-comunidad-valenciana","13":"tag-dana","14":"tag-es","15":"tag-espana","16":"tag-featured-news","17":"tag-featurednews","18":"tag-generalitat-valenciana","19":"tag-headlines","20":"tag-latest-news","21":"tag-latestnews","22":"tag-news","23":"tag-noticias","24":"tag-noticias-destacadas","25":"tag-noticiasdestacadas","26":"tag-spain","27":"tag-titulares","28":"tag-ultimas-noticias","29":"tag-ultimasnoticias"},"share_on_mastodon":{"url":"https:\/\/pubeurope.com\/@es\/115583740401660051","error":""},"_links":{"self":[{"href":"https:\/\/www.europesays.com\/es\/wp-json\/wp\/v2\/posts\/246873","targetHints":{"allow":["GET"]}}],"collection":[{"href":"https:\/\/www.europesays.com\/es\/wp-json\/wp\/v2\/posts"}],"about":[{"href":"https:\/\/www.europesays.com\/es\/wp-json\/wp\/v2\/types\/post"}],"author":[{"embeddable":true,"href":"https:\/\/www.europesays.com\/es\/wp-json\/wp\/v2\/users\/2"}],"replies":[{"embeddable":true,"href":"https:\/\/www.europesays.com\/es\/wp-json\/wp\/v2\/comments?post=246873"}],"version-history":[{"count":0,"href":"https:\/\/www.europesays.com\/es\/wp-json\/wp\/v2\/posts\/246873\/revisions"}],"wp:featuredmedia":[{"embeddable":true,"href":"https:\/\/www.europesays.com\/es\/wp-json\/wp\/v2\/media\/246874"}],"wp:attachment":[{"href":"https:\/\/www.europesays.com\/es\/wp-json\/wp\/v2\/media?parent=246873"}],"wp:term":[{"taxonomy":"category","embeddable":true,"href":"https:\/\/www.europesays.com\/es\/wp-json\/wp\/v2\/categories?post=246873"},{"taxonomy":"post_tag","embeddable":true,"href":"https:\/\/www.europesays.com\/es\/wp-json\/wp\/v2\/tags?post=246873"}],"curies":[{"name":"wp","href":"https:\/\/api.w.org\/{rel}","templated":true}]}}