{"id":246889,"date":"2025-11-20T19:57:13","date_gmt":"2025-11-20T19:57:13","guid":{"rendered":"https:\/\/www.europesays.com\/es\/246889\/"},"modified":"2025-11-20T19:57:13","modified_gmt":"2025-11-20T19:57:13","slug":"de-viernes-celebra-su-programa-numero-100-con-la-entrevista-mas-esperada","status":"publish","type":"post","link":"https:\/\/www.europesays.com\/es\/246889\/","title":{"rendered":"\u2018\u00a1De Viernes!\u2019 celebra su programa n\u00famero 100 con la entrevista m\u00e1s esperada"},"content":{"rendered":"<p class=\"ft-text\">&#8216;\u00a1De viernes!&#8217; celebra sus primeros 100 programas y lo hace por todo lo alto: por primera vez desde la emisi\u00f3n del impactante\u00a0Scoop\u00a0y de la extensa entrevista que Kiko Rivera ofreci\u00f3 en \u2018\u00a1De Viernes!\u2019, es Isa Pantoja quien dar\u00e1 ma\u00f1ana un paso al frente. \u201cLa entrevista de Kiko me ha removido muchas cosas y estoy muy sensible\u201d, ha confesado antes de su visita al programa, donde responder\u00e1 una por una a las reflexiones y confesiones de su hermano, incluidas las que \u00e9l mismo calific\u00f3 de comportamientos reprobables con ella.<\/p>\n<p class=\"ft-text\">Uno de los puntos clave de la noche ser\u00e1 el famoso episodio ocurrido en Cantora, por el que Kiko Rivera pidi\u00f3 perd\u00f3n p\u00fablicamente. El programa promete aclarar qu\u00e9 sucedi\u00f3 realmente y si, como se ha dicho, hubo un enfrentamiento entre Isa Pantoja e Isabel Pantoja en el que Kiko tuvo que intervenir para separarlas. La invitada tambi\u00e9n valorar\u00e1 las palabras en las que el DJ reproch\u00f3 actitudes del pasado y analizar\u00e1 el estado actual de las tensiones entre la familia Pantoja y Asraf Beno. Tras reconocer que en los \u00faltimos d\u00edas ha recibido un mensaje de Kiko, revelar\u00e1 si es posible una reconciliaci\u00f3n.<\/p>\n<p class=\"ft-text\">Adem\u00e1s, el programa de este viernes no girar\u00e1 \u00fanicamente en torno a los Pantoja. Tras la creciente \u2018guerra\u2019 de acusaciones entre Andy y Lucas, Mar\u00eda Jos\u00e9 \u2014pareja de Lucas\u2014 se sentar\u00e1 en el plat\u00f3 para hacer frente a todas las pol\u00e9micas surgidas en torno al d\u00fao. Abordar\u00e1 los comentarios sobre la operaci\u00f3n de nariz del cantante y contestar\u00e1 a las duras declaraciones de \u00c1lvaro Molina, expareja y antiguo promotor del grupo, que asegur\u00f3 que su mujer le hab\u00eda sido infiel con el artista y habl\u00f3 de un grave incidente del pasado.<\/p>\n","protected":false},"excerpt":{"rendered":"&#8216;\u00a1De viernes!&#8217; celebra sus primeros 100 programas y lo hace por todo lo alto: por primera vez desde&hellip;\n","protected":false},"author":2,"featured_media":246890,"comment_status":"","ping_status":"","sticky":false,"template":"","format":"standard","meta":{"footnotes":""},"categories":[171],"tags":[21882,62963,6951,30593,146,147,3141,25,24,6994,5533,2145,8013,23,214,381],"class_list":{"0":"post-246889","1":"post","2":"type-post","3":"status-publish","4":"format-standard","5":"has-post-thumbnail","7":"category-tv","8":"tag-21882","9":"tag-buscadisima","10":"tag-celebra","11":"tag-de-viernes","12":"tag-entertainment","13":"tag-entretenimiento","14":"tag-entrevista","15":"tag-es","16":"tag-espana","17":"tag-esperada","18":"tag-numero","19":"tag-programa","20":"tag-respuesta","21":"tag-spain","22":"tag-tv","23":"tag-viernes"},"share_on_mastodon":{"url":"https:\/\/pubeurope.com\/@es\/115583794859575668","error":""},"_links":{"self":[{"href":"https:\/\/www.europesays.com\/es\/wp-json\/wp\/v2\/posts\/246889","targetHints":{"allow":["GET"]}}],"collection":[{"href":"https:\/\/www.europesays.com\/es\/wp-json\/wp\/v2\/posts"}],"about":[{"href":"https:\/\/www.europesays.com\/es\/wp-json\/wp\/v2\/types\/post"}],"author":[{"embeddable":true,"href":"https:\/\/www.europesays.com\/es\/wp-json\/wp\/v2\/users\/2"}],"replies":[{"embeddable":true,"href":"https:\/\/www.europesays.com\/es\/wp-json\/wp\/v2\/comments?post=246889"}],"version-history":[{"count":0,"href":"https:\/\/www.europesays.com\/es\/wp-json\/wp\/v2\/posts\/246889\/revisions"}],"wp:featuredmedia":[{"embeddable":true,"href":"https:\/\/www.europesays.com\/es\/wp-json\/wp\/v2\/media\/246890"}],"wp:attachment":[{"href":"https:\/\/www.europesays.com\/es\/wp-json\/wp\/v2\/media?parent=246889"}],"wp:term":[{"taxonomy":"category","embeddable":true,"href":"https:\/\/www.europesays.com\/es\/wp-json\/wp\/v2\/categories?post=246889"},{"taxonomy":"post_tag","embeddable":true,"href":"https:\/\/www.europesays.com\/es\/wp-json\/wp\/v2\/tags?post=246889"}],"curies":[{"name":"wp","href":"https:\/\/api.w.org\/{rel}","templated":true}]}}