{"id":246893,"date":"2025-11-20T19:59:10","date_gmt":"2025-11-20T19:59:10","guid":{"rendered":"https:\/\/www.europesays.com\/es\/246893\/"},"modified":"2025-11-20T19:59:10","modified_gmt":"2025-11-20T19:59:10","slug":"cuando-llegara-al-streaming-y-en-que-plataforma","status":"publish","type":"post","link":"https:\/\/www.europesays.com\/es\/246893\/","title":{"rendered":"\u00bfCu\u00e1ndo llegar\u00e1 al streaming y en qu\u00e9 plataforma?"},"content":{"rendered":"<p><strong>Wicked: Parte II<\/strong> est\u00e1 siendo foco de pol\u00e9micas en la \u00faltima semana por el extra\u00f1o comportamiento de las dos estrellas principales, <strong>Ariana Grande y Cynthia Erivo<\/strong>, durante la promoci\u00f3n de la pel\u00edcula. M\u00e1s all\u00e1 de los v\u00eddeos virales, los fans del universo de Oz est\u00e1n expectantes al estreno de esta adaptaci\u00f3n cinematogr\u00e1fica del musical de Broadway. Ya sea por curiosidad o porque te gusta la trama, la obra audiovisual estar\u00e1 en las salas de cine espa\u00f1olas ma\u00f1ana, 21 de noviembre de 2025. M\u00e1s adelante, llegar\u00e1 al streaming, \u00bfcu\u00e1ndo y en qu\u00e9 plataforma podremos verla?<\/p>\n<p>La precuela de El Mago de Oz, que cuenta <strong>la relaci\u00f3n de Elpheba y Glinda<\/strong>, antes de que se convirtiesen en <strong>la \u00abBruja Mala del Oeste\u00bb y \u00abGlinda, la Bruja Buena\u00bb<\/strong>, tuvo bastante \u00e9xito en su primera parte. Wicked lleg\u00f3 a recaudar m\u00e1s de 750 millones de d\u00f3lares (650.760.000 en euros), y estuvo nominada a Mejor pel\u00edcula y gan\u00f3 los premios de Mejor dise\u00f1o de producci\u00f3n y Mejor vestuario en los Oscar (2025), el galard\u00f3n de Logro en Taquilla de los Globos de Oro (2025), y Mejor dise\u00f1o de producci\u00f3n y Mejor dise\u00f1o de Vestuario en los BAFTA (2025).<\/p>\n<p>Despu\u00e9s de un a\u00f1o de la primera parte, que est\u00e1 disponible con <a href=\"https:\/\/www.awin1.com\/cread.php?awinmid=47663&amp;awinaffid=889052&amp;campaign=textlink&amp;clickref=2669359&amp;ued=https:\/\/www.skyshowtime.com\/es\" target=\"_blank\" rel=\"noopener sponsored noreferrer nofollow\" data-mrf-recirculation=\"affiliate-manual-link\">la suscripci\u00f3n de SkyShowtime<\/a> y <a href=\"https:\/\/clk.tradedoubler.com\/click?p=357743&amp;a=2826988&amp;epi=textlink&amp;epi2=2669359&amp;url=https:\/\/www.movistarplus.es\/\" target=\"_blank\" rel=\"noopener sponsored noreferrer nofollow\" data-mrf-recirculation=\"affiliate-manual-link\">la de Movistar Plus+<\/a>, por fin llega la segunda pel\u00edcula. \u00bfDe qu\u00e9 ir\u00e1 el nuevo filme, de Universal Pictures, que cuenta lo que sucedi\u00f3<strong> mucho antes de la llegada de Dorothy Gale<\/strong> a la Tierra de Oz? Cuando se estrene en streaming, \u00bfen qu\u00e9 servicio OTT podremos ver Wicked: Parte II primero? \u00bfCu\u00e1ndo ocurrir\u00e1?<\/p>\n<p>\u00bfDe qu\u00e9 va Wicked: Parte II?<\/p>\n<p>La segunda entrega de Wicked llegar\u00e1 el 21 de noviembre de 2025 a nivel mundial. Aunque algunos ya hayan podido disfrutar de la obra cinematogr\u00e1fica en su premiere exclusiva, <a href=\"https:\/\/www.adslzone.net\/noticias\/streaming-tv\/ahorra-dinero-en-el-cine-estos-son-los-dias-con-las-entradas-mas-baratas\/\" target=\"_blank\" rel=\"noopener noreferrer nofollow\">ser\u00e1 ma\u00f1ana cuando llegue a todos los cines de Espa\u00f1a<\/a>. No obstante, la historia se basa en el musical teatral de Broadway, por lo que ya sabemos de qu\u00e9 va la trama que contar\u00e1n en la pel\u00edcula.<\/p>\n<p>El argumento nos trasladar\u00e1 hasta cinco a\u00f1os despu\u00e9s del final de la primera pel\u00edcula de Wicked (2024). En Oz, ya se habr\u00e1 establecido el r\u00e9gimen pol\u00edtico del Mago que tradicionalmente conocemos y Elphaba se la conocer\u00e1 como la \u00abBruja Mala del Oeste\u00bb, por su rebeld\u00eda y sus intentos de <strong>liberar a los animales encarcelados<\/strong>. Por su parte, Glinda, apodada \u00abla Buena\u00bb, pasar\u00e1 a ser la portavoz del Mago y, a su manera, tratar\u00e1 de proteger a su antigua amiga.<\/p>\n<p>Esta secuela de Wicked est\u00e1 dirigida por Jon M. Chu y escrita por Winnie Holzman y Dana Fox. De su elenco principal, destacan Cynthia Erivo, Ariana Grande, Jonathan Bailey, Ethan Slater, Marissa Bode, Michelle Yeoh y Jeff Goldblum, que repiten los papeles de la primera pel\u00edcula.<\/p>\n<p>Wicked: Parte II ser\u00e1 parte de SkyShowtime<\/p>\n<p>A\u00fan es muy pronto para saber la fecha exacta en la que Wicked: Parte II aterrizar\u00e1 en el mercado del streaming. Sin embargo, si usamos los datos de la primera pel\u00edcula para hacernos una idea, tendremos que esperar a mediados del a\u00f1o que viene para verla por Internet bajo demanda. La cinta anterior lleg\u00f3 a los cines el 22 de noviembre de 2024, por lo que la segunda llegar\u00e1 pr\u00e1cticamente un a\u00f1o despu\u00e9s, y sabemos que <a href=\"https:\/\/www.adslzone.net\/noticias\/streaming-tv\/skyshowtime-estreno-exclusivo-pelicula-taquilleras-2024-0525\/\" target=\"_blank\" rel=\"noopener noreferrer nofollow\">SkyShowtime tuvo la exclusiva<\/a> de las OTT al incluirla en su cat\u00e1logo el 6 de julio de 2025. Se espera que con la nueva adaptaci\u00f3n cinematogr\u00e1fica del musical de Oz ocurra lo mismo.<\/p>\n<p>Wicked: Parte II se trata de una producci\u00f3n audiovisual de Universal Pictures. Tradicionalmente, todas las creaciones de este estudio de Hollywood pasan a formar parte del cat\u00e1logo de <strong>Peacock<\/strong>. No obstante, en Espa\u00f1a, el servicio de streaming de entretenimiento de NBCUniversal, propiedad de Comcast, no existe. En lugar de esta OTT extranjera, los usuarios espa\u00f1oles disfrutan del <a href=\"https:\/\/www.awin1.com\/cread.php?awinmid=47663&amp;awinaffid=889052&amp;campaign=textlink&amp;clickref=2669359&amp;ued=https:\/\/www.skyshowtime.com\/es\" target=\"_blank\" rel=\"noopener sponsored noreferrer nofollow\" data-mrf-recirculation=\"affiliate-manual-link\">contenido de Universal Pictures a trav\u00e9s de SkyShowtime.\u00a0<\/a><\/p>\n<p>Cabe se\u00f1alar que, pese a que se espere que Wicked: Parte II llegar\u00e1 primero a <strong>SkyShowtime<\/strong>, posiblemente<strong> tambi\u00e9n termine llegando a otras plataformas<\/strong>, como ha ocurrido con la primera pel\u00edcula, <a href=\"https:\/\/clk.tradedoubler.com\/click?p=357743&amp;a=2826988&amp;epi=textlink&amp;epi2=2669359&amp;url=https:\/\/www.movistarplus.es\/\" target=\"_blank\" rel=\"noopener sponsored noreferrer nofollow\" data-mrf-recirculation=\"affiliate-manual-link\">que puede verse en Movistar Plus+<\/a>. Lo \u00fanico que podemos adelantar es que seguramente la exclusiva del lanzamiento en streaming del filme ser\u00e1 de SkyShowtime.<\/p>\n<p><img decoding=\"async\" loading=\"lazy\" width=\"1280\" height=\"720\" src=\"https:\/\/www.europesays.com\/es\/wp-content\/uploads\/2025\/11\/SkyShowtime-interfaz-Movistar-Plus-Wicked.jpg\" alt=\"La app SkyShowtime dentro de Movistar Plus+\"\/><\/p>\n<p>Wicked puede verse en SkyShowtime y Movistar Plus+.<\/p>\n<p>En calidad de Afiliado de Amazon y otros programas similares, esta web obtiene ingresos por las compras adscritas que cumplen los requisitos aplicables<\/p>\n","protected":false},"excerpt":{"rendered":"Wicked: Parte II est\u00e1 siendo foco de pol\u00e9micas en la \u00faltima semana por el extra\u00f1o comportamiento de las&hellip;\n","protected":false},"author":2,"featured_media":246894,"comment_status":"","ping_status":"","sticky":false,"template":"","format":"standard","meta":{"footnotes":""},"categories":[169],"tags":[177,146,147,25,24,176,175,23],"class_list":{"0":"post-246893","1":"post","2":"type-post","3":"status-publish","4":"format-standard","5":"has-post-thumbnail","7":"category-cine","8":"tag-cine","9":"tag-entertainment","10":"tag-entretenimiento","11":"tag-es","12":"tag-espana","13":"tag-film","14":"tag-movies","15":"tag-spain"},"share_on_mastodon":{"url":"https:\/\/pubeurope.com\/@es\/115583803813588921","error":""},"_links":{"self":[{"href":"https:\/\/www.europesays.com\/es\/wp-json\/wp\/v2\/posts\/246893","targetHints":{"allow":["GET"]}}],"collection":[{"href":"https:\/\/www.europesays.com\/es\/wp-json\/wp\/v2\/posts"}],"about":[{"href":"https:\/\/www.europesays.com\/es\/wp-json\/wp\/v2\/types\/post"}],"author":[{"embeddable":true,"href":"https:\/\/www.europesays.com\/es\/wp-json\/wp\/v2\/users\/2"}],"replies":[{"embeddable":true,"href":"https:\/\/www.europesays.com\/es\/wp-json\/wp\/v2\/comments?post=246893"}],"version-history":[{"count":0,"href":"https:\/\/www.europesays.com\/es\/wp-json\/wp\/v2\/posts\/246893\/revisions"}],"wp:featuredmedia":[{"embeddable":true,"href":"https:\/\/www.europesays.com\/es\/wp-json\/wp\/v2\/media\/246894"}],"wp:attachment":[{"href":"https:\/\/www.europesays.com\/es\/wp-json\/wp\/v2\/media?parent=246893"}],"wp:term":[{"taxonomy":"category","embeddable":true,"href":"https:\/\/www.europesays.com\/es\/wp-json\/wp\/v2\/categories?post=246893"},{"taxonomy":"post_tag","embeddable":true,"href":"https:\/\/www.europesays.com\/es\/wp-json\/wp\/v2\/tags?post=246893"}],"curies":[{"name":"wp","href":"https:\/\/api.w.org\/{rel}","templated":true}]}}