{"id":246915,"date":"2025-11-20T20:16:12","date_gmt":"2025-11-20T20:16:12","guid":{"rendered":"https:\/\/www.europesays.com\/es\/246915\/"},"modified":"2025-11-20T20:16:12","modified_gmt":"2025-11-20T20:16:12","slug":"el-athletic-cambia-san-mames-por-pediatria-del-hospital-de-cruces","status":"publish","type":"post","link":"https:\/\/www.europesays.com\/es\/246915\/","title":{"rendered":"El Athletic cambia San Mam\u00e9s por pediatr\u00eda del Hospital de Cruces"},"content":{"rendered":"<p>\n        Un a\u00f1o m\u00e1s, la <a href=\"https:\/\/www.deia.eus\/tags\/fundacion-athletic\/\" title=\"Fundaci\u00f3n Athletic Club\" class=\"link copy\" rel=\"nofollow noopener\" target=\"_blank\"><strong>Fundaci\u00f3n Athletic Club<\/strong><\/a><strong>,<\/strong> en colaboraci\u00f3n con Osakidetza, ha organizado el pasado mi\u00e9rcoles en el Hospital de Cruces una <strong>nueva edici\u00f3n de \u2018F\u00fatbol pasillo\u2019. <\/strong>Mediante esta iniciativa de comunidad se pretende<strong> aliviar y acompa\u00f1ar en la convalecencia de los menores hospitalizados en la planta de Pediatr\u00eda.<\/strong>\n<\/p>\n<p class=\"article-body__text \">\n        La idea, que se puso en pr\u00e1ctica por primera vez en 2019, es sencilla: montar en un espacio com\u00fan del hospital (en esta edici\u00f3n, en el antiguo gimnasio de rehabilitaci\u00f3n infantil) un campo improvisado con porter\u00edas peque\u00f1as y <strong>que futbolistas de los primeros equipos del Athletic jueguen un partidillo<\/strong> con ni\u00f1os y ni\u00f1as hospitalizados.\n<\/p>\n<blockquote class=\"twitter-tweet\" data-lang=\"es\" wp_automatic_readability=\"7.6944444444444\">\n<p lang=\"es\" dir=\"ltr\">\ud83e\udef6 Si ell@s no pueden venir a San Mam\u00e9s\u2026 \u00a1el Athletic va a donde est\u00e9n! \ud83c\udfe5<\/p>\n<p>Llevamos nuestra iniciativa &#8216;F\u00fatbol Pasillo&#8217; al hospi de <a href=\"https:\/\/twitter.com\/OSIEECruces?ref_src=twsrc%5Etfw\" rel=\"nofollow noopener\" target=\"_blank\">@OSIEECruces<\/a> para que l@s txikis ingresad@s desconecten por un rato. <\/p>\n<p>\ud83d\udcab \u00a1Menudo equipazo se ha formado!<a href=\"https:\/\/twitter.com\/hashtag\/AthleticClubFundazioa?src=hash&amp;ref_src=twsrc%5Etfw\" rel=\"nofollow noopener\" target=\"_blank\">#AthleticClubFundazioa<\/a> \u2764\ufe0f <a href=\"https:\/\/t.co\/MIQ8Gw44Vs\" rel=\"nofollow\">pic.twitter.com\/MIQ8Gw44Vs<\/a><\/p>\n<p>\u2014 Athletic Club (@AthleticClub) <a href=\"https:\/\/twitter.com\/AthleticClub\/status\/1991458066219364779?ref_src=twsrc%5Etfw\" rel=\"nofollow noopener\" target=\"_blank\">20 de noviembre de 2025<\/a><\/p><\/blockquote>\n<p class=\"article-body__text \">\n        El hospital se transforma as\u00ed, por un tiempo, en un ameno terreno de juego. Las personas art\u00edfices de esta m\u00e1gica transformaci\u00f3n esta vez fueron <strong>Mikel Jauregizar, Oihan Sancet, Nico Serrano, Irene Oguiza y Adriana Nanclares. <\/strong>Jugadas, goles y paradas hechas con un bal\u00f3n de trapo, pero que ayudan a curar.\n<\/p>\n<p class=\"article-photo__footer\">\n            Mikel Jauregizar fue uno de los grandes protagonistas de la nueva edici\u00f3n de &#8216;F\u00fatbol Pasillo&#8217;.            Athletic Club        <\/p>\n<p class=\"article-body__text \">\n        Tras la pachanga, los leones y leonas <strong>visitaron las plantas de escolares y de oncolog\u00eda infantil.<\/strong> Junto a los futbolistas participaron en el partidillo <strong>Johana Ruiz-Olabuenaga, <\/strong>responsable del \u00c1rea Social del club,<strong> y Galder Reguera,<\/strong> director de estrategia de Fundazioa.\n<\/p>\n<p class=\"article-body__text \">\n        \u2018F\u00fatbol pasillo\u2019 se enmarca en la colaboraci\u00f3n que la Fundaci\u00f3n Athletic Club mantiene con Osakidetza y que <strong>utiliza el f\u00fatbol como herramienta social <\/strong>que, \u201cunida al enorme y positivo esp\u00edritu\u201d del Athletic, contribuye al bienestar social.\n<\/p>\n<p>            <script async src=\"https:\/\/platform.twitter.com\/widgets.js\" charset=\"utf-8\"><\/script><\/p>\n","protected":false},"excerpt":{"rendered":"Un a\u00f1o m\u00e1s, la Fundaci\u00f3n Athletic Club, en colaboraci\u00f3n con Osakidetza, ha organizado el pasado mi\u00e9rcoles en el&hellip;\n","protected":false},"author":2,"featured_media":246916,"comment_status":"","ping_status":"","sticky":false,"template":"","format":"standard","meta":{"footnotes":""},"categories":[268],"tags":[2182,1838,20829,168,25,24,280,282,3345,23980,17168,2228,281,23,167],"class_list":{"0":"post-246915","1":"post","2":"type-post","3":"status-publish","4":"format-standard","5":"has-post-thumbnail","7":"category-futbol","8":"tag-athletic","9":"tag-cambia","10":"tag-cruces","11":"tag-deportes","12":"tag-es","13":"tag-espana","14":"tag-football","15":"tag-futbol","16":"tag-hospital","17":"tag-mames","18":"tag-pediatria","19":"tag-san","20":"tag-soccer","21":"tag-spain","22":"tag-sports"},"share_on_mastodon":{"url":"https:\/\/pubeurope.com\/@es\/115583869637769863","error":""},"_links":{"self":[{"href":"https:\/\/www.europesays.com\/es\/wp-json\/wp\/v2\/posts\/246915","targetHints":{"allow":["GET"]}}],"collection":[{"href":"https:\/\/www.europesays.com\/es\/wp-json\/wp\/v2\/posts"}],"about":[{"href":"https:\/\/www.europesays.com\/es\/wp-json\/wp\/v2\/types\/post"}],"author":[{"embeddable":true,"href":"https:\/\/www.europesays.com\/es\/wp-json\/wp\/v2\/users\/2"}],"replies":[{"embeddable":true,"href":"https:\/\/www.europesays.com\/es\/wp-json\/wp\/v2\/comments?post=246915"}],"version-history":[{"count":0,"href":"https:\/\/www.europesays.com\/es\/wp-json\/wp\/v2\/posts\/246915\/revisions"}],"wp:featuredmedia":[{"embeddable":true,"href":"https:\/\/www.europesays.com\/es\/wp-json\/wp\/v2\/media\/246916"}],"wp:attachment":[{"href":"https:\/\/www.europesays.com\/es\/wp-json\/wp\/v2\/media?parent=246915"}],"wp:term":[{"taxonomy":"category","embeddable":true,"href":"https:\/\/www.europesays.com\/es\/wp-json\/wp\/v2\/categories?post=246915"},{"taxonomy":"post_tag","embeddable":true,"href":"https:\/\/www.europesays.com\/es\/wp-json\/wp\/v2\/tags?post=246915"}],"curies":[{"name":"wp","href":"https:\/\/api.w.org\/{rel}","templated":true}]}}