{"id":246917,"date":"2025-11-20T20:17:11","date_gmt":"2025-11-20T20:17:11","guid":{"rendered":"https:\/\/www.europesays.com\/es\/246917\/"},"modified":"2025-11-20T20:17:11","modified_gmt":"2025-11-20T20:17:11","slug":"el-alimento-lucense-por-el-que-aposto-marta-ortega-para-impresionar-a-la-elite-cultural-internacional","status":"publish","type":"post","link":"https:\/\/www.europesays.com\/es\/246917\/","title":{"rendered":"El alimento lucense por el que apost\u00f3 Marta Ortega para impresionar a la \u00e9lite cultural internacional"},"content":{"rendered":"<p>La velada celebrada este mi\u00e9rcoles 19 de noviembre en la <strong>Fundaci\u00f3n MOP<\/strong> convirti\u00f3 <strong>A Coru\u00f1a<\/strong> en un <strong>epicentro cultural y social <\/strong>con acento internacional. La cita, vinculada a la apertura de Wonderland, la primera gran retrospectiva de <strong>Annie Leibovitz <\/strong>en Espa\u00f1a, reuni\u00f3 a personalidades de primer nivel del mundo de la moda, el arte y el entretenimiento.<\/p>\n<p>La presencia de figuras como <strong>Linda Evangelista<\/strong>, Karen Elson, Eugenia Silva, <strong>Pedro Almod\u00f3var<\/strong>,<strong> <a target=\"_blank\" href=\"https:\/\/www.elprogreso.es\/articulo\/gente\/c-tangana-rocio-aguirre-seran-padres-asi-han-anunciado-redes-sociales\/202511141812141924075.html\" rel=\"nofollow noopener\">C. Tangana<\/a><\/strong>, Luca Guadagnino o <strong>David Chipperfield<\/strong> evidenci\u00f3 la dimensi\u00f3n del evento, al que llegaron al menos siete aviones privados a lo largo del d\u00eda.<\/p>\n<p>En un entorno as\u00ed, cada detalle contaba. Y entre todos, uno destac\u00f3 de forma inequ\u00edvoca: la elecci\u00f3n del <strong>producto gastron\u00f3mico<\/strong> central de la cena. El <strong>men\u00fa<\/strong>, dise\u00f1ado por<strong> Albert Adri\u00e0 y Marcelo Tejedor<\/strong>, combin\u00f3 t\u00e9cnica culinaria de vanguardia con respeto absoluto por el territorio gallego y su materia prima. Ni las ostras ni las reinterpretaciones vegetales lograron eclipsar al plato m\u00e1s esperado de la noche: la <strong>merluza de Celeiro<\/strong>, servida como emblema de calidad del mar lucense.<\/p>\n<p>\u00bfQu\u00e9 es la merluza de Celeiro?<\/p>\n<p>La merluza de Celeiro es un <strong>pescado blanco<\/strong> capturado en las fr\u00edas aguas del Cant\u00e1brico y desembarcado en el puerto lucense de Celeiro, en el municipio de <strong>Viveiro<\/strong>. Su fama responde a tres atributos clave: frescura, calidad y consistencia culinaria. Se comercializa bajo estrictos est\u00e1ndares de sostenibilidad y trazabilidad, lo que la hace <strong>especialmente valorada<\/strong> en la alta cocina. Su carne firme, su sabor suave y su textura delicada la han convertido en un <strong>producto codiciado<\/strong> por chefs de referencia y por consumidores exigentes dentro y fuera de Galicia.<\/p>\n<p><img decoding=\"async\" width=\"1280\" height=\"840\" alt=\"Merluza de Celeiro. AEP\" src=\"https:\/\/www.europesays.com\/es\/wp-content\/uploads\/2025\/11\/2025112018245479860.jpg\" loading=\"lazy\"  \/><br \/>\nMerluza de Celeiro. AEP<\/p>\n<p>La selecci\u00f3n de este producto no fue casual. En los eventos impulsados por la Fundaci\u00f3n Marta Ortega, la presencia de la <strong>gastronom\u00eda gallega<\/strong> se ha convertido en una constante, reforzando la apuesta por proyectar al exterior la riqueza y el potencial del territorio. El pescado procedente de Celeiro, capturado en aguas fr\u00edas del <strong>Cant\u00e1brico <\/strong>y valorado por su frescura y sabor, funcion\u00f3 como <strong>estandarte culinario<\/strong> ante una audiencia capaz de dictar tendencias en cualquier escenario internacional.<\/p>\n<p>La coordinaci\u00f3n entre <strong>arte y gastronom\u00eda <\/strong>no solo aport\u00f3 brillo a la velada, sino que contribuy\u00f3 a la narrativa estrat\u00e9gica que rodea a la exposici\u00f3n Wonderland, que podr\u00e1 visitarse hasta el <strong>1 de mayo de 2026<\/strong>. A trav\u00e9s de esta combinaci\u00f3n, Galicia se posicion\u00f3 no solo como anfitriona cultural, sino como <strong>referente <\/strong>capaz de ofrecer experiencias completas que integran patrimonio, creatividad y producto local de alta gama.<\/p>\n<p>La <strong>representaci\u00f3n de la moda<\/strong> tambi\u00e9n ocup\u00f3 un lugar destacado en la cena, con la asistencia de <strong>Ludovic de Saint Sernin<\/strong> \u2013dise\u00f1ador de una reciente colecci\u00f3n para Zara\u2013, as\u00ed como de otras figuras creativas internacionales. Una noche en la que la proyecci\u00f3n global convivi\u00f3 con un mensaje territorial claro.<\/p>\n<p>La apuesta de Marta Ortega por incorporar un producto lucense como plato central en un evento de proyecci\u00f3n mundial no solo dej\u00f3 huella entre los asistentes, sino que reforz\u00f3 la <strong>visibilidad <\/strong>de la excelencia gastron\u00f3mica gallega. Un gesto discreto pero eficaz: cuando Galicia quiere brillar, le basta con servir su mejor producto en la mesa adecuada.<\/p>\n","protected":false},"excerpt":{"rendered":"La velada celebrada este mi\u00e9rcoles 19 de noviembre en la Fundaci\u00f3n MOP convirti\u00f3 A Coru\u00f1a en un epicentro&hellip;\n","protected":false},"author":2,"featured_media":246918,"comment_status":"","ping_status":"","sticky":false,"template":"","format":"standard","meta":{"footnotes":""},"categories":[174],"tags":[5233,255,146,147,25,24,256,4475,260,37261,62970,62971,23],"class_list":{"0":"post-246917","1":"post","2":"type-post","3":"status-publish","4":"format-standard","5":"has-post-thumbnail","7":"category-famosos","8":"tag-audiencias-um","9":"tag-celebrities","10":"tag-entertainment","11":"tag-entretenimiento","12":"tag-es","13":"tag-espana","14":"tag-famosos","15":"tag-gastronomia","16":"tag-gente","17":"tag-marta-ortega","18":"tag-merluza","19":"tag-merluza-de-celeiro","20":"tag-spain"},"share_on_mastodon":{"url":"https:\/\/pubeurope.com\/@es\/115583873918719604","error":""},"_links":{"self":[{"href":"https:\/\/www.europesays.com\/es\/wp-json\/wp\/v2\/posts\/246917","targetHints":{"allow":["GET"]}}],"collection":[{"href":"https:\/\/www.europesays.com\/es\/wp-json\/wp\/v2\/posts"}],"about":[{"href":"https:\/\/www.europesays.com\/es\/wp-json\/wp\/v2\/types\/post"}],"author":[{"embeddable":true,"href":"https:\/\/www.europesays.com\/es\/wp-json\/wp\/v2\/users\/2"}],"replies":[{"embeddable":true,"href":"https:\/\/www.europesays.com\/es\/wp-json\/wp\/v2\/comments?post=246917"}],"version-history":[{"count":0,"href":"https:\/\/www.europesays.com\/es\/wp-json\/wp\/v2\/posts\/246917\/revisions"}],"wp:featuredmedia":[{"embeddable":true,"href":"https:\/\/www.europesays.com\/es\/wp-json\/wp\/v2\/media\/246918"}],"wp:attachment":[{"href":"https:\/\/www.europesays.com\/es\/wp-json\/wp\/v2\/media?parent=246917"}],"wp:term":[{"taxonomy":"category","embeddable":true,"href":"https:\/\/www.europesays.com\/es\/wp-json\/wp\/v2\/categories?post=246917"},{"taxonomy":"post_tag","embeddable":true,"href":"https:\/\/www.europesays.com\/es\/wp-json\/wp\/v2\/tags?post=246917"}],"curies":[{"name":"wp","href":"https:\/\/api.w.org\/{rel}","templated":true}]}}