{"id":246922,"date":"2025-11-20T20:21:13","date_gmt":"2025-11-20T20:21:13","guid":{"rendered":"https:\/\/www.europesays.com\/es\/246922\/"},"modified":"2025-11-20T20:21:13","modified_gmt":"2025-11-20T20:21:13","slug":"preocupacion-por-chaeyoung-de-twice-tras-conocerse-su-diagnostico-quie-tiene","status":"publish","type":"post","link":"https:\/\/www.europesays.com\/es\/246922\/","title":{"rendered":"Preocupaci\u00f3n por Chaeyoung de TWICE tras conocerse su diagn\u00f3stico: qui\u00e9 tiene"},"content":{"rendered":"<p>La agencia de K-Pop <strong>JYP Entertainment<\/strong> revel\u00f3 que <strong><a target=\"_blank\" href=\"https:\/\/exitoina.perfil.com\/noticias\/mundo\/sentido-mensaje-chaeyoung-twice-preocupacion-salud-lamento-decepcionarte-noticias-tristes.phtml\" rel=\"nofollow noopener\">Chaeyoung, del grupo TWICE<\/a><\/strong>, recibi\u00f3 un diagn\u00f3stico sobre su salud que la alejar\u00e1 de los escenarios moment\u00e1neamente. Esto sucede tras su <a target=\"_blank\" href=\"https:\/\/exitoina.perfil.com\/noticias\/mundo\/chaeyoung-twice-ausenta-varios-shows-tour-mundial-grupo-crece-preocupacion-por-salud-que-le-paso.phtml\" rel=\"nofollow noopener\">ausencia en varias de las paradas de la gira mundial del grupo<\/a>.<\/p>\n<p>\u00bfQu\u00e9 le pas\u00f3 a Chaeyoung de TWICE?<\/p>\n<p>La ausencia de <strong>Chaeyoung\u00a0<\/strong>en m\u00e1s de seis conciertos de la gira mundial de TWICE <strong>THIS IS FOR<\/strong>, ha causado suma preocupaci\u00f3n entre los fans del grupo de K-Pop. Durante un mes hubo silencio total sobre su estado, hasta que el 14 de noviembre, la misma Chaeyoung actualiz\u00f3 su estado, aunque evit\u00f3 brindar detalles.<\/p>\n<p><img decoding=\"async\" style=\"max-width: 100%; width: 100%;\" alt=\"Chaeyoung\" src=\"https:\/\/www.europesays.com\/es\/wp-content\/uploads\/2025\/11\/chaeyoung-2094854.jpg\" loading=\"lazy\"\/>&#13;<br \/>\nChaeyoung para su \u00e1lbum debut solista\u00a0\u00abLil Fantasy vol. 1&#8243;&#13;<\/p>\n<p>El 20 de noviembre, la agencia de la\u00a0maknae del grupo (una de las dos m\u00e1s j\u00f3venes), revel\u00f3 que <strong>Chaeyoung fue diagnosticada recientemente con s\u00edncope vasovagal.<\/strong> Esto la llevar\u00e1 a guardar\u00a0reposo hasta fin de a\u00f1o para recuperarse. Por este motivo no participar\u00e1 en las paradas de su gira en Kaohsiung, Hong Kong y Bangkok.<\/p>\n<p>El comunicado emitido por JYP dice: \u00abA Chaeyoung le diagnosticaron recientemente<strong> s\u00edncope vasovagal<\/strong>,\u00a0y se le ha recomendado que se tome un per\u00edodo de descanso seg\u00fan las consultas m\u00e9dicas\u00bb.<\/p>\n<p>Y explicaron: \u00abTras evaluaciones adicionales, asesoramiento m\u00e9dico y conversaciones en profundidad, se ha llegado a la conclusi\u00f3n de que <strong>Chaeyoung necesita m\u00e1s tiempo para recuperarse<\/strong>. Por lo tanto, <strong>suspender\u00e1 temporalmente sus actividades hasta finales de a\u00f1o<\/strong> para dar prioridad a su salud y descanso\u00bb.<\/p>\n<p>Una vez recuperada, anunciaron que sus actividades ser\u00e1n limitadas. \u00abDe acuerdo con las recomendaciones m\u00e9dicas, que consideran su salud como la m\u00e1xima prioridad, <strong>Chaeyoung participar\u00e1 en los pr\u00f3ximos compromisos solo de forma limitada y es posible que no asista a algunos de ellos<\/strong>\u00ab.<\/p>\n<p><img decoding=\"async\" style=\"max-width: 100%; width: 100%;\" alt=\"Diagn\u00f3stico de Chaeyoung de TWICE\" src=\"https:\/\/www.europesays.com\/es\/wp-content\/uploads\/2025\/11\/diagnostico-de-chaeyoung-de-twice-2140819.jpg\" loading=\"lazy\"\/>&#13;<br \/>\nDiagn\u00f3stico de Chaeyoung de TWICE&#13;<\/p>\n<p>Por \u00faltimo, la empresa comparti\u00f3 nuevas palabras de Chae: \u00abTambi\u00e9n lamentamos informarles que no participar\u00e1 en las paradas de la gira mundial en Kaohshiung, Hong Kong y Bangkok, y ha vuelto a expresar sus sinceras disculpas por <strong>no poder participar en los eventos para fans y en la gira THIS IS FOR World Tour desde octubre<\/strong>\u00ab.<\/p>\n<p>\u00bfQu\u00e9 es el s\u00edncope vasovagal?<\/p>\n<p>De acuerdo a la Cl\u00ednica Mayo, el <a target=\"_blank\" href=\"https:\/\/www.mayoclinic.org\/es\/diseases-conditions\/vasovagal-syncope\/symptoms-causes\/syc-20350527\" rel=\"nofollow noopener\"><strong>s\u00edncope vasovagal<\/strong><\/a> <strong>ocurre cuando te desmayas porque el cuerpo reacciona de manera exagerada a ciertos factores desencadenantes<\/strong>. Estos pueden incluir ver sangre o un sufrimiento emocional extremo. El s\u00edncope vasovagal tambi\u00e9n se conoce como s\u00edncope neurocardiog\u00e9nico.\u00a0Generalmente, la p\u00e9rdida de consciencia dura menos de un minuto.<\/p>\n<p>\u00bfQu\u00e9 desencadena el s\u00edncope vasovagal?<\/p>\n<p><strong>El factor que desencadena el s\u00edncope vasovagal ocasiona que la frecuencia card\u00edaca y la presi\u00f3n arterial disminuyan abruptamente<\/strong>. Esto lleva a la disminuci\u00f3n del flujo sangu\u00edneo al cerebro y t\u00fa pierdes el conocimiento por un momento.<\/p>\n<p>En general, el s\u00edncope vasovagal es inofensivo y no requiere tratamiento. Sin embargo, es posible que uno se lastime durante un incidente de s\u00edncope vasovagal. El profesional de atenci\u00f3n m\u00e9dica podr\u00eda recomendar\u00a0pruebas para descartar otras causas m\u00e1s graves de desmayo, como afecciones card\u00edacas.<\/p>\n","protected":false},"excerpt":{"rendered":"La agencia de K-Pop JYP Entertainment revel\u00f3 que Chaeyoung, del grupo TWICE, recibi\u00f3 un diagn\u00f3stico sobre su salud&hellip;\n","protected":false},"author":2,"featured_media":246923,"comment_status":"","ping_status":"","sticky":false,"template":"","format":"standard","meta":{"footnotes":""},"categories":[170],"tags":[146,147,25,24,184,185,23],"class_list":{"0":"post-246922","1":"post","2":"type-post","3":"status-publish","4":"format-standard","5":"has-post-thumbnail","7":"category-musica","8":"tag-entertainment","9":"tag-entretenimiento","10":"tag-es","11":"tag-espana","12":"tag-music","13":"tag-musica","14":"tag-spain"},"share_on_mastodon":{"url":"https:\/\/pubeurope.com\/@es\/115583889915606427","error":""},"_links":{"self":[{"href":"https:\/\/www.europesays.com\/es\/wp-json\/wp\/v2\/posts\/246922","targetHints":{"allow":["GET"]}}],"collection":[{"href":"https:\/\/www.europesays.com\/es\/wp-json\/wp\/v2\/posts"}],"about":[{"href":"https:\/\/www.europesays.com\/es\/wp-json\/wp\/v2\/types\/post"}],"author":[{"embeddable":true,"href":"https:\/\/www.europesays.com\/es\/wp-json\/wp\/v2\/users\/2"}],"replies":[{"embeddable":true,"href":"https:\/\/www.europesays.com\/es\/wp-json\/wp\/v2\/comments?post=246922"}],"version-history":[{"count":0,"href":"https:\/\/www.europesays.com\/es\/wp-json\/wp\/v2\/posts\/246922\/revisions"}],"wp:featuredmedia":[{"embeddable":true,"href":"https:\/\/www.europesays.com\/es\/wp-json\/wp\/v2\/media\/246923"}],"wp:attachment":[{"href":"https:\/\/www.europesays.com\/es\/wp-json\/wp\/v2\/media?parent=246922"}],"wp:term":[{"taxonomy":"category","embeddable":true,"href":"https:\/\/www.europesays.com\/es\/wp-json\/wp\/v2\/categories?post=246922"},{"taxonomy":"post_tag","embeddable":true,"href":"https:\/\/www.europesays.com\/es\/wp-json\/wp\/v2\/tags?post=246922"}],"curies":[{"name":"wp","href":"https:\/\/api.w.org\/{rel}","templated":true}]}}