{"id":246928,"date":"2025-11-20T20:25:08","date_gmt":"2025-11-20T20:25:08","guid":{"rendered":"https:\/\/www.europesays.com\/es\/246928\/"},"modified":"2025-11-20T20:25:08","modified_gmt":"2025-11-20T20:25:08","slug":"primeras-declaraciones-de-la-hija-de-encarnita-polo-tras-la-muerte-de-su-madre-su-musica-y-canciones-onda-cero","status":"publish","type":"post","link":"https:\/\/www.europesays.com\/es\/246928\/","title":{"rendered":"Primeras declaraciones de la hija de Encarnita Polo tras la muerte de su madre: &quot;Su m\u00fasica y canciones &#8211; Onda Cero"},"content":{"rendered":"<ol>\n<li><a href=\"https:\/\/news.google.com\/rss\/articles\/CBMi_wFBVV95cUxQUWJMbTAxOGU1MXJxV3ZJQW5aQ3hjSTRpYjBpWXVVR3ZadXVrdFluUmJISGc3eE0tZHg3aUJBQUtsUmhfb0pSV2FrR1pKbkhHSnpDcG9ZdUlfWFRKVVdFbWV6eVpWUTJPa09XSV9WR1pnQmpZci15eDNDd1p6X2ZPbjZvOXRUcS1seFN3R0h3SHB2T29NbE1HZGxmNl9PRENieXc5M2F5Z3Fuc0VCQVg5SlJPNDZKOWR3SkhUXy13dzRGa0JET3lfUl9IUm9tQWFMM2tidXF2ZnhfSjNaTzR3SHR6WklzNlBuOEFSdlk4U0t3R3FINzJESTA3VkxRa2PSAf8BQVVfeXFMT3hGbWVPM002bWQ4VU01UFRUSHQ1WW1XYkkzRXpMSEFUcno0QzhHanhydnNYX19aNG1SOGVZdjE3TjQ0RnJNZlJDd2w2aVVuQmM2RTdnM1F6V09BdnMxMWxvQUlwWFhrMnh5YU9ZYWJEdzVsSGdsajVVLTdRWmZyYzAycXJ5TGcwZUxYMFUybEZjaXNJVDdxYzVTT1cxaEw0UmNPNE5QLXRyaEpwazFZZnc4cmdUZFprVG95REcwN2VISFNJaklfZHRNU3FQUDl4allHblhPWm05SG1MdC04eEdLQ2tlSkZPbDQtVHJlWko5a0ZCMWN3NUxJMDNpVGtZ?oc=5\" target=\"_blank\" rel=\"nofollow noopener\">Primeras declaraciones de la hija de Encarnita Polo tras la muerte de su madre: \u00abSu m\u00fasica y canciones<\/a>&nbsp;&nbsp;Onda Cero<\/li>\n<li><a href=\"https:\/\/news.google.com\/rss\/articles\/CBMi4wFBVV95cUxNc2tUTmpjZ0FzS1VpMDhJRlgxVG9Jakw5VGpVb2M3Y1ZEMmNMd2kyM2w5X1QtdFFwSFJfMzl3ZGt6X3VnU0U4NV8yODc2dlRtOHpOMnVGZ29qZm13M09rYzVRS3liMDhTUnlVcWk5cy1fWWduWm9QZ2Z6azJ3bWl1S3NDcmZRWGxkTkdfNC1MQzNtbHpfV2JWZFFabXFISjNuY1VWVVc5VjU2ZllRVDdDcG9qejRhQ2hQTzg2dS13MEIxcGREdjI3djdLRE5hOVdrZDh6UFFVdDFNTXFrMC1zcGZMRQ?oc=5\" target=\"_blank\" rel=\"nofollow noopener\">Lo sucedido con Encarnita Polo refleja el abandono del sector<\/a>&nbsp;&nbsp;Confederaci\u00f3n Sindical de Comisiones Obreras<\/li>\n<li><a href=\"https:\/\/news.google.com\/rss\/articles\/CBMigAFBVV95cUxQTGROcUJmOGVPZDM0UHBKMGFEVDRBbWlCZ0djZlVRa3NGa0RjVjNqX0d3Mzc1OUE1YUxiQ29jZGdzOGNUdkJCS01IaGVBSUwwTUFiQncwaU9IR0xmTDJ1MUszaW1WbGd2UHVUMm1HRV9MR0VSOEM1T2p6QS1ELW00d9IBgAFBVV95cUxOdVYzdGhZVndEbzFxNUJ5SjBfYXhnWEtDWWU4V0M2QlBFaTBjUmdHSlZKeWVmMlRWX0VpY2Z0UFQxLXc5MHJKWlUteGRWMEdvM052RUxqV2FjcnZPNUVncWgzMUxLQ2JFM3R3eUJibEFGX2N3eVd1YkhuS2daVjdkeg?oc=5\" target=\"_blank\" rel=\"nofollow noopener\">La hija de Encarnita Polo rompe su silencio tras la dram\u00e1tica muerte de la artista: \u00abSu luz se quedar\u00e1 conmigo\u00bb<\/a>&nbsp;&nbsp;El Mundo<\/li>\n<li><a href=\"https:\/\/news.google.com\/rss\/articles\/CBMitAFBVV95cUxNT3drWUotNkd1OHpNZ1Jlam05cklzMGE3OUtKMWYwdURvOXQ1c0E5bDVrbEM2ZnV1OTBjbzJUT08yODBJYS1GZWg4d2RVUFVieU1GcE9ZNmlfT195b0dUVTJFNk1YUEVFYlpVTlZtVGJiT0VUcUxUVlc1UktuSGNKLXItV2E4ODA2R2FJREROaWlMSkZlc0pPRGNWR09iN09RcGw2bmdDeXV1MzZncUl5Njh1cWbSAboBQVVfeXFMT2RLZFBfNENhWmxaTEhYUTFPQWNVUUliM0tSWEFSc1BfX0sxYjJNR3o2MWR6MTJjLVRDYjNYb3JnbnBDT1Nza2tvVXdZNmUtQWxmQjZ2M1pDc0VqRGM2bGt1SWppaWtTRWNvbmNCZlV1allnNDNMNUhReGN1UU01b3Qxbjh5U0hac3pZZVNzWEFzWjN1NkpPMENZNmRseXVTVkdFZTlrMFVGQjhVOXFpeVlkMHZ5Zk9SVUtn?oc=5\" target=\"_blank\" rel=\"nofollow noopener\">El caso de Encarnita Polo: por qu\u00e9 las residencias no est\u00e1n preparadas para pacientes con trastornos psiqui\u00e1tricos<\/a>&nbsp;&nbsp;Diario P\u00fablico<\/li>\n<li><a href=\"https:\/\/news.google.com\/rss\/articles\/CBMi5wFBVV95cUxNdFNYMU52R05zSllYWUpVUGFzbGR0SW5HYW9BOXNZU1psc3g5TTJjQ202ZElpXzVZeHdyU1FFT1JLT0tvT2doVVd2eVI3UXR1QlByN2hiakFfZ2lOSHo1cTQxUWs5RlJva2lCd0p0OGs0UjF5RFg5c281WlZRVXZkcF92UmZvZnE1RFR1WHhmeHR5dVpLRkRyMmktRWpmdGhVY1ExVHJTMjBqT2Z3OHN0azV4WGlvQXM5aFVtSld0OHRnQmVldkM3Z1RXLWZncmd1NVFhdV9nZDBUc0VQZGNCVF8wSmdCVUnSAewBQVVfeXFMTjhLR2pWWWx2djZ3QjI4TERnZzFCRF9HQW1hYmtULXRhVUtmbUJiVmRZczM2d21raHoyQjU0dXZpd1RadUkyNkdKeEl0dEV2dDBxYkw5bzRsZjdkLUhodWxKeXVZVW1naXNLaHhzc3IxN21GMDhEclpfMEh4T3VtVF9NeUNXUkczeF9RVkk1ZmxMSFN4b05Mc2JfRTAwY3J6SVMtQ2xyRW1nUnlyTjhVeWVLMzVFVUw0b3JJUUY1blNlT3J6TDh3MndUX2cxNk5rd1ludndLUjFZOUZCWWhueFZyUU53ckVEREZzSlo?oc=5\" target=\"_blank\" rel=\"nofollow noopener\">La fatal casualidad que uni\u00f3 a Encarnita Polo con la residencia donde ha sido estrangulada 8 a\u00f1os antes de su tr\u00e1gica muerte<\/a>&nbsp;&nbsp;El Espa\u00f1ol<\/li>\n<\/ol>\n","protected":false},"excerpt":{"rendered":"Primeras declaraciones de la hija de Encarnita Polo tras la muerte de su madre: \u00abSu m\u00fasica y canciones&nbsp;&nbsp;Onda&hellip;\n","protected":false},"author":2,"featured_media":245082,"comment_status":"","ping_status":"","sticky":false,"template":"","format":"standard","meta":{"footnotes":""},"categories":[91],"tags":[146,147,25,24,23],"class_list":{"0":"post-246928","1":"post","2":"type-post","3":"status-publish","4":"format-standard","5":"has-post-thumbnail","7":"category-entretenimiento","8":"tag-entertainment","9":"tag-entretenimiento","10":"tag-es","11":"tag-espana","12":"tag-spain"},"share_on_mastodon":{"url":"https:\/\/pubeurope.com\/@es\/115583905200205966","error":""},"_links":{"self":[{"href":"https:\/\/www.europesays.com\/es\/wp-json\/wp\/v2\/posts\/246928","targetHints":{"allow":["GET"]}}],"collection":[{"href":"https:\/\/www.europesays.com\/es\/wp-json\/wp\/v2\/posts"}],"about":[{"href":"https:\/\/www.europesays.com\/es\/wp-json\/wp\/v2\/types\/post"}],"author":[{"embeddable":true,"href":"https:\/\/www.europesays.com\/es\/wp-json\/wp\/v2\/users\/2"}],"replies":[{"embeddable":true,"href":"https:\/\/www.europesays.com\/es\/wp-json\/wp\/v2\/comments?post=246928"}],"version-history":[{"count":0,"href":"https:\/\/www.europesays.com\/es\/wp-json\/wp\/v2\/posts\/246928\/revisions"}],"wp:featuredmedia":[{"embeddable":true,"href":"https:\/\/www.europesays.com\/es\/wp-json\/wp\/v2\/media\/245082"}],"wp:attachment":[{"href":"https:\/\/www.europesays.com\/es\/wp-json\/wp\/v2\/media?parent=246928"}],"wp:term":[{"taxonomy":"category","embeddable":true,"href":"https:\/\/www.europesays.com\/es\/wp-json\/wp\/v2\/categories?post=246928"},{"taxonomy":"post_tag","embeddable":true,"href":"https:\/\/www.europesays.com\/es\/wp-json\/wp\/v2\/tags?post=246928"}],"curies":[{"name":"wp","href":"https:\/\/api.w.org\/{rel}","templated":true}]}}