{"id":246931,"date":"2025-11-20T20:27:18","date_gmt":"2025-11-20T20:27:18","guid":{"rendered":"https:\/\/www.europesays.com\/es\/246931\/"},"modified":"2025-11-20T20:27:18","modified_gmt":"2025-11-20T20:27:18","slug":"audax-dibuja-un-crecimiento-del-55-a-2030-con-mas-dividendo-y-nuevos-negocios","status":"publish","type":"post","link":"https:\/\/www.europesays.com\/es\/246931\/","title":{"rendered":"Audax dibuja un crecimiento del 55% a 2030 con m\u00e1s dividendo y nuevos negocios"},"content":{"rendered":"<p>Despu\u00e9s de a\u00f1os marcados por el impacto de la guerra de Ucrania en los precios de la energ\u00eda, <b>Audax<\/b> busca seducir al mercado con un <b>nuevo plan estrat\u00e9gico<\/b> para el periodo 2026-2030. La compa\u00f1\u00eda arrastraba antes de dar a conocer sus l\u00edneas estrat\u00e9gicas un descenso en bolsa superior al 20% en lo que va de a\u00f1o, aunque r\u00e1pidamente su d\u00eda se ti\u00f1\u00f3 de verde con la presentaci\u00f3n de su programa. La empresa controlada por Jos\u00e9 El\u00edas <a href=\"https:\/\/www.eleconomista.es\/energia\/noticias\/13643265\/11\/25\/audax-reduce-sus-beneficios-a-la-mitad-por-la-subida-de-los-costes-financieros.html\" rel=\"nofollow noopener\" target=\"_blank\">aspira a pr\u00e1cticamente <b>triplicar el beneficio<\/b><\/a>, incrementar ventas por encima del 50% y <b>remunerar con al menos 15 millones<\/b> al a\u00f1o a sus accionistas.<\/p>\n<p>La c\u00fapula directiva de la el\u00e9ctrica con sede en Badalona (Barcelona) explic\u00f3 que la ambici\u00f3n de la compa\u00f1\u00eda es saltar de un beneficio estimado en algo m\u00e1s de 35 millones para 2025 a unas <b>ganancias de 85 millones en 2030<\/b>. Lo har\u00eda con una subida del 55% de los ingresos, que pasar\u00edan de 1.800 millones a <b>2.800 millones de euros<\/b>. El ebitda, en este camino, saltar\u00eda de 100 millones a <b>180 millones<\/b>. Todo con una ratio de endeudamiento de un m\u00e1ximo de tres veces, se\u00f1al\u00f3 la firma. La <b>rebaja del pasivo<\/b> fue otro de los compromisos con el mercado. Cerr\u00f3 el mes de septiembre con una deuda financiera de 613,7 millones de euros, un 8% m\u00e1s de la que registrada a estas alturas de 2024.<\/p>\n<p>\u00abCon este nuevo plan estrat\u00e9gico pretendemos dar un paso m\u00e1s y, con la misma disciplina financiera que hemos mantenido hasta ahora, reforzar nuestro compromiso de consolidar a Audax como una de las firmas l\u00edderes en el sector\u00bb, se\u00f1al\u00f3 el director general, \u00d3scar Santos.<\/p>\n<p>La cotizada acompa\u00f1ar\u00e1 el alza de las cifras econ\u00f3micas con una <b>mejora de la remuneraci\u00f3n<\/b> a los accionistas. La firma promete un reparto de 15 millones al menos hasta 2026, que subir\u00edan a medida que mejorasen las ganancias. Adem\u00e1s, la energ\u00e9tica anunci\u00f3 un programa de <b>recompra de acciones de hasta 20 millones<\/b> de euros y 15 millones de acciones, aproximadamente al 3,3% del capital, en los pr\u00f3ximos doce meses.<\/p>\n<p>\u00abMe siento muy c\u00f3modo con la inversi\u00f3n en Audax y plenamente alineado con las perspectivas de futuro de la compa\u00f1\u00eda. Conf\u00edo en el potencial del Grupo con lo que mi intenci\u00f3n es <b>mantener mi posici\u00f3n en el accionariado<\/b> sin reducir mi participaci\u00f3n en el capital\u00bb, dijo el propio Jos\u00e9 El\u00edas, presidente de la corporaci\u00f3n a trav\u00e9s de un comunicado emitido tambi\u00e9n este viernes por la ma\u00f1ana.<\/p>\n<p>Con estas cifras, el mercado reaccion\u00f3 con una <b>subida del 9% del valor<\/b>, que c<a href=\"https:\/\/www.eleconomista.es\/mercados-cotizaciones\/noticias\/13610357\/10\/25\/la-vuelta-de-audax-renovables-a-minimos-de-abril-es-una-oportunidad-irrechazable.html\" rel=\"nofollow noopener\" target=\"_blank\">err\u00f3 la jornada burs\u00e1til a 1,36 euros por acci\u00f3n<\/a> frente a los 1,25 euros en los que abri\u00f3 la sesi\u00f3n del jueves.<\/p>\n<p>                            <img decoding=\"async\" src=\"https:\/\/www.europesays.com\/es\/wp-content\/uploads\/2025\/11\/770x_211125-audax.gif\" loading=\"lazy\"\/><\/p>\n<p>\u00bfC\u00f3mo lograr el crecimiento?<\/p>\n<p>La escalada de las m\u00e9tricas llegar\u00e1 con un <b>incremento de la energ\u00eda suministrada<\/b> y una <b>diversificaci\u00f3n del negocio<\/b>. En el primer campo, la firma aspira a que su portfolio energ\u00e9tico repartido supere los <b>25 TWh<\/b> frente a los 16,6 TWh en los que cerrar\u00e1 2025. Para ello, pretende <b>reforzar su liderazgo en pymes<\/b> y expandirse en el negocio de las empresas mid-market, de m\u00e1s tama\u00f1o de lo habitual. La cotizada pretende crecer tanto en gas como en electricidad y a trav\u00e9s de sus grandes geograf\u00edas europeas -Espa\u00f1a, Pa\u00edses Bajos, Hungr\u00eda, Italia, Alemania y Polonia-.<\/p>\n<p>La <b>comercializadora<\/b> deber\u00eda ser el <b>gran motor del crecimiento<\/b> de ingresos y beneficios que espera la sociedad en los pr\u00f3ximos a\u00f1os. Ser\u00eda responsable de hasta <b>160 millones del ebitda<\/b> proyectado; esencialmente gracias a Iberia (40 millones y 3 nuevos TWh) y los Pa\u00edses Bajos (54 millones y 1,4 nuevos TWh).<\/p>\n<p>Santos explic\u00f3 adem\u00e1s que est\u00e1n en negociaciones con <b>Shell para extender el acuerdo de suministro<\/b> a otras geograf\u00edas europeas. La firma negocia adem\u00e1s acuerdos similares en pa\u00edses como Hungr\u00eda con otros actores.<\/p>\n<p>M\u00e1s all\u00e1 de la distribuci\u00f3n, en el negocio de la generaci\u00f3n espera alcanzar los <b>500 MW de capacidad instalada<\/b> para 2030. As\u00ed, <a href=\"https:\/\/www.eleconomista.es\/energia\/noticias\/13394355\/06\/25\/audax-renuncia-a-plantas-en-italia-por-inviabilidad-tecnicoeconomica-pero-incorpora-una-solar-en-murcia.html\" rel=\"nofollow noopener\" target=\"_blank\">las nuevas infraestructuras se colocar\u00e1n en pa\u00edses en los que Audax ya venda energ\u00eda<\/a> y se repotenciar\u00e1n los activos al final de su vida \u00fatil. Adem\u00e1s, pretende invertir en el negocio de las <b>bater\u00edas<\/b> para evitar vertidos y precios negativos.<\/p>\n<p>Esta l\u00ednea de negocio deber\u00eda reportar unos <b>20 millones<\/b> de ebitda.<\/p>\n<p>Otra de las grandes novedades presentadas por la empresa este jueves fue el anuncio de su transformaci\u00f3n en una <b>firma multiservicios<\/b>, con una nueva <b>divisi\u00f3n de telecomunicaciones<\/b>. En el capital de Audax est\u00e1 Pueri, el veh\u00edculo inversor de la familia De la Maza (Mayoral), inversor en la antigua M\u00e1sM\u00f3vil y en Parlem. La compa\u00f1\u00eda tiene el objetivo de alcanzar las 19.000 l\u00edneas de fibra y las <b>30.000 l\u00edneas de telefon\u00eda m\u00f3vil<\/b>.<\/p>\n<p>La el\u00e9ctrica espera lanzar sus primeras operaciones en el <b>pr\u00f3ximo 2026<\/b> y ya negocia con operadores de red en Espa\u00f1a e Italia para ello. Las conversaciones deber\u00edan dar sus frutos en meses.<\/p>\n<p>WhatsApp<a href=\"https:\/\/api.whatsapp.com\/send?text=https:\/\/www.eleconomista.es\/energia\/noticias\/13654434\/11\/25\/audax-dibuja-un-crecimiento-del-55-a-2030-con-mas-dividendo-y-nuevos-negocios.html?utm_source%3Dwhatsapp%26utm_medium%3Dshare_button&amp;id=1648118629957_whatsapp\" target=\"_blank\" data-action=\"share\/whatsapp\/share\" aria-label=\"Compartir en Whatsapp\" rel=\"nofollow noopener\"><\/a>Facebook<a id=\"fb-share\" href=\"#\" target=\"_blank\" rel=\"noopener noreferrer\" aria-label=\"Compartir en Facebook\"><\/a>Twitter<a href=\"https:\/\/twitter.com\/share?text=Audax+dibuja+un+crecimiento+del+55%25+a+2030+con+m%C3%A1s+dividendo+y+nuevos+negocios&amp;url=https:\/\/www.eleconomista.es\/energia\/noticias\/13654434\/11\/25\/audax-dibuja-un-crecimiento-del-55-a-2030-con-mas-dividendo-y-nuevos-negocios.html&amp;via=elEconomistaes&amp;id=1648118839245_twitter\" target=\"_blank\" aria-label=\"Compartir en Twitter\" rel=\"nofollow noopener\"><\/a>Linkedin<a href=\"https:\/\/linkedin.com\/share?text=https:\/\/www.eleconomista.es\/energia\/noticias\/13654434\/11\/25\/audax-dibuja-un-crecimiento-del-55-a-2030-con-mas-dividendo-y-nuevos-negocios.html&amp;via=elEconomistaes\" target=\"_blank\" aria-label=\"Compartir en linkedin\" rel=\"nofollow noopener\"><\/a>Beloud<a href=\"https:\/\/beloud.com\/share?text=Audax+dibuja+un+crecimiento+del+55%25+a+2030+con+m%C3%A1s+dividendo+y+nuevos+negocios&amp;url=https:\/\/www.eleconomista.es\/energia\/noticias\/13654434\/11\/25\/audax-dibuja-un-crecimiento-del-55-a-2030-con-mas-dividendo-y-nuevos-negocios.html&amp;via=elEconomistaes&amp;id=1648118839245_beloud\" target=\"_blank\" aria-label=\"Compartir en beloud\" rel=\"nofollow noopener\"><\/a>Bluesky<a href=\"https:\/\/bsky.app\/intent\/compose?text=https:\/\/bsky.app\/intent\/compose?text=https:\/\/www.eleconomista.es\/energia\/noticias\/13654434\/11\/25\/audax-dibuja-un-crecimiento-del-55-a-2030-con-mas-dividendo-y-nuevos-negocios.html&amp;url=https:\/\/www.eleconomista.es\/energia\/noticias\/13654434\/11\/25\/audax-dibuja-un-crecimiento-del-55-a-2030-con-mas-dividendo-y-nuevos-negocios.html&amp;via=elEconomistaes&amp;id=1648118839245_bluesky\" target=\"_blank\" aria-label=\"Compartir en bluesky\" rel=\"nofollow noopener\"><\/a><\/p>\n<p><script async src=\"https:\/\/platform.twitter.com\/widgets.js\" charset=\"utf-8\"><\/script><\/p>\n","protected":false},"excerpt":{"rendered":"Despu\u00e9s de a\u00f1os marcados por el impacto de la guerra de Ucrania en los precios de la energ\u00eda,&hellip;\n","protected":false},"author":2,"featured_media":246932,"comment_status":"","ping_status":"","sticky":false,"template":"","format":"standard","meta":{"footnotes":""},"categories":[80],"tags":[82,95,94,5220,25,24,23],"class_list":{"0":"post-246931","1":"post","2":"type-post","3":"status-publish","4":"format-standard","5":"has-post-thumbnail","7":"category-economia","8":"tag-business","9":"tag-economia","10":"tag-economy","11":"tag-energia","12":"tag-es","13":"tag-espana","14":"tag-spain"},"share_on_mastodon":{"url":"https:\/\/pubeurope.com\/@es\/115583912878246529","error":""},"_links":{"self":[{"href":"https:\/\/www.europesays.com\/es\/wp-json\/wp\/v2\/posts\/246931","targetHints":{"allow":["GET"]}}],"collection":[{"href":"https:\/\/www.europesays.com\/es\/wp-json\/wp\/v2\/posts"}],"about":[{"href":"https:\/\/www.europesays.com\/es\/wp-json\/wp\/v2\/types\/post"}],"author":[{"embeddable":true,"href":"https:\/\/www.europesays.com\/es\/wp-json\/wp\/v2\/users\/2"}],"replies":[{"embeddable":true,"href":"https:\/\/www.europesays.com\/es\/wp-json\/wp\/v2\/comments?post=246931"}],"version-history":[{"count":0,"href":"https:\/\/www.europesays.com\/es\/wp-json\/wp\/v2\/posts\/246931\/revisions"}],"wp:featuredmedia":[{"embeddable":true,"href":"https:\/\/www.europesays.com\/es\/wp-json\/wp\/v2\/media\/246932"}],"wp:attachment":[{"href":"https:\/\/www.europesays.com\/es\/wp-json\/wp\/v2\/media?parent=246931"}],"wp:term":[{"taxonomy":"category","embeddable":true,"href":"https:\/\/www.europesays.com\/es\/wp-json\/wp\/v2\/categories?post=246931"},{"taxonomy":"post_tag","embeddable":true,"href":"https:\/\/www.europesays.com\/es\/wp-json\/wp\/v2\/tags?post=246931"}],"curies":[{"name":"wp","href":"https:\/\/api.w.org\/{rel}","templated":true}]}}