{"id":246942,"date":"2025-11-20T20:38:13","date_gmt":"2025-11-20T20:38:13","guid":{"rendered":"https:\/\/www.europesays.com\/es\/246942\/"},"modified":"2025-11-20T20:38:13","modified_gmt":"2025-11-20T20:38:13","slug":"el-manresa-llega-a-malaga-con-dos-candidatos-al-mvp-de-noviembre-en-acb","status":"publish","type":"post","link":"https:\/\/www.europesays.com\/es\/246942\/","title":{"rendered":"El Manresa llega a M\u00e1laga con dos candidatos al MVP de noviembre en ACB"},"content":{"rendered":"<p class=\"ft-text\">El <a class=\"ft-link ft-link--decoration\" href=\"https:\/\/www.laopiniondemalaga.es\/unicaja\/\" rel=\"nofollow noopener\" target=\"_blank\"><strong>Unicaja<\/strong><\/a><strong> <\/strong>vuelve este s\u00e1bado al Mart\u00edn Carpena antes de la primera Ventana FIBA de la temporada. Ser\u00e1 un par\u00f3n importante en clave cajista para ratificar con el reconocimiento m\u00e9dico el <a class=\"ft-link ft-link--decoration\" href=\"https:\/\/www.laopiniondemalaga.es\/unicaja\/2025\/11\/19\/victoria-augustine-rubit-eurocup-semana-panionios-lietbabelis-123911858.html\" target=\"_blank\" rel=\"nofollow noopener\">fichaje de Augustine Rubit<\/a> y el sustituto de Xavier Casta\u00f1eda, pero ahora toca recibir a un <strong>BAXI Manresa<\/strong> que cuenta en sus filas con dos serios candidatos al MVP de noviembre en la <a class=\"ft-link ft-link--decoration\" href=\"https:\/\/www.laopiniondemalaga.es\/deportes\/baloncesto\/acb\/clasificacion-liga.html\" rel=\"nofollow noopener\" target=\"_blank\">Liga Endesa<\/a>: <strong>Hugo Ben\u00edtez y \u00c1lex Reyes<\/strong>.<\/p>\n<p class=\"ft-text\">El equipo de Diego Ocampo afront\u00f3 este verano una amplia remodelaci\u00f3n de su plantilla con la inesperada salida del <strong>director deportivo Xevi Pujol<\/strong>, rumbo al Baskonia, como el movimiento de mayor impacto en el organigrama. Tambi\u00e9n abandonaron el equipo figuras important\u00edsimas como Derrick Alston Jr o Cameron Hunt. Sin embargo, antes de marcharse el catal\u00e1n a Vitoria, dej\u00f3 firmado al base franc\u00e9s del JL Bourg.<\/p>\n<p>Carrera por el MVP<\/p>\n<p class=\"ft-text\">Ahora, seg\u00fan los criterios para elegir al MVP mensual -tener la mayor valoraci\u00f3n jugando dos tercios de los partidos y ganando el 50% de los mismos-, es el <strong>sexto jugador con mejor valoraci\u00f3n<\/strong> (19.0) con el <strong>alero inmediatamente por detr\u00e1s<\/strong> (18.7). Solo les superan Ottis Livingston (21.7), Marcelinho Huertas (21.3), Gio Shermadini (20.3), el cajista Melwin Pantzar en el Bilbao (20.0) y Jean Montero (19.0).<\/p>\n<p class=\"ft-text\">El jugador galo, en su primera experiencia lejos de su pa\u00eds, ha ca\u00eddo de pie en el BAXI Manresa. Pese a la experiencia de otros jugadores como Dani P\u00e9rez, se ha hecho con los mandos del juego del equipo del Bages y en su segundo mes en Espa\u00f1a ya est\u00e1 promediando los mejores n\u00fameros de su carrera como profesional.<\/p>\n<p>Dos jugadores en plena forma<\/p>\n<p class=\"ft-text\">Dej\u00f3 18 puntos y seis asistencias contra el Surne Bilbao y <strong>22 puntos, ocho asistencias y cinco recuperaciones contra el Hiopos Lleida<\/strong>. No obstante, ambos partidos se produjeron en el Nou Congost. Ahora tiene la prueba de mantener la regularidad lejos de Manresa. En Murcia, por ejemplo, la valoraci\u00f3n baj\u00f3 hasta los siete cr\u00e9ditos por los 21 y los 29, respectivamente, de los dos encuentros anteriores.<\/p>\n<p class=\"ft-text\">Los exteriores del Unicaja tambi\u00e9n se enfrentan a uno de los aleros m\u00e1s en forma. \u00c1lex Reyes, en el mejor momento de su carrera en la m\u00e1xima categor\u00eda, llega a M\u00e1laga en plenitud despu\u00e9s del <strong>6\/9 en triples y de los 24 puntos<\/strong> ante el Lleida con 27 de valoraci\u00f3n. Ya dej\u00f3 <strong>16 tantos en la pista del UCAM<\/strong>. Est\u00e1 siendo uno de los jugadores m\u00e1s fiables en este complicado inicio de temporada del Manresa, con jornada continental todas las semanas con la Eurocup, y ser\u00e1 uno de los peligros a vigilar.<\/p>\n<p><img decoding=\"async\" src=\"https:\/\/www.europesays.com\/es\/wp-content\/uploads\/2025\/11\/117667ed-5502-417a-8eb0-c852dbdcfe2f_alta-libre-aspect-ratio_default_0.jpg\" width=\"1200\" height=\"800\" alt=\"Final Four de la BCL 2025: semifinal AEK - Unicaja\" class=\"ft-helper-img-rd\" loading=\"lazy\"\/><\/p>\n<p class=\"ft-helper-fontColor-quaternary ft-helper-fontSize-body-S ft-helper-spacer-t-xxs\">Grant Golden, ahora en el Manresa, jug\u00f3 la semifinal AEK-Unicaja en mayo.  \/ BCL <\/p>\n<p>Grant Golden<\/p>\n<p class=\"ft-text\">Uno de los jugadores que se reencuentra con el Unicaja con aires de revancha es Grant Golden. El estadounidense, ahora en las filas del BAXI Manresa, milit\u00f3 el pasado curso con el AEK de Atenas y fue el <a class=\"ft-link ft-link--decoration\" href=\"https:\/\/www.laopiniondemalaga.es\/unicaja\/2025\/05\/09\/unicaja-sobrevive-infierno-griego-aek-semifinal-bcl-final-four-117227232.html\" target=\"_blank\" rel=\"nofollow noopener\">gran quebradero de cabeza de los cajistas en aquella semifinal de la Final Four griega<\/a>. <strong>19 puntos<\/strong> (3\/5 en tiros y 8\/11 en tiros de 2), cinco rebotes, cinco asistencias y 23 de valoraci\u00f3n firm\u00f3 aquel d\u00eda. Ahora, con su inseparable cinta en la cabeza, promete inquietar los aros del Carpena.<\/p>\n<p class=\"ft-text\">Los n\u00fameros son los que son. Los de Diego Ocampo no han ganado en ACB lejos de casa y esa \u00faltima victoria en Lleida les solvent\u00f3 la papeleta del hipot\u00e9tico 2-5. Han firmado a Pierre Oriola para darle experiencia al juego interior. Las sensaciones parecen ser mejores pese a caer en la Eurocup contra el Reyer Venezia. Habr\u00e1 que ver si suficientes para superar a un Unicaja que quiere <a class=\"ft-link ft-link--decoration\" href=\"https:\/\/www.laopiniondemalaga.es\/unicaja\/2025\/11\/17\/carpena-toma-palabra-copa-rey-unicaja-123830400.html\" target=\"_blank\" rel=\"nofollow noopener\">asegurar medio billete a la Copa del Rey con el &#8216;factor Carpena&#8217;<\/a>.<\/p>\n","protected":false},"excerpt":{"rendered":"El Unicaja vuelve este s\u00e1bado al Mart\u00edn Carpena antes de la primera Ventana FIBA de la temporada. Ser\u00e1&hellip;\n","protected":false},"author":2,"featured_media":246943,"comment_status":"","ping_status":"","sticky":false,"template":"","format":"standard","meta":{"footnotes":""},"categories":[269],"tags":[302,299,298,59137,15695,168,2917,25,24,1044,4346,11993,24242,23,167,2246],"class_list":{"0":"post-246942","1":"post","2":"type-post","3":"status-publish","4":"format-standard","5":"has-post-thumbnail","7":"category-baloncesto","8":"tag-acb","9":"tag-baloncesto","10":"tag-basketball","11":"tag-baxi-manresa","12":"tag-candidatos","13":"tag-deportes","14":"tag-endesa","15":"tag-es","16":"tag-espana","17":"tag-liga","18":"tag-lleida","19":"tag-manresa","20":"tag-mvp","21":"tag-spain","22":"tag-sports","23":"tag-unicaja"},"share_on_mastodon":{"url":"https:\/\/pubeurope.com\/@es\/115583956690875594","error":""},"_links":{"self":[{"href":"https:\/\/www.europesays.com\/es\/wp-json\/wp\/v2\/posts\/246942","targetHints":{"allow":["GET"]}}],"collection":[{"href":"https:\/\/www.europesays.com\/es\/wp-json\/wp\/v2\/posts"}],"about":[{"href":"https:\/\/www.europesays.com\/es\/wp-json\/wp\/v2\/types\/post"}],"author":[{"embeddable":true,"href":"https:\/\/www.europesays.com\/es\/wp-json\/wp\/v2\/users\/2"}],"replies":[{"embeddable":true,"href":"https:\/\/www.europesays.com\/es\/wp-json\/wp\/v2\/comments?post=246942"}],"version-history":[{"count":0,"href":"https:\/\/www.europesays.com\/es\/wp-json\/wp\/v2\/posts\/246942\/revisions"}],"wp:featuredmedia":[{"embeddable":true,"href":"https:\/\/www.europesays.com\/es\/wp-json\/wp\/v2\/media\/246943"}],"wp:attachment":[{"href":"https:\/\/www.europesays.com\/es\/wp-json\/wp\/v2\/media?parent=246942"}],"wp:term":[{"taxonomy":"category","embeddable":true,"href":"https:\/\/www.europesays.com\/es\/wp-json\/wp\/v2\/categories?post=246942"},{"taxonomy":"post_tag","embeddable":true,"href":"https:\/\/www.europesays.com\/es\/wp-json\/wp\/v2\/tags?post=246942"}],"curies":[{"name":"wp","href":"https:\/\/api.w.org\/{rel}","templated":true}]}}