{"id":246948,"date":"2025-11-20T20:41:14","date_gmt":"2025-11-20T20:41:14","guid":{"rendered":"https:\/\/www.europesays.com\/es\/246948\/"},"modified":"2025-11-20T20:41:14","modified_gmt":"2025-11-20T20:41:14","slug":"el-sueno-la-cama-podria-romper-record-en-subasta","status":"publish","type":"post","link":"https:\/\/www.europesays.com\/es\/246948\/","title":{"rendered":"&#8216;El sue\u00f1o (La cama)&#8217; podr\u00eda romper r\u00e9cord en subasta"},"content":{"rendered":"<p>Nueva York (EFE).- El autorretrato surrealista \u2018El Sue\u00f1o (La cama)\u2019, de la pintora mexicana Frida Kahlo, que se subastar\u00e1 este jueves en Nueva York, podr\u00eda marcar un r\u00e9cord y convertirse en la obra de arte m\u00e1s cara realizada por una mujer.<\/p>\n<p>Los interesados podr\u00e1n pujar ma\u00f1ana por la pieza en la sede de Sotheby\u2019s en Nueva York, que califica la pintura como una de las \u00abm\u00e1s conmovedoras\u00bb e \u00abimpactantes\u00bb de la producci\u00f3n art\u00edstica de Kahlo.<\/p>\n<p>La casa de subastas prev\u00e9 que \u2018El sue\u00f1o (La cama)\u2019, hecho en 1940, alcance un precio de entre 40 y 60 millones de d\u00f3lares.<br \/>Hasta ahora, la estadounidense Georgia O\u2019Keeffe y su \u2018Jimson Weed\/White Flower No\u2019 ostenta el r\u00e9cord del cuadro pintado por una mujer m\u00e1s caro hasta el momento, que se vendi\u00f3 por 44 millones de d\u00f3lares.<\/p>\n<p>Por otra parte, si la obra supera los 34,9 millones, se convertir\u00e1 en el cuadro m\u00e1s caro de la artista mexicana.<\/p>\n<p>Kahlo pint\u00f3 \u2018El sue\u00f1o (La cama)\u2019 en un momento \u00abespecialmente turbulento\u00bb de su vida, pues ese a\u00f1o su salud se deterior\u00f3 debido a la poliomielitis y las complicaciones derivadas de un accidente de autob\u00fas que vivi\u00f3 en 1925.<\/p>\n<p>Por ello, la mexicana evoca en la obra la muerte y se representa a s\u00ed misma dormida en una cama de madera y envuelta en una manta dorada bordada con enredaderas y hojas.<\/p>\n<p>Sobre los postes de la cama yace un esqueleto de tama\u00f1o natural envuelto en dinamita, sujetando un ramo de flores y recostado sobre almohadas.<\/p>\n","protected":false},"excerpt":{"rendered":"Nueva York (EFE).- El autorretrato surrealista \u2018El Sue\u00f1o (La cama)\u2019, de la pintora mexicana Frida Kahlo, que se&hellip;\n","protected":false},"author":2,"featured_media":246949,"comment_status":"","ping_status":"","sticky":false,"template":"","format":"standard","meta":{"footnotes":""},"categories":[173],"tags":[229,233,231,230,232,234,146,147,25,24,896,503,23],"class_list":{"0":"post-246948","1":"post","2":"type-post","3":"status-publish","4":"format-standard","5":"has-post-thumbnail","7":"category-arte-y-diseno","8":"tag-arte","9":"tag-arte-y-diseno","10":"tag-arts","11":"tag-arts-and-design","12":"tag-design","13":"tag-diseno","14":"tag-entertainment","15":"tag-entretenimiento","16":"tag-es","17":"tag-espana","18":"tag-nueva-york","19":"tag-pintura","20":"tag-spain"},"share_on_mastodon":{"url":"https:\/\/pubeurope.com\/@es\/115583967798644021","error":""},"_links":{"self":[{"href":"https:\/\/www.europesays.com\/es\/wp-json\/wp\/v2\/posts\/246948","targetHints":{"allow":["GET"]}}],"collection":[{"href":"https:\/\/www.europesays.com\/es\/wp-json\/wp\/v2\/posts"}],"about":[{"href":"https:\/\/www.europesays.com\/es\/wp-json\/wp\/v2\/types\/post"}],"author":[{"embeddable":true,"href":"https:\/\/www.europesays.com\/es\/wp-json\/wp\/v2\/users\/2"}],"replies":[{"embeddable":true,"href":"https:\/\/www.europesays.com\/es\/wp-json\/wp\/v2\/comments?post=246948"}],"version-history":[{"count":0,"href":"https:\/\/www.europesays.com\/es\/wp-json\/wp\/v2\/posts\/246948\/revisions"}],"wp:featuredmedia":[{"embeddable":true,"href":"https:\/\/www.europesays.com\/es\/wp-json\/wp\/v2\/media\/246949"}],"wp:attachment":[{"href":"https:\/\/www.europesays.com\/es\/wp-json\/wp\/v2\/media?parent=246948"}],"wp:term":[{"taxonomy":"category","embeddable":true,"href":"https:\/\/www.europesays.com\/es\/wp-json\/wp\/v2\/categories?post=246948"},{"taxonomy":"post_tag","embeddable":true,"href":"https:\/\/www.europesays.com\/es\/wp-json\/wp\/v2\/tags?post=246948"}],"curies":[{"name":"wp","href":"https:\/\/api.w.org\/{rel}","templated":true}]}}