{"id":246954,"date":"2025-11-20T20:45:14","date_gmt":"2025-11-20T20:45:14","guid":{"rendered":"https:\/\/www.europesays.com\/es\/246954\/"},"modified":"2025-11-20T20:45:14","modified_gmt":"2025-11-20T20:45:14","slug":"pablo-berger-el-bilbao-de-los-80-si-que-era-hollywood-con-un-cine-en-cada-esquina","status":"publish","type":"post","link":"https:\/\/www.europesays.com\/es\/246954\/","title":{"rendered":"Pablo Berger: \u00abEl Bilbao de los 80 s\u00ed que era Hollywood, con un cine en cada esquina\u00bb"},"content":{"rendered":"<p>De ni\u00f1o, Pablo Berger (Bilbao, 1963) escuchaba desde su cama las pel\u00edculas que proyectaba el cine Trueba, pared con pared con su habitaci\u00f3n. Con un  &#8230; destornillador y una cuchara intentaba hacer un agujero para llegar al otro lado. \u00abEn la primera planta de mi edificio hab\u00eda una distribuidora y ten\u00eda siete salas a menos de cien metros, el cine formaba parte de mi vida\u00bb, recuerda el primo de Amaia Uranga, que durante un tiempo tambi\u00e9n so\u00f1\u00f3 con cantar en Eurovisi\u00f3n.<\/p>\n<p class=\"v-p\">Berger, que recibir\u00e1 en la inauguraci\u00f3n de Zinebi el Mikeldi de Honor de manos del alcalde Aburto, acaba de llegar de M\u00e9xico, donde &#8216;Robot Dreams&#8217; (all\u00ed se titula &#8216;Mi amigo Robot&#8217;) ha logrado un mill\u00f3n de espectadores. Estas navidades se ir\u00e1 a China con su mujer y su hija para acompa\u00f1ar el estreno. Lejos, muy lejos, quedan los tiempos de su primer corto, &#8216;Mama&#8217; (1988), que gan\u00f3 el festival bilba\u00edno. Un delirio que transcurr\u00eda en un refugio nuclear en el Erandio de 2026 y donde Torrebruno compart\u00eda la pantalla con Ram\u00f3n Barea, que ayer recordaba c\u00f3mo la pintura roja que utilizaron de sangre arruin\u00f3 toda su ropa. Berger y \u00c1lex de la Iglesia, que firm\u00f3 la direcci\u00f3n art\u00edstica, lograron que Tim Burton, invitado del Festival de San Sebasti\u00e1n, viera su obra&#8230; metiendo un televisor en su suite del Mar\u00eda Cristina.<\/p>\n<p class=\"v-p\"><strong>\u2013Dos a\u00f1os de &#8216;Robot Dreams&#8217; y sigue acompa\u00f1ando la pel\u00edcula por el mundo.<\/strong><\/p>\n<p class=\"v-p\">\u2013Las pel\u00edculas para m\u00ed son como hijos, me gusta acompa\u00f1arlas. He hecha pocas, pero son muy deseadas. En M\u00e9xico &#8216;Robot Dreams&#8217; ha sido un acontecimiento, tercera en taquilla, y la Cineteca me hizo una retrospectiva.<\/p>\n<p class=\"v-p\"><strong>\u2013Vivimos una era de consumo audiovisual bul\u00edmico, las pel\u00edculas y series duran un d\u00eda.<\/strong><\/p>\n<p class=\"v-p\">\u2013Yo soy afortunado, algunas de mis pel\u00edculas son fondo de armario, tienen una larga vida. Pero es verdad, ahora todo es ef\u00edmero. Acu\u00e9rdate cuando compr\u00e1bamos discos, y le\u00edamos las letras mientras escuch\u00e1bamos las canciones. Ahora a la m\u00fasica casi no le damos valor. Y con el cine en las plataformas tambi\u00e9n ocurre. Aun as\u00ed, creo que sigue siendo algo especial si tienes suerte y la pel\u00edcula se convierte en un acontecimiento.<\/p>\n<p><img decoding=\"async\" loading=\"lazy\" src=\"https:\/\/www.europesays.com\/es\/wp-content\/uploads\/2025\/11\/Mama-k0AI--650x455@El Correo.jpg\" class=\"v-a-img\" width=\"650\" height=\"455\" alt=\"Pablo Berger junto a \u00c1lex de la Iglesia en la \u00e9poca de 'Mama' (1988).\" data-voc-vtm-id=\"in-text-traffic\"\/><\/p>\n<p>Pablo Berger junto a \u00c1lex de la Iglesia en la \u00e9poca de &#8216;Mama&#8217; (1988).<\/p>\n<p>Jos\u00e9 Luis Nocito<\/p>\n<p><img loading=\"lazy\" decoding=\"async\" src=\"https:\/\/www.europesays.com\/es\/wp-content\/uploads\/2025\/11\/Mama-k0AI--650x455@El Correo.jpg\" class=\"v-mdl__img-z\" width=\"650\" height=\"455\" alt=\"\"\/><\/p>\n<p class=\"v-p\"><strong>\u2013Cuatro largometrajes en 20 a\u00f1os de carrera. Se lo toma con calma.<\/strong><\/p>\n<p class=\"v-p\">\u2013S\u00ed, mi ama siempre dec\u00eda que hab\u00eda que cocinar a fuego lento. Me gusta trabajar desde la libertad y con mucho control. Mis dos primeros trabajos tuvieron muchas dificultades en su financiaci\u00f3n. &#8216;Torremolinos 73&#8217; era una \u00f3pera prima, de \u00e9poca, mezclaba pornograf\u00eda y costumbrismo&#8230; Me cost\u00f3 cinco a\u00f1os. &#8216;Blancanieves&#8217;, muda y a contracorriente, me costo ocho. &#8216;Robot Dreams&#8217; me llev\u00f3 cinco, pero para una cinta de animaci\u00f3n es hasta poco tiempo.<\/p>\n<p class=\"v-p\"><strong>\u2013Ha hecho una pel\u00edcula con espa\u00f1oles y daneses que no se entienden y dos silentes. Un psic\u00f3logo sacar\u00eda conclusiones.<\/strong><\/p>\n<p class=\"v-p\">\u2013Sin duda. No es lo que se dice, sino lo que se hace. Puedes decirle a alguien &#8216;te quiero&#8217; y con la mirada transmitir otra cosa. El cine se escribe con im\u00e1genes, es lo que le hace \u00fanico. Me gusta el cine como expresi\u00f3n sensorial, con la m\u00fasica supliendo a los di\u00e1logos.<\/p>\n<p class=\"v-p\"><strong>\u2013\u00bfC\u00f3mo era crecer en el Bilbao de los 70 y 80?<\/strong><\/p>\n<p class=\"v-p\">\u2013\u00a1C\u00f3mo ha cambiado! Ahora decimos que Bilbao es Hollywood porque hay muchos rodajes, pero el de aquella \u00e9poca s\u00ed que lo era, con un cine en cada esquina. Crec\u00ed junto al Trueba, unos metros m\u00e1s abajo estaba el Buenos Aires, el Capitol, el Actualidades, el Coliseo, el Gran V\u00eda&#8230; Hasta aqu\u00ed, en el Arriaga, daban pel\u00edculas. Todas esas salas han desaparecido. Hay una generaci\u00f3n de cineastas vascos tan grande porque llov\u00eda tanto que los cines eran un refugio. Era un Bilbao industrial, gris, duro. Cuando viv\u00ed en Nueva York durante diez a\u00f1os Bilbao me hab\u00eda preparado. Era un poco Bronx, Blade Runner. Pero pasaban muchas cosas, exposiciones, conciertos&#8230; Los bilba\u00ednos siempre hemos devorado la cultura. El cineasta que soy debe mucho a la ciudad en la que pas\u00e9 los primeros 25 a\u00f1os de mi vida.<\/p>\n<p class=\"v-p\"><strong>\u2013Su corto &#8216;Mama&#8217;fue el inicio de muchas cosas.<\/strong><\/p>\n<p class=\"v-p\">\u2013&#8217;Mama&#8217; nace de las entra\u00f1as, mi primer hijo. Escrita y dirigida por m\u00ed y con direcci\u00f3n de arte de mi querido gran amigo \u00c1lex de la Iglesia. Mi per\u00edodo punk. La hacemos un mont\u00f3n de locos sin saber nada y tocando de o\u00eddo. \u00a1Qu\u00e9 maravilla hacer algo sin saber! Ganamos en Bilbao, en Alcal\u00e1 de Henares, Telenorte lo emiti\u00f3&#8230; El comienzo de todo. Nos dimos cuenta de que si haces las pel\u00edculas que quieres ver el p\u00fablico te encontrar\u00e1.<\/p>\n<p class=\"v-p\"><strong>\u2013En la \u00e9poca de &#8216;Mama&#8217; todav\u00eda sigue trabajando en Arthur Andersen.<\/strong><\/p>\n<p class=\"v-p\">\u2013Hab\u00eda estudiado Inform\u00e1tica en la Universidad de Deusto. Gracias al \u00e9xito de &#8216;Mama&#8217; consigo una beca de la Diputaci\u00f3n de Bizkaia, voy a estudiar un M\u00e1ster de Cine a la Universidad de Nueva York y me quedo all\u00ed diez a\u00f1os.<\/p>\n<p><img decoding=\"async\" loading=\"lazy\" src=\"https:\/\/www.europesays.com\/es\/wp-content\/uploads\/2025\/11\/pablo-ramon-barea-k0AI--650x455@El Correo.jpg\" class=\"v-a-img\" width=\"650\" height=\"455\" alt=\"Pablo Berger con Ram\u00f3n Barea, al que dirigi\u00f3 en el corto 'Mama' en 1988, este jueves en el teatro Arriaga.\" data-voc-vtm-id=\"in-text-traffic\"\/><\/p>\n<p>Pablo Berger con Ram\u00f3n Barea, al que dirigi\u00f3 en el corto &#8216;Mama&#8217; en 1988, este jueves en el teatro Arriaga.<\/p>\n<p>Efe<\/p>\n<p><img loading=\"lazy\" decoding=\"async\" src=\"https:\/\/www.europesays.com\/es\/wp-content\/uploads\/2025\/11\/pablo-ramon-barea-k0AI--650x455@El Correo.jpg\" class=\"v-mdl__img-z\" width=\"650\" height=\"455\" alt=\"\"\/><\/p>\n<p class=\"v-p\"><strong>\u2013Nunca se ha arrepentido de haber regresado a Espa\u00f1a.<\/strong><\/p>\n<p class=\"v-p\">\u2013Vivo el momento, carpe diem, a m\u00ed me interesa el viaje. Fueron a\u00f1os maravillosos, volv\u00ed porque ten\u00eda el guion de &#8216;Torremolinos 73&#8217; y mi colaboradora y compa\u00f1era de vida, Yuko Harami, me dijo que estaba dispuesta a venir conmigo. He tenido la suerte de que todas mis pel\u00edculas se han estrenado en EE UU como &#8216;art house&#8217;, por la puerta de atr\u00e1s.<\/p>\n<p class=\"v-p\"><strong>\u2013Y en Espa\u00f1a, despu\u00e9s de triunfar en los Goya y estar nominado al Oscar, \u00bfpuede hacer lo que quiera?<\/strong><\/p>\n<p class=\"v-p\">\u2013Tengo una relaci\u00f3n estupenda con mis productores, Arcadia, que me animan a ir m\u00e1s lejos. Me muevo en un presupuesto medio-alto para Espa\u00f1a, pero mientras no superen los 4 o 5 millones de euros&#8230;<\/p>\n<p class=\"v-p\"><strong>\u2013\u00bfRecibe ofertas para rodar series en Netflix?<\/strong><\/p>\n<p class=\"v-p\">\u2013S\u00ed. Me re\u00fano, leo guiones&#8230; Hasta ahora no me ha tentado nada lo suficiente como para morder el anzuelo. Hasta ahora he tenido control absoluto en el casting, en el montaje final&#8230; No quiero perder esa libertad.<\/p>\n<p class=\"v-p\"><strong>\u2013\u00bfSe lo pas\u00f3 bien con la nominaci\u00f3n al Oscar?<\/strong><\/p>\n<p class=\"v-p\">\u2013Es como si te toca el gordo. Pasas a ser para siempre un &#8216;oscar nominee&#8217;. Me pas\u00e9 un mes entre Los \u00c1ngeles y Nueva York con el equipo, mi familia&#8230; Lo pasamos muy bien. Conoc\u00ed a Spielberg, Scorsese&#8230; Disfrut\u00e9 de la gala, que es como un musical de Broadway&#8230; Y solo cuando salieron Chris Hemsworth y Anya Taylor-Joy a entregar el Oscar de animaci\u00f3n fui consciente de que formaba parte de la industria. Era obvio de que ten\u00eda que ganar el maestro Miyazaki.<\/p>\n<p><img decoding=\"async\" loading=\"lazy\" src=\"https:\/\/www.europesays.com\/es\/wp-content\/uploads\/2025\/11\/pablo-berger-spielberg-k0AI--650x455@El Correo.jpg\" class=\"v-a-img\" width=\"650\" height=\"455\" alt=\"Pablo Berger en la comida de los nominados al Oscar en el hotel Beverly Hilton junto a Steven Spielberg y la productora de 'Robot Dreams' Sandra Tapia.\" data-voc-vtm-id=\"in-text-traffic\"\/><\/p>\n<p>Pablo Berger en la comida de los nominados al Oscar en el hotel Beverly Hilton junto a Steven Spielberg y la productora de &#8216;Robot Dreams&#8217; Sandra Tapia.<\/p>\n<p>E. C.<\/p>\n<p><img loading=\"lazy\" decoding=\"async\" src=\"https:\/\/www.europesays.com\/es\/wp-content\/uploads\/2025\/11\/pablo-berger-spielberg-k0AI--650x455@El Correo.jpg\" class=\"v-mdl__img-z\" width=\"650\" height=\"455\" alt=\"\"\/><\/p>\n<p class=\"v-p\"><strong>\u2013Su hija Aiko ha estudiado Bellas Artes. \u00bfSe encamina al cine?<\/strong><\/p>\n<p class=\"v-p\">\u2013El cine la apasiona. En segundo de carrera reabri\u00f3 el cineclub de la Complutense, que llevaba d\u00e9cadas cerrado, como \u00c1lex y yo hicimos en Deusto. Ella quiere ser artista pl\u00e1stico. Ahora se acaba de graduar y se enfrenta a la vida. Est\u00e1 en esa fase de residencias, m\u00e1sters, becas&#8230; Me ilusiona que quiera ser artista.<\/p>\n<p class=\"v-p\"><strong>\u2013Lo va a tener m\u00e1s f\u00e1cil que usted en el Bilbao de los 80.<\/strong><\/p>\n<p class=\"v-p\">\u2013Nosotros ve\u00edamos como un sue\u00f1o imposible dedicarnos al cine, y aqu\u00ed seguimos. Ahora tienen m\u00e1s informaci\u00f3n y oportunidades. Y m\u00e1s en el audiovisual, porque hay escuelas de cine y se est\u00e1 produciendo mucho.<\/p>\n<p class=\"v-p\"><strong>\u2013\u00bfEn qu\u00e9 anda metido?<\/strong><\/p>\n<p class=\"v-p\">\u2013Dediqu\u00e9 2024 a viajar con &#8216;Robot Dreams&#8217; pero este a\u00f1o me he sentado a escribir varias cosas antes de contarles algo a mis productores. Escribo con un color nuevo, pensando que puede ser imagen real o animaci\u00f3n.<\/p>\n<p class=\"v-p\"><strong>\u2013No ha rodado en Bilbao desde &#8216;Mama&#8217;.<\/strong><\/p>\n<p class=\"v-p\">\u2013Me encantar\u00eda, ahora que Bilbao es Hollywood.<\/p>\n","protected":false},"excerpt":{"rendered":"De ni\u00f1o, Pablo Berger (Bilbao, 1963) escuchaba desde su cama las pel\u00edculas que proyectaba el cine Trueba, pared&hellip;\n","protected":false},"author":2,"featured_media":246955,"comment_status":"","ping_status":"","sticky":false,"template":"","format":"standard","meta":{"footnotes":""},"categories":[169],"tags":[62977,2601,177,146,147,981,25,24,62978,176,1505,175,618,23],"class_list":{"0":"post-246954","1":"post","2":"type-post","3":"status-publish","4":"format-standard","5":"has-post-thumbnail","7":"category-cine","8":"tag-berger","9":"tag-bilbao","10":"tag-cine","11":"tag-entertainment","12":"tag-entretenimiento","13":"tag-era","14":"tag-es","15":"tag-espana","16":"tag-esquina","17":"tag-film","18":"tag-hollywood","19":"tag-movies","20":"tag-pablo","21":"tag-spain"},"share_on_mastodon":{"url":"https:\/\/pubeurope.com\/@es\/115583983797804178","error":""},"_links":{"self":[{"href":"https:\/\/www.europesays.com\/es\/wp-json\/wp\/v2\/posts\/246954","targetHints":{"allow":["GET"]}}],"collection":[{"href":"https:\/\/www.europesays.com\/es\/wp-json\/wp\/v2\/posts"}],"about":[{"href":"https:\/\/www.europesays.com\/es\/wp-json\/wp\/v2\/types\/post"}],"author":[{"embeddable":true,"href":"https:\/\/www.europesays.com\/es\/wp-json\/wp\/v2\/users\/2"}],"replies":[{"embeddable":true,"href":"https:\/\/www.europesays.com\/es\/wp-json\/wp\/v2\/comments?post=246954"}],"version-history":[{"count":0,"href":"https:\/\/www.europesays.com\/es\/wp-json\/wp\/v2\/posts\/246954\/revisions"}],"wp:featuredmedia":[{"embeddable":true,"href":"https:\/\/www.europesays.com\/es\/wp-json\/wp\/v2\/media\/246955"}],"wp:attachment":[{"href":"https:\/\/www.europesays.com\/es\/wp-json\/wp\/v2\/media?parent=246954"}],"wp:term":[{"taxonomy":"category","embeddable":true,"href":"https:\/\/www.europesays.com\/es\/wp-json\/wp\/v2\/categories?post=246954"},{"taxonomy":"post_tag","embeddable":true,"href":"https:\/\/www.europesays.com\/es\/wp-json\/wp\/v2\/tags?post=246954"}],"curies":[{"name":"wp","href":"https:\/\/api.w.org\/{rel}","templated":true}]}}