{"id":246974,"date":"2025-11-20T20:59:09","date_gmt":"2025-11-20T20:59:09","guid":{"rendered":"https:\/\/www.europesays.com\/es\/246974\/"},"modified":"2025-11-20T20:59:09","modified_gmt":"2025-11-20T20:59:09","slug":"una-fiesta-para-los-amantes-al-ciclismo","status":"publish","type":"post","link":"https:\/\/www.europesays.com\/es\/246974\/","title":{"rendered":"una fiesta para los amantes al ciclismo"},"content":{"rendered":"<p data-mrf-recirculation=\"Links P\u00e1rrafos\" class=\"ue-c-article__paragraph paragraph ue-c-article--first-letter-highlighted\">Desde 1991, el <strong>Memorial Mar\u00eda Isabel Clavero<\/strong> se ha convertido en una cita obligada en el mes de noviembre para los apasionados de la bicicleta. Esta prueba, que se desarroll\u00f3 en sus primeros a\u00f1os en el barrio madrile\u00f1o de Aluche, se disputa desde hace m\u00e1s de dos d\u00e9cadas en el municipio de Las Rozas.<\/p>\n<p>El Memorial no es solo una carrera, sino tambi\u00e9n un evento que permite a todos los p\u00fablicos ver de cerca a los mejores corredores del panorama nacional e internacional. En su 34\u00aa edici\u00f3n, los aficionados podr\u00e1n disfrutar de la presencia de figuras de la talla de<strong> Pablo Torres, Ra\u00fal Garc\u00eda Pierna, Omar Fraile, Jan Castell\u00f3n, Xabier M. Azparren, Carlos Garc\u00eda, Diego Pablo Sevilla o Marcos Freire. <\/strong><\/p>\n<p>Otra de las grandes se\u00f1as de identidad de la prueba reside en su historia, de ah\u00ed que cada a\u00f1o personajes ilustres se den cita en el Memorial con la intenci\u00f3n de volver a sentir el gusanillo de la competici\u00f3n. En esta edici\u00f3n, nombres como Pedro Horrillo, P\u00e1vel Tonkov, F\u00e9lix Garc\u00eda, Luis Pasamontes o Koldo Fern\u00e1ndez, ser\u00e1n parte de la nutrida n\u00f3mina de exprofesionales que estar\u00e1n presentes en el municipio de Las Rozas el pr\u00f3ximo 22 de noviembre.<\/p>\n<p>En su af\u00e1n por acercar el ciclismo a los m\u00e1s peque\u00f1os, la jornada dar\u00e1 comienzo a las 11:00h con la tradicional Fiesta de la Bicicleta. All\u00ed, los ni\u00f1os nacidos a partir de 2011 en adelante podr\u00e1n dar vueltas al mismo circuito en el que rodar\u00e1n sus \u00eddolos unas horas m\u00e1s tarde.<\/p>\n<p>El Memorial Mar\u00eda Isabel Clavero mantendr\u00e1 su circuito habitual en los alrededores del Parque Empresarial. Dentro del propio trazado, en la Calle Vicente Aleixandre, 2, se ubicar\u00e1n todos aquellos elementos relacionados con la prueba, desde las carpas de los colaboradores y el podio hasta la zona de \u00e1rbitros y corredores.<\/p>\n<p><strong>Cinco mangas protagonizadas por grandes nombres<br \/><\/strong><br \/>La 34\u00aa edici\u00f3n de la prueba dar\u00e1 comienzo a las 12:45, hora marcada por la organizaci\u00f3n para el inicio de la primera de las cinco mangas que conformar\u00e1n el crit\u00e9rium. Las f\u00e9minas ser\u00e1n las encargadas de dar el pistoletazo de salida al programa con una carrera en la que tendr\u00e1n que dar 10 vueltas a un circuito en el que rodar\u00e1n corredoras profesionales, \u00e9lite y amateur. Tras ellas, ser\u00e1n los M\u00e1ster 30-40 y Senior quienes completar\u00e1n 20 vueltas al circuito de un kil\u00f3metro. <\/p>\n<p>Las \u00faltimas tres mangas estar\u00e1n compuestas por el grupo de exprofesionales, \u00c9lite, Sub-23 y j\u00fanior, y homenajeados. Todas las pruebas competitivas del Memorial se regir\u00e1n por las normas de la Federaci\u00f3n Madrile\u00f1a de Ciclismo (FMC), cuyos \u00e1rbitros ejercer\u00e1n de jueces en l\u00ednea de meta y en el coche de carrera. <\/p>\n<p>Juan Mari Guajardo pondr\u00e1 la voz a un crit\u00e9rium en el que el a\u00f1o pasado Perico Delgado se impuso en la manga de exprofesionales, Almudena Morales en la de f\u00e9minas y, por \u00faltimo, Carlos Verona en la de profesionales.<\/p>\n<p><strong>Horarios del Memorial Mar\u00eda Isabel Clavero (22\/11\/2025)<br \/><\/strong><br \/>12:45 h \u2013 F\u00e9minas (10 vueltas)<br \/>13:00 h \u2013 M\u00e1ster 30 y 40 (20 vueltas)<br \/>13:40 h \u2013 Exprofesionales (10 vueltas)<br \/>14:00 h \u2013 \u00c9lite, Sub-23 y J\u00fanior (10 vueltas)<br \/>14:15 h \u2013 Homenajeados<br \/>14:30 h \u2013 Entrega de premios<\/p>\n","protected":false},"excerpt":{"rendered":"Desde 1991, el Memorial Mar\u00eda Isabel Clavero se ha convertido en una cita obligada en el mes de&hellip;\n","protected":false},"author":2,"featured_media":246975,"comment_status":"","ping_status":"","sticky":false,"template":"","format":"standard","meta":{"footnotes":""},"categories":[273],"tags":[313,312,168,25,24,23,167],"class_list":{"0":"post-246974","1":"post","2":"type-post","3":"status-publish","4":"format-standard","5":"has-post-thumbnail","7":"category-ciclismo","8":"tag-ciclismo","9":"tag-cycling","10":"tag-deportes","11":"tag-es","12":"tag-espana","13":"tag-spain","14":"tag-sports"},"share_on_mastodon":{"url":"https:\/\/pubeurope.com\/@es\/115584038555029531","error":""},"_links":{"self":[{"href":"https:\/\/www.europesays.com\/es\/wp-json\/wp\/v2\/posts\/246974","targetHints":{"allow":["GET"]}}],"collection":[{"href":"https:\/\/www.europesays.com\/es\/wp-json\/wp\/v2\/posts"}],"about":[{"href":"https:\/\/www.europesays.com\/es\/wp-json\/wp\/v2\/types\/post"}],"author":[{"embeddable":true,"href":"https:\/\/www.europesays.com\/es\/wp-json\/wp\/v2\/users\/2"}],"replies":[{"embeddable":true,"href":"https:\/\/www.europesays.com\/es\/wp-json\/wp\/v2\/comments?post=246974"}],"version-history":[{"count":0,"href":"https:\/\/www.europesays.com\/es\/wp-json\/wp\/v2\/posts\/246974\/revisions"}],"wp:featuredmedia":[{"embeddable":true,"href":"https:\/\/www.europesays.com\/es\/wp-json\/wp\/v2\/media\/246975"}],"wp:attachment":[{"href":"https:\/\/www.europesays.com\/es\/wp-json\/wp\/v2\/media?parent=246974"}],"wp:term":[{"taxonomy":"category","embeddable":true,"href":"https:\/\/www.europesays.com\/es\/wp-json\/wp\/v2\/categories?post=246974"},{"taxonomy":"post_tag","embeddable":true,"href":"https:\/\/www.europesays.com\/es\/wp-json\/wp\/v2\/tags?post=246974"}],"curies":[{"name":"wp","href":"https:\/\/api.w.org\/{rel}","templated":true}]}}