{"id":246976,"date":"2025-11-20T21:01:13","date_gmt":"2025-11-20T21:01:13","guid":{"rendered":"https:\/\/www.europesays.com\/es\/246976\/"},"modified":"2025-11-20T21:01:13","modified_gmt":"2025-11-20T21:01:13","slug":"los-tres-jugadores-mas-beneficiados-por-la-llegada-de-xavi-pascual-al-barca-de-basket","status":"publish","type":"post","link":"https:\/\/www.europesays.com\/es\/246976\/","title":{"rendered":"Los tres jugadores m\u00e1s beneficiados por la llegada de Xavi Pascual al Bar\u00e7a de basket"},"content":{"rendered":"<p>                <a href=\"https:\/\/cronicaglobal.elespanol.com\/culemania\/secciones\/\" class=\"kicker--section\" rel=\"nofollow noopener\" target=\"_blank\">Secciones<\/a><\/p>\n<p>\n    \u00abMi objetivo es que el equipo tenga una mentalidad defensiva fuerte\u00bb, asegur\u00f3 el entrenador de Gav\u00e0 en su primera rueda de prensa\n<\/p>\n<p>    Noticias relacionadas<\/p>\n<p class=\"paragraph\" id=\"paragraph_1\">\u00ab<strong>No quiero intentar fichar a nadie<\/strong> hasta tener clara la realidad del equipo\u00bb, asegur\u00f3 <strong>Xavi Pascual<\/strong> <a href=\"https:\/\/cronicaglobal.elespanol.com\/culemania\/secciones\/20251119\/xavi-pascual-construir-barca-basket-temporadas-transicion\/1003742708702_0.html?utm_cmp_rs=linksinline\" target=\"_blank\" rel=\"nofollow noopener\">en su primera comparecencia<\/a> como entrenador del <a href=\"https:\/\/cronicaglobal.elespanol.com\/culemania\/palco\/20251115\/barca-basket-millones-real-madrid-jugadores-laporta\/1003742707818_0.html?utm_cmp_rs=linksinline\" target=\"_blank\" rel=\"nofollow noopener\"><strong>Bar\u00e7a de basket<\/strong><\/a>. Este jueves, el equipo azulgrana se enfrentar\u00e1 a <strong>Anadolu Efes<\/strong> en el que ser\u00e1 el primer test del entrenador de 53 a\u00f1os.<\/p>\n<p class=\"paragraph\" id=\"paragraph_2\">El exm\u00edster de Zenit San Petersburgo asever\u00f3 que \u00absi no creyera en este equipo\u00bb, no habr\u00eda <a href=\"https:\/\/cronicaglobal.elespanol.com\/culemania\/secciones\/20251113\/xavi-pascual-acepta-oferta-barca-joan-laporta\/1003742707037_0.html?utm_cmp_rs=linksinline\" target=\"_blank\" rel=\"nofollow noopener\">firmado su contrato hasta 2028<\/a>. En el Bar\u00e7a, \u00ab<strong>no hay temporadas de transici\u00f3n<\/strong>\u00bb y ganar t\u00edtulos a final de temporada pasar\u00e1 porque los jugadores sean \u00abagresivos\u00bb y se arremanguen atr\u00e1s: \u00abMi objetivo es que el equipo tenga una <strong>mentalidad defensiva fuerte<\/strong> y que el Palau note esa energ\u00eda desde el primer d\u00eda\u00bb.<\/p>\n<p>Mano derecha de Pascual<\/p>\n<p class=\"paragraph\" id=\"paragraph_3\">Por este motivo, tres son los jugadores del Bar\u00e7a que pueden salir m\u00e1s beneficiados desde el aterrizaje del t\u00e9cnico de Gav\u00e0. El primero, a pesar de que con Joan Pe\u00f1arroya ya contaba con grandes minutos, es <strong>Tomas Satoransky<\/strong>. El base checo ya <strong>coincidi\u00f3 con Pascual<\/strong> en el club azulgrana. Es el <strong>\u00fanico en haber sido dirigido<\/strong> por el antiguo t\u00e9cnico de Panathinaikos.<\/p>\n<p><img decoding=\"async\" alt=\"Tomas Satoransky protesta al \u00e1rbitro en el cl\u00e1sico de Euroliga Bar\u00e7a de basket-Real Madrid\" data-imgm=\"true\" height=\"180\" loading=\"lazy\"  src=\"https:\/\/www.europesays.com\/es\/wp-content\/uploads\/2025\/11\/1003742705706_15423815_1024x576.jpg\"  width=\"320\"\/><\/p>\n<p>                                                            Tomas Satoransky protesta al \u00e1rbitro en el cl\u00e1sico de Euroliga Bar\u00e7a de basket-Real Madrid<\/p>\n<p>                    EFE<\/p>\n<p class=\"paragraph\" id=\"paragraph_4\">Ambos marcharon en 2016 y se conocen a la perfecci\u00f3n. La altura (2,01 metros) y f\u00edsico de\u00a0Sato le hacen <strong>capaz de defender muchas posiciones distintas<\/strong>, un hecho diferencial. Est\u00e1 en su <strong>\u00faltimo a\u00f1o de contrato<\/strong>, por lo que deber\u00e1 dar un paso adelante a partir de ahora. <a href=\"https:\/\/cronicaglobal.elespanol.com\/culemania\/secciones\/20251112\/estrella-autocritica-barca-despertar-euroliga-valoracion-minutos\/1003742706961_0.html?utm_cmp_rs=linksinline\" target=\"_blank\" rel=\"nofollow noopener\">Con \u00d3scar Orellana<\/a>, en esas tres victorias, el exterior de 34 a\u00f1os ya ejerci\u00f3 de l\u00edder.<\/p>\n<p>Mel\u00f3n por abrir<\/p>\n<p class=\"paragraph\" id=\"paragraph_5\">El segundo jugador a tener en cuenta es <strong>Myles Cale<\/strong>, quien tambi\u00e9n ha mejorado en los \u00faltimos encuentros. El alero estadounidense apenas promedia tres puntos en Euroliga. Fue una apuesta de Juan Carlos Navarro. Procedente del Trento italiano, lleg\u00f3 como tapado y se ha visto que es un <strong>gran defensor, muy intenso y capaz de jugar en transici\u00f3n<\/strong>.<\/p>\n<p><img decoding=\"async\" alt=\"Myles Cale penetra a canasta, en su primer partido con el Bar\u00e7a de basket\" data-imgm=\"true\" height=\"180\" loading=\"lazy\"  src=\"https:\/\/www.europesays.com\/es\/wp-content\/uploads\/2025\/11\/1003742686836_15110008_1024x576.jpg\"  width=\"320\"\/><\/p>\n<p>                                                            Myles Cale penetra a canasta, en su primer partido con el Bar\u00e7a de basket<\/p>\n<p>                    FCB<\/p>\n<p><img decoding=\"async\" alt=\"Miles Norris, en un partido del Bar\u00e7a de basket en Euroliga contra el Valencia Basket\" data-imgm=\"true\" height=\"180\" loading=\"lazy\"  src=\"https:\/\/www.europesays.com\/es\/wp-content\/uploads\/2025\/11\/1003742698999_15294583_1024x576.jpg\"  width=\"320\"\/><\/p>\n<p>                                                            Miles Norris, en un partido del Bar\u00e7a de basket en Euroliga contra el Valencia Basket<\/p>\n<p>                    FCB<\/p>\n<p class=\"paragraph\" id=\"paragraph_6\">Pascual, posiblemente, valorar\u00e1 muy positivamente sus habilidades. Y descubrir\u00e1 las de <strong>Miles Norris<\/strong>. El ala-p\u00edvot, condicionado por no tener pasaporte extracomunitario como Cale y Will Clyburn, es <strong>uno de los descartes habituales<\/strong>. Navarro lo fich\u00f3 proveniente de la G-League, para abrir la pista desde la posici\u00f3n de\u00a0cuatro. Sin embargo, <a href=\"https:\/\/cronicaglobal.elespanol.com\/culemania\/secciones\/20251017\/desastroso-navarro-barca-liga-acb-desaparecido-euroliga\/1003742698985_0.html?utm_cmp_rs=linksinline\" target=\"_blank\" rel=\"nofollow noopener\">sus minutos han sido residuales<\/a>.<\/p>\n<p class=\"paragraph\" id=\"paragraph_7\">Con Pascual, <strong>Norris tendr\u00e1 una nueva oportunidad<\/strong>. Si no le beneficia la llegada del entrenador catal\u00e1n, dif\u00edcilmente continuar\u00e1 en el Bar\u00e7a a partir de la pr\u00f3xima temporada.<\/p>\n","protected":false},"excerpt":{"rendered":"Secciones \u00abMi objetivo es que el equipo tenga una mentalidad defensiva fuerte\u00bb, asegur\u00f3 el entrenador de Gav\u00e0 en&hellip;\n","protected":false},"author":2,"featured_media":246977,"comment_status":"","ping_status":"","sticky":false,"template":"","format":"standard","meta":{"footnotes":""},"categories":[269],"tags":[299,298,168,25,24,4469,4470,23,167,4658],"class_list":{"0":"post-246976","1":"post","2":"type-post","3":"status-publish","4":"format-standard","5":"has-post-thumbnail","7":"category-baloncesto","8":"tag-baloncesto","9":"tag-basketball","10":"tag-deportes","11":"tag-es","12":"tag-espana","13":"tag-fcb-basket","14":"tag-secciones","15":"tag-spain","16":"tag-sports","17":"tag-xavi-pascual"},"share_on_mastodon":{"url":"https:\/\/pubeurope.com\/@es\/115584046852219039","error":""},"_links":{"self":[{"href":"https:\/\/www.europesays.com\/es\/wp-json\/wp\/v2\/posts\/246976","targetHints":{"allow":["GET"]}}],"collection":[{"href":"https:\/\/www.europesays.com\/es\/wp-json\/wp\/v2\/posts"}],"about":[{"href":"https:\/\/www.europesays.com\/es\/wp-json\/wp\/v2\/types\/post"}],"author":[{"embeddable":true,"href":"https:\/\/www.europesays.com\/es\/wp-json\/wp\/v2\/users\/2"}],"replies":[{"embeddable":true,"href":"https:\/\/www.europesays.com\/es\/wp-json\/wp\/v2\/comments?post=246976"}],"version-history":[{"count":0,"href":"https:\/\/www.europesays.com\/es\/wp-json\/wp\/v2\/posts\/246976\/revisions"}],"wp:featuredmedia":[{"embeddable":true,"href":"https:\/\/www.europesays.com\/es\/wp-json\/wp\/v2\/media\/246977"}],"wp:attachment":[{"href":"https:\/\/www.europesays.com\/es\/wp-json\/wp\/v2\/media?parent=246976"}],"wp:term":[{"taxonomy":"category","embeddable":true,"href":"https:\/\/www.europesays.com\/es\/wp-json\/wp\/v2\/categories?post=246976"},{"taxonomy":"post_tag","embeddable":true,"href":"https:\/\/www.europesays.com\/es\/wp-json\/wp\/v2\/tags?post=246976"}],"curies":[{"name":"wp","href":"https:\/\/api.w.org\/{rel}","templated":true}]}}