{"id":246982,"date":"2025-11-20T21:04:25","date_gmt":"2025-11-20T21:04:25","guid":{"rendered":"https:\/\/www.europesays.com\/es\/246982\/"},"modified":"2025-11-20T21:04:25","modified_gmt":"2025-11-20T21:04:25","slug":"arte-emergente-legado-familiar-y-reafirmacion-personal","status":"publish","type":"post","link":"https:\/\/www.europesays.com\/es\/246982\/","title":{"rendered":"arte emergente, legado familiar y reafirmaci\u00f3n personal"},"content":{"rendered":"<p id=\"e-oXyxr8IR\" data-wc=\"74\"><strong>El antiguo Cine Comedia de Barcelona se ha convertido este, 19 de noviembre, en un escenario cargado de creatividad.<\/strong> M\u00e1s de 90 estudiantes de las principales escuelas de arte y dise\u00f1o de la Ciudad Condal han transformado las 500 butacas del hist\u00f3rico patio del m\u00edtico local en una sola obra ef\u00edmera colectiva, <strong>la primera del que ser\u00e1 el futuro Museo Carmen Thyssen Barcelona,<\/strong> que abrir\u00e1 sus puertas en 2028 en pleno Paseo de Gracia.<\/p>\n<p> <img src=\"https:\/\/www.europesays.com\/es\/wp-content\/uploads\/2025\/11\/5fe9848d247a-europapress7114067baronesathyssenactividadefimerafuturomuseocarmenthyss.jpg\"   width=\"1024\" height=\"682\" loading=\"lazy\" decoding=\"async\" alt=\"Carmen Thyssen, euf\u00f3rica, a su llegada a su futuro museo, donde fue recibida por los distintos artistas que han participado&#10;\" fetchpriority=\"auto\" class=\"image ho-image\"\/>\u00a9 Europa PressCarmen Thyssen, feliz, a su llegada a su futuro museo, que abrir\u00e1 sus puertas en 2028<\/p>\n<p id=\"ePVuKY0R7vs\" data-wc=\"103\">La jornada, concebida como homenaje a la memoria del cine y como di\u00e1logo con la comunidad creativa, cont\u00f3 con la presencia de <strong>la baronesa Carmen Thyssen, su hija Carmen o Judith Masc\u00f3,\u00a0<\/strong>as\u00ed como<strong>\u00a0<\/strong>otros reconocidos artistas de primer nivel como el pintor <strong>Guillermo Lorc<\/strong><strong>a,<\/strong> el Ilustrador y dise\u00f1ador <strong>Jordi Labanda<\/strong>, la chef con estrellas Michelin <strong>Carme Ruscalled<\/strong><strong>a<\/strong> junto a su hijo <strong>Ra\u00fcl Balam,<\/strong> el dise\u00f1ador <strong>Javier Mariscal<\/strong>, o el bailar\u00edn argentino <strong>Julio Bocca,<\/strong> entre otros. Todos ellos compartieron su experiencia con los estudiantes, reforzando la idea de que el futuro Museo Carmen Thyssen ser\u00e1 un espacio de encuentro entre tradici\u00f3n y vanguardia.<\/p>\n<p> <img src=\"https:\/\/www.europesays.com\/es\/wp-content\/uploads\/2025\/11\/d5fb4eb1e5ee-dsc04275.jpg\"   width=\"1024\" height=\"682\" loading=\"lazy\" decoding=\"async\" alt=\"La baronesa Thyssen y su hija con los distintos representantes del \u00e1mbito cultural internacional que acudieron al acto              \" fetchpriority=\"auto\" class=\"image ho-image\"\/>\u00a9 Miquel collLa baronesa Thyssen y su hija con los distintos representantes del \u00e1mbito cultural internacional que acudieron al acto              <\/p>\n<p> <img src=\"https:\/\/www.europesays.com\/es\/wp-content\/uploads\/2025\/11\/a3c955e214c6-dsc04405.jpg\"   width=\"1024\" height=\"682\" loading=\"lazy\" decoding=\"async\" alt=\"La baronesa y su hija con algunos de los j\u00f3venes artistas                    \" fetchpriority=\"auto\" class=\"image ho-image\"\/>\u00a9 Miquel collLa baronesa y su hija con algunos de los estudiantes que han participado <\/p>\n<p> <img src=\"https:\/\/www.europesays.com\/es\/wp-content\/uploads\/2025\/11\/2c2d8bddc822-dsc03399.jpg\"   width=\"1024\" height=\"682\" loading=\"lazy\" decoding=\"async\" alt=\"Judith Masc\u00f3, Carmen Ruscalleda o Jordi Laganda han asistido a este acto en el que ser\u00e1 el futuro Museo Carmen Thyssen de Barcelona                     \" fetchpriority=\"auto\" class=\"image ho-image\"\/>\u00a9 Miquel collJudith Masc\u00f3, Carmen Ruscalleda o Jordi Laganda han asistido a este acto en el que ser\u00e1 el futuro Museo Carmen Thyssen de Barcelona                     <\/p>\n<p id=\"eEUMt9Qg9TC\" data-wc=\"73\">Este acto ha sido, adem\u00e1s,<strong>\u00a0la primera aparici\u00f3n p\u00fablica de la baronesa Carmen Thyssen tras aclarar con firmeza que\u00a0<\/strong><a class=\"hm-link ho-link\" href=\"https:\/\/www.hola.com\/actualidad\/20251120868531\/carmen-cervera-desmiente-haber-perdido-titulo-baronesa-thyssen\/\" data-mrf-recirculation=\"article-body-link\" rel=\"nofollow noopener\" target=\"_blank\">no ha reunciado ni a su t\u00edtulo nobiliario ni al apellido<\/a> de su marido, Heinrich von Thyssen-Bornemisza.\u00a0\u201cSigo siendo baronesa y llevando el apellido de mi marido\u201d, ha declarado con rotundidad al diario El Mundo, respondiendo a una informaci\u00f3n difundida por Vanitatis, que suger\u00eda que hab\u00eda perdido su t\u00edtulo al renunciar al pasaporte suizo.<\/p>\n<p id=\"eh0wQbsavGB\" data-wc=\"105\">La viuda de Heinrich von Thyssen quiso subrayar que su condici\u00f3n de baronesa deriva de su matrimonio celebrado en Inglaterra \u2014con testigos de la talla de la infanta Pilar y el duque de Marlborough\u2014 y que nada tiene que ver con la documentaci\u00f3n suiza que mantuvo durante a\u00f1os.\u201cEs disparatado ligar un pasaporte a un matrimonio\u201d, ha explicado recordando que \u00abmi\u00a0marido se muri\u00f3 siendo yo su esposa y no me he vuelto a casar, ese sigue siendo mi t\u00edtulo\u00bb, cuando <strong>se cumplen 23 a\u00f1os de la muerte de su esposo.<\/strong> De hecho, fue tajante cuando se le pregunt\u00f3 por este tema, calific\u00e1ndolo como \u00abson tonter\u00edas\u00bb.<\/p>\n<p> <img src=\"https:\/\/www.europesays.com\/es\/wp-content\/uploads\/2025\/11\/0bddc9359642-dlu595108006.jpg\"   width=\"1024\" height=\"682\" loading=\"lazy\" decoding=\"async\" alt=\"Carmen Thyssen atendiendo a los medios de comunicaci\u00f3n\" fetchpriority=\"auto\" class=\"image ho-image\"\/>\u00a9 GTRESCarmen Thyssen atendiendo a los medios de comunicaci\u00f3n<\/p>\n<p> <img src=\"https:\/\/www.europesays.com\/es\/wp-content\/uploads\/2025\/11\/0abba86febf5-europapress7114058baronesathyssenhijacarmenthyssenactividadefimerafutur.jpg\"   width=\"1024\" height=\"682\" loading=\"lazy\" decoding=\"async\" alt=\"Carmen Thyssen y su hija atendiendo a los medios de comunicaci\u00f3n que se han congregado en el Cine Comedia de Barcelona\" fetchpriority=\"auto\" class=\"image ho-image\"\/>\u00a9 Europa PressSu hija tambi\u00e9n ha contestado las preguntas de los periodistas<\/p>\n<p id=\"erKDu-vkxga\" data-wc=\"64\">De su esposo hered\u00f3 una profunda pasi\u00f3n por el arte, una sensibilidad que ha sabido transmitir a sus hijos y que hoy se refleja en su papel como mecenas. Ese legado se ha materializado en la creaci\u00f3n y apoyo de distintos museos en Espa\u00f1a, entre ellos el de Barcelona, actualmente en proceso de gestaci\u00f3n, llamado a convertirse en un referente cultural de la ciudad.\u00a0<\/p>\n<p id=\"e79IYH7eC7v\" data-wc=\"122\">All\u00ed, madre e hija, muy conjuntadas en sus estilismos \u2014la baronesa en un impecable total white y su hija en un elegante blanco y negro y vaqueros\u2014, han disfrutado de una jornada inolvidable, contemplando<strong>\u00a0c\u00f3mo el patio de butacas del Cine Comedia se transformaba en un aut\u00e9ntico mosaico de proyectos art\u00edsticos<\/strong><strong data-gid=\"e46wivwzkzm\">,<\/strong> cada uno firmado por estudiantes de centros como Elisava, Escola Massana, Llotja, LCI Barcelona o IED. La intervenci\u00f3n ha servido, adem\u00e1s, para mostrar el esp\u00edritu colaborativo que marcar\u00e1 la identidad del futuro museo. La baronesa recorri\u00f3 el espacio con su hija, interes\u00e1ndose por las propuestas y conversando con los j\u00f3venes. Su cercan\u00eda sorprendi\u00f3 a muchos de ellos, que pudieron compartir impresiones con una de las grandes mecenas del arte en Espa\u00f1a.\u00a0<\/p>\n<p> <img src=\"https:\/\/www.europesays.com\/es\/wp-content\/uploads\/2025\/11\/2cf858a2d317-europapress7114009baronesathyssenhijacarmenthyssenactividadefimerafutur.jpg\"   width=\"1024\" height=\"682\" loading=\"lazy\" decoding=\"async\" alt=\"La Baronesa Thyssen y su hija, Carmen Thyssen, durante la visita al Museo, que tiene previsto su apertura en 2028&#10;\" fetchpriority=\"auto\" class=\"image ho-image\"\/>\u00a9 Europa PressEl Museo Carmen Thyssen de Barcelona tiene prevista abrir sus puertas en 2028<\/p>\n<p> <img src=\"https:\/\/www.europesays.com\/es\/wp-content\/uploads\/2025\/11\/5f6e27750ba7-dsc04524.jpg\"   width=\"1024\" height=\"682\" loading=\"lazy\" decoding=\"async\" alt=\"Madre e hija posando con algunas de las obras que han podido ver en el patio de butacas del Cine Comedias    \" fetchpriority=\"auto\" class=\"image ho-image\"\/>\u00a9 Miquel CollMadre e hija posando con algunas de las obras que han podido ver en el patio de butacas del Cine Comedias    <\/p>\n<p> <img src=\"https:\/\/www.europesays.com\/es\/wp-content\/uploads\/2025\/11\/7ef22f47f36c-dsc04561.jpg\"   width=\"1024\" height=\"682\" loading=\"lazy\" decoding=\"async\" alt=\"As\u00ed ha quedado el patio de butacas del antiguo cine barcelon\u00e9s despu\u00e9s de este acto                        \" fetchpriority=\"auto\" class=\"image ho-image\"\/>\u00a9 Miquel CollAs\u00ed ha quedado el patio de butacas del antiguo cine barcelon\u00e9s tras el acto                        <\/p>\n<p id=\"ertqTK5E8N\" data-wc=\"113\">La baronesa Carmen Thyssen presidi\u00f3 el acto central junto a su hija, recorriendo la instalaci\u00f3n y conversando con los estudiantes. Ambas subrayaron la importancia de apoyar a las nuevas generaciones de talento y destacaron la magia de ver el antiguo Cine Comedia convertido en un espacio ef\u00edmero de creaci\u00f3n. La baronesa insisti\u00f3 en que el futuro museo no solo pondr\u00e1 en valor el arte catal\u00e1n del XIX y XX, sino que tambi\u00e9n ser\u00e1 plataforma para los artistas actuales y emergentes. Su hija, emocionada, agradeci\u00f3 la experiencia y asegur\u00f3 sentirse identificada con la energ\u00eda de los j\u00f3venes, reafirmando su compromiso de continuar el legado familiar y de impulsar un museo abierto a nuevos talentos.<\/p>\n<p>Una aparici\u00f3n cargada de significado<\/p>\n<p id=\"ewSzddw1PNi\" data-wc=\"86\">Carmen Thyssen estuvo acompa\u00f1ada en todo momento por su hija Carmen, quien se perfila como heredera natural de su legado art\u00edstico. La complicidad entre madre e hija fue evidente, reflejando una relaci\u00f3n marcada por la admiraci\u00f3n mutua y el compromiso compartido con el mundo del arte. Ambas contemplaron las obras que los distintos artistas pl\u00e1sticos hab\u00edar realizado en las butacas del cine y despu\u00e9s, no dudaron en plasmar su firma en un particular &#8216;libro de visitas&#8217;, la pared donde tambi\u00e9n firmaron el resto de artistas invitados.<\/p>\n<p> <img src=\"https:\/\/www.europesays.com\/es\/wp-content\/uploads\/2025\/11\/37ee3a6b6106-dsc04240.jpg\"   width=\"1024\" height=\"682\" loading=\"lazy\" decoding=\"async\" alt=\"Carmen Thyssen firmando en el original libro de visitas del futuro museo             \" fetchpriority=\"auto\" class=\"image ho-image\"\/>\u00a9 Miquel collCarmen Thyssen firmando en el original &#8216;libro de visitas&#8217; del futuro museo             <\/p>\n<p> <img src=\"https:\/\/www.europesays.com\/es\/wp-content\/uploads\/2025\/11\/c3cecd36155e-dsc04246.jpg\"   width=\"1024\" height=\"682\" loading=\"lazy\" decoding=\"async\" alt=\"La baronesa tambi\u00e9n plasm\u00f3 su firma              \" fetchpriority=\"auto\" class=\"image ho-image\"\/>\u00a9 Miquel CollLa baronesa tambi\u00e9n plasm\u00f3 su firma              <\/p>\n<p> <img src=\"https:\/\/www.europesays.com\/es\/wp-content\/uploads\/2025\/11\/4ccd37599237-europapress7114060baronesathyssenhijacarmenthyssenactividadefimerafutur.jpg\"   width=\"1024\" height=\"682\" loading=\"lazy\" decoding=\"async\" alt=\"La baronesa Thyssen contemplando las obras expuestas de los distintos artistas \" fetchpriority=\"auto\" class=\"image ho-image\"\/>\u00a9 Europa PressLa baronesa Thyssen contemplando las obras expuestas en el patio de butacas<\/p>\n<p id=\"e0dvOq3wcFN\" data-wc=\"94\"><strong>A\u00a0<\/strong><strong>sus 19 a\u00f1os, la joven tiene las cosas claras y est\u00e1 centrada en sus estudios: un doble grado en ADE y Relaciones Internacionales\u00a0<\/strong>en una prestigiosa escuela de negocios.<strong>\u00a0<\/strong>\u201cEstoy muy contenta porque combina perfectamente mis intereses. Me interesa mucho c\u00f3mo la gesti\u00f3n estrat\u00e9gica puede conectar con un enfoque global y cultural\u201d,\u00a0confesaba recientemente la joven en \u00a1HOLA! \u00a0Y agreg\u00f3: \u00abLo que m\u00e1s me gusta es poder combinar mis intereses personales con lo que estudio, en un ambiente que me reta y me impulsa a seguir creciendo tanto a nivel acad\u00e9mico como personal\u201d.<\/p>\n<p> <img src=\"https:\/\/www.europesays.com\/es\/wp-content\/uploads\/2025\/11\/88163bd8ae3b-europapress7114061baronesathyssenhijacarmenthyssenactividadefimerafutur.jpg\"   width=\"1024\" height=\"682\" loading=\"lazy\" decoding=\"async\" alt=\"Carmen Thyssen saludando a los artistas que han participado en esta actividad, la primera del futuro Museo Carmen Thyssen en Barcelona\" fetchpriority=\"auto\" class=\"image ho-image\"\/>\u00a9 Europa PressCarmen Thyssen saludando a los artistas que han participado en esta actividad<\/p>\n<p id=\"eDIu89OIbsW\" data-wc=\"169\"><a class=\"hm-link ho-link\" href=\"https:\/\/www.hola.com\/actualidad\/20250111740298\/carmen-thyssen-hija-baronesa-parecido-forma-ser\/\" data-mrf-recirculation=\"article-body-link\" rel=\"nofollow noopener\" target=\"_blank\">Protagonista de una portada de \u00a1HOLA!<\/a> junto a hermana Sabina, quien sue\u00f1a con convertirse en una buena ilustradora, Carmen tiene muy claro su camino: \u201cMe gustar\u00eda impulsar un proyecto cultural que acerque el arte a mi generaci\u00f3n de una forma abierta\u201d, aseguraba despu\u00e9s de recibir el <a class=\"hm-link ho-link\" href=\"https:\/\/www.hola.com\/actualidad\/20250918856061\/carmen-thyssen-premio-gen-h-mi-madre-he-aprendido-sensibilidad-constancia-fundamentales\/\" data-mrf-recirculation=\"article-body-link\" rel=\"nofollow noopener\" target=\"_blank\">Premio Gen H Nueva Generaci\u00f3n en el Mundo del Arte.\u00a0<\/a>Su madre, orgullosa, habla de sus hijos y asegura que la joven \u201ces muy seria y muy madura para su edad. Estoy contenta de que Carmen est\u00e9 siguiendo esos pasos, sobre todo de museolog\u00eda. Y Borja tambi\u00e9n, con su colecci\u00f3n de maestros modernos, lo est\u00e1 haciendo fenomenal. Est\u00e1n implicados todos desde peque\u00f1os con el mundo del arte, lo llevan dentro. Cada uno que se dedique a lo que desee, no puedo influenciar totalmente en su futuro, pero s\u00ed transmitirles todas mis ganas e ilusi\u00f3n. El patrimonio familiar es para los tres herederos, Borja, Carmen y Sabina, y he procurado ense\u00f1arles todo lo que yo he aprendido y que tengan una buena base moral\u201d.<\/p>\n<p> <img src=\"https:\/\/www.europesays.com\/es\/wp-content\/uploads\/2025\/11\/8f3956964f79-europapress7114010baronesathyssenhijacarmenthyssenactividadefimerafutur.jpg\"   width=\"1024\" height=\"682\" loading=\"lazy\" decoding=\"async\" alt=\"La Baronesa Thyssen conversando con distintos art\u00edstas que han participado en esta actividad\" fetchpriority=\"auto\" class=\"image ho-image\"\/>\u00a9 Europa PressEste ha sido el primer acto de arte ef\u00edmero en el que ser\u00e1 el Museo Carmen Thyssen de Barcelona<\/p>\n<p id=\"ekguKsq-gN\" data-wc=\"41\">Este a\u00f1o ha dado <strong>un giro a su formaci\u00f3n acad\u00e9mica y cursa Derecho en la misma universidad de Barcelona,<\/strong> donde se muestra encantada. En esta disciplina ha encontrado su verdadera vocaci\u00f3n y, seg\u00fan ha sabido\u00a0\u00a1HOLA!, est\u00e1 obteniendo unas calificaciones extraordinarias.<\/p>\n<p> <img src=\"https:\/\/www.europesays.com\/es\/wp-content\/uploads\/2025\/11\/067cf5024f3e-dlu595108014.jpg\"   width=\"1024\" height=\"682\" loading=\"lazy\" decoding=\"async\" alt=\"Carmen Thyssen\" fetchpriority=\"auto\" class=\"image ho-image\"\/>\u00a9 GTRESCarmen Thyssen<\/p>\n<p id=\"eH-lA7IVmVg\" data-wc=\"70\">La joven Carmen, que acompa\u00f1\u00f3 a su madre durante toda la jornada, se perfila as\u00ed como la continuadora de un legado que trasciende generaciones. \u201cEl mejor consejo que me ha dado mi madre es que escuche siempre a mi intuici\u00f3n. El arte \u2014y la vida misma\u2014 se trata de lo que te conmueve\u201d, declar\u00f3 en \u00a1HOLA!, con la serenidad de quien sabe que su futuro est\u00e1 ligado a la cultura.<\/p>\n<p>El proyecto muse\u00edstico: nuevo icono para Barcelona<\/p>\n<p id=\"e6yYk3r5AuR\" data-wc=\"80\">El<strong>\u00a0Cine Comedia, cerrado en 2024, est\u00e1 viviendo una transformaci\u00f3n radical.<\/strong> El edificio, situado en la esquina del Paseo de Gracia con Gran Via, pasar\u00e1 de 6.700 a casi 10.000 metros cuadrados, con una inversi\u00f3n superior a los 100 millones de euros del fondo suizo Stoneweg. El proyecto contempla nueve plantas, un auditorio para 450 personas, talleres, restaurantes y tiendas. Seg\u00fan el Ayuntamiento, se espera que el museo atraiga a 750.000 visitantes anuales, consolidando a Barcelona como hub muse\u00edstico europeo.<\/p>\n<p> <img src=\"https:\/\/www.europesays.com\/es\/wp-content\/uploads\/2025\/11\/4c748d2a8488-europapress7114062baronesathyssenhijacarmenthyssenactividadefimerafutur.jpg\"   width=\"1024\" height=\"682\" loading=\"lazy\" decoding=\"async\" alt=\"Carmen Thyssen a su llegada al Cine Comedia&#10;\" fetchpriority=\"auto\" class=\"image ho-image\"\/>\u00a9 Europa PressCarmen Thyssen a su llegada al Cine Comedia, futuro Museo Carmen Thyssen de Barcelona<\/p>\n<p id=\"eu_khN15m8O\" data-wc=\"56\">La baronesa, que ya recibi\u00f3 en 2025 <a class=\"hm-link ho-link\" href=\"https:\/\/www.hola.com\/moda\/20250528834637\/baronesa-thyssen-traje-blanco-hija-carmen-premio-gac-barcelona\/\" data-mrf-recirculation=\"article-body-link\" rel=\"nofollow noopener\" target=\"_blank\">el premio GAC en Barcelona<\/a>, por su labor filantr\u00f3pica, ha cedido parte de su colecci\u00f3n privada para el nuevo centro. \u201cSer\u00e1 un museo del siglo XXI, con todos los pormenores que conlleva\u201d, asegur\u00f3 en la <a class=\"hm-link ho-link\" href=\"https:\/\/www.hola.com\/moda\/20241212735577\/baronesa-thyssen-hija-carmen-looks-chaqueta-similares-barcelona\/\" data-mrf-recirculation=\"article-body-link\" rel=\"nofollow noopener\" target=\"_blank\">presentaci\u00f3n oficial del proyecto,\u00a0<\/a>celebrada en el ayuntamiento de Barcelona en diciembre de 2024.<\/p>\n<p> <img src=\"https:\/\/www.europesays.com\/es\/wp-content\/uploads\/2025\/11\/869f73b946e7-europapress6754734baronesathyssenbornemiszacarmenthyssenposajuntohijac.jpg\"   width=\"683\" height=\"1024\" loading=\"lazy\" decoding=\"async\" alt=\"La baronesa Thyssen-Bornemisza, Carmen Thyssen, posa, junto a su hija Carmen, durante la gala donde se entregan los Premios GAC 2025\" fetchpriority=\"auto\" class=\"image ho-image\"\/>\u00a9 Europa PressMadre e hija en la gala donde se entregaron los Premios GAC 2025<\/p>\n<p> <img src=\"https:\/\/www.europesays.com\/es\/wp-content\/uploads\/2025\/11\/68d8e9bddeb5-gettyimages-2189571483.jpg\"   width=\"1024\" height=\"682\" loading=\"lazy\" decoding=\"async\" alt=\"BARCELONA CTALUNYA, SPAIN - DECEMBER 12: Carmen Cervera y su madre, la baroness Thyssen-Bornemisza, durante la presentaci\u00f3n del futuro Museo Carmen Thyssen en el ayuntamiento de Barcelona \" fetchpriority=\"auto\" class=\"image ho-image\"\/>\u00a9 Getty ImagesLa baronesaThyssen y su hija Carmen, durante la presentaci\u00f3n del futuro Museo Carmen Thyssen en el Ayuntamiento de Barcelona <\/p>\n<p id=\"etmlbwOdexF\" data-wc=\"75\">Sin duda, la presencia conjunta de madre e hija en el Cine Comedia trascendi\u00f3 lo meramente art\u00edstico: se convirti\u00f3 en una reafirmaci\u00f3n p\u00fablica de Carmen Thyssen como baronesa y mecenas, y en la confirmaci\u00f3n de que su legado se proyecta con firmeza hacia el futuro a trav\u00e9s de su hija. Barcelona, escenario de esta complicidad, se erigi\u00f3 as\u00ed en epicentro del arte y la cultura, testigo de una jornada inolvidable, que uni\u00f3 tradici\u00f3n y renovaci\u00f3n.<\/p>\n","protected":false},"excerpt":{"rendered":"El antiguo Cine Comedia de Barcelona se ha convertido este, 19 de noviembre, en un escenario cargado de&hellip;\n","protected":false},"author":2,"featured_media":246983,"comment_status":"","ping_status":"","sticky":false,"template":"","format":"standard","meta":{"footnotes":""},"categories":[173],"tags":[517,229,233,231,230,46993,232,234,146,147,25,24,23],"class_list":{"0":"post-246982","1":"post","2":"type-post","3":"status-publish","4":"format-standard","5":"has-post-thumbnail","7":"category-arte-y-diseno","8":"tag-actualidad","9":"tag-arte","10":"tag-arte-y-diseno","11":"tag-arts","12":"tag-arts-and-design","13":"tag-baronesa-thyssen","14":"tag-design","15":"tag-diseno","16":"tag-entertainment","17":"tag-entretenimiento","18":"tag-es","19":"tag-espana","20":"tag-spain"},"share_on_mastodon":{"url":"https:\/\/pubeurope.com\/@es\/115584058987136299","error":""},"_links":{"self":[{"href":"https:\/\/www.europesays.com\/es\/wp-json\/wp\/v2\/posts\/246982","targetHints":{"allow":["GET"]}}],"collection":[{"href":"https:\/\/www.europesays.com\/es\/wp-json\/wp\/v2\/posts"}],"about":[{"href":"https:\/\/www.europesays.com\/es\/wp-json\/wp\/v2\/types\/post"}],"author":[{"embeddable":true,"href":"https:\/\/www.europesays.com\/es\/wp-json\/wp\/v2\/users\/2"}],"replies":[{"embeddable":true,"href":"https:\/\/www.europesays.com\/es\/wp-json\/wp\/v2\/comments?post=246982"}],"version-history":[{"count":0,"href":"https:\/\/www.europesays.com\/es\/wp-json\/wp\/v2\/posts\/246982\/revisions"}],"wp:featuredmedia":[{"embeddable":true,"href":"https:\/\/www.europesays.com\/es\/wp-json\/wp\/v2\/media\/246983"}],"wp:attachment":[{"href":"https:\/\/www.europesays.com\/es\/wp-json\/wp\/v2\/media?parent=246982"}],"wp:term":[{"taxonomy":"category","embeddable":true,"href":"https:\/\/www.europesays.com\/es\/wp-json\/wp\/v2\/categories?post=246982"},{"taxonomy":"post_tag","embeddable":true,"href":"https:\/\/www.europesays.com\/es\/wp-json\/wp\/v2\/tags?post=246982"}],"curies":[{"name":"wp","href":"https:\/\/api.w.org\/{rel}","templated":true}]}}