{"id":247004,"date":"2025-11-20T21:26:15","date_gmt":"2025-11-20T21:26:15","guid":{"rendered":"https:\/\/www.europesays.com\/es\/247004\/"},"modified":"2025-11-20T21:26:15","modified_gmt":"2025-11-20T21:26:15","slug":"el-contundente-alegato-con-el-que-se-defiende-de-las-criticas-a-su-delgadez","status":"publish","type":"post","link":"https:\/\/www.europesays.com\/es\/247004\/","title":{"rendered":"el contundente alegato con el que se defiende de las cr\u00edticas a su delgadez"},"content":{"rendered":"<p>En tiempos de redes sociales convertidas en escaparate y tribunal, <a title=\"Marta L\u00f3pez \u00c1lamo \" href=\"https:\/\/www.larazon.es\/gente\/famosos\/marta-lopez-alamo-sale-defensa-mar-flores-publicacion-sus-memorias-parece-triste_2025091668c95d5537083b1b01b133b1.html\" target=\"_blank\" rel=\"nofollow noopener\">Marta L\u00f3pez \u00c1lamo <\/a><b>ha decidido plantarse. La modelo e influencer, acostumbrada a ocupar titulares por su estilo impecable o por su vida junto a Kiko Matamoro<\/b>s, se ha hartado del escrutinio constante sobre su f\u00edsico. Esta semana, desde sus historias de Instagram, lanz\u00f3 un mensaje tan firme como revelador dirigido a quienes, amparados en el anonimato, cuestionan -y juzgan- su delgadez con una ligereza que roza la crueldad.<\/p>\n<p>El desencadenante fue un comentario de un usuario que, entre la burla y la condescendencia, le \u00abrecomendaba\u00bb comer \u00abunos buenos cocidos\u00bb si alg\u00fan d\u00eda visitaba Galicia, con la promesa impl\u00edcita de que as\u00ed lograr\u00eda \u00abengordar\u00bb. Una iron\u00eda malintencionada que Marta no dej\u00f3 pasar. Con la contundencia que solo concede el hartazgo, respondi\u00f3 invitando a ese hater a \u00abvolver al colegio\u00bb y, de paso, a practicar un poco de empat\u00eda:<b> \u00ab\u00bfPor qu\u00e9 no lees alg\u00fan libro sobre el autoconocimiento o la poca necesidad de ser tan mezquino y tan atrevido?\u00bb, escribi\u00f3.<\/b><\/p>\n<p><img decoding=\"async\" loading=\"lazy\" src=\"https:\/\/www.europesays.com\/es\/wp-content\/uploads\/2025\/11\/marta-lopez-alamo-claro-couture_123.jpg\" alt=\"Marta L\u00f3pez \u00c1lamo de Claro Couture.\" width=\"1263\" height=\"1920\"\/><b>Marta L\u00f3pez \u00c1lamo de Claro Couture.<\/b>Gtres<\/p>\n<p>Pero la influencer no se qued\u00f3 ah\u00ed. En un mensaje m\u00e1s amplio, denunci\u00f3 el \u00abda\u00f1o gratuito\u00bb que generan quienes<b> opinan sobre el cuerpo ajeno <\/b>desde la superioridad de unos c\u00e1nones que, asegura, siguen siendo tan estrechos como da\u00f1inos. \u00ab\u00bfPor qu\u00e9 quer\u00e9is enga\u00f1aros pensando que toler\u00e1is y avanz\u00e1is, cuando veis a alguien fuera de vuestros obtusos estigmas y lo machac\u00e1is con presunciones sin fundamento?\u00bb, lament\u00f3. Sus palabras, lejos de sonar a reproche aislado, resonaron como un recordatorio de c\u00f3mo, incluso en 2024, la apariencia f\u00edsica de una mujer contin\u00faa siendo terreno p\u00fablico.<\/p>\n<p>Con una \u00faltima pincelada de iron\u00eda -y una elegancia inesperada para el contexto-, <b>Marta cerr\u00f3 el episodio dejando claro que su <\/b><a title=\"delgadez \" href=\"https:\/\/www.larazon.es\/gente\/famosos\/marta-lopez-narra-como-salio-anorexia-llevaba-cuatro-anos-comer_202412116759e71a9439f90001e065d3.html\" target=\"_blank\" rel=\"nofollow noopener\">delgadez <\/a><b>no responde a ninguna restricci\u00f3n alimentaria<\/b>: \u00abEl cocido me lo como en Madrid muy a gusto\u00bb. Una frase que desmonta teor\u00edas sin necesidad de entrar en explicaciones \u00edntimas.<\/p>\n<p>Superado el mal trago, la modelo retom\u00f3 su habitual ronda de preguntas y respuestas, donde revel\u00f3 planes navide\u00f1os lejos de Madrid y un detalle m\u00e1s significativo: su bienestar emocional. Marta asegur\u00f3 encontrarse en un momento \u00abespiritualmente bueno\u00bb, fruto de un trabajo terap\u00e9utico que le ha permitido identificar patrones de autosabotaje y empezar a vivir desde un lugar m\u00e1s libre y merecedor. \u00abHe cargado con un peso que no deb\u00eda\u00bb, confes\u00f3, refiri\u00e9ndose al proceso de reconocerse, priorizarse y abandonar los \u00abpilotos autom\u00e1ticos\u00bb.<\/p>\n","protected":false},"excerpt":{"rendered":"En tiempos de redes sociales convertidas en escaparate y tribunal, Marta L\u00f3pez \u00c1lamo ha decidido plantarse. La modelo&hellip;\n","protected":false},"author":2,"featured_media":247005,"comment_status":"","ping_status":"","sticky":false,"template":"","format":"standard","meta":{"footnotes":""},"categories":[174],"tags":[255,146,147,25,24,256,23],"class_list":{"0":"post-247004","1":"post","2":"type-post","3":"status-publish","4":"format-standard","5":"has-post-thumbnail","7":"category-famosos","8":"tag-celebrities","9":"tag-entertainment","10":"tag-entretenimiento","11":"tag-es","12":"tag-espana","13":"tag-famosos","14":"tag-spain"},"share_on_mastodon":{"url":"https:\/\/pubeurope.com\/@es\/115584145187349909","error":""},"_links":{"self":[{"href":"https:\/\/www.europesays.com\/es\/wp-json\/wp\/v2\/posts\/247004","targetHints":{"allow":["GET"]}}],"collection":[{"href":"https:\/\/www.europesays.com\/es\/wp-json\/wp\/v2\/posts"}],"about":[{"href":"https:\/\/www.europesays.com\/es\/wp-json\/wp\/v2\/types\/post"}],"author":[{"embeddable":true,"href":"https:\/\/www.europesays.com\/es\/wp-json\/wp\/v2\/users\/2"}],"replies":[{"embeddable":true,"href":"https:\/\/www.europesays.com\/es\/wp-json\/wp\/v2\/comments?post=247004"}],"version-history":[{"count":0,"href":"https:\/\/www.europesays.com\/es\/wp-json\/wp\/v2\/posts\/247004\/revisions"}],"wp:featuredmedia":[{"embeddable":true,"href":"https:\/\/www.europesays.com\/es\/wp-json\/wp\/v2\/media\/247005"}],"wp:attachment":[{"href":"https:\/\/www.europesays.com\/es\/wp-json\/wp\/v2\/media?parent=247004"}],"wp:term":[{"taxonomy":"category","embeddable":true,"href":"https:\/\/www.europesays.com\/es\/wp-json\/wp\/v2\/categories?post=247004"},{"taxonomy":"post_tag","embeddable":true,"href":"https:\/\/www.europesays.com\/es\/wp-json\/wp\/v2\/tags?post=247004"}],"curies":[{"name":"wp","href":"https:\/\/api.w.org\/{rel}","templated":true}]}}