{"id":247021,"date":"2025-11-20T21:44:10","date_gmt":"2025-11-20T21:44:10","guid":{"rendered":"https:\/\/www.europesays.com\/es\/247021\/"},"modified":"2025-11-20T21:44:10","modified_gmt":"2025-11-20T21:44:10","slug":"resurreccion-de-zverev-en-la-copa-davis","status":"publish","type":"post","link":"https:\/\/www.europesays.com\/es\/247021\/","title":{"rendered":"Resurrecci\u00f3n de Zverev en la Copa Davis"},"content":{"rendered":"<p data-gtm-element-container=\"modulo-texto-link\" class=\"paragraph\"><strong>Alexander Zverev<\/strong> se despidi\u00f3 de las ATP Finals de Tur\u00edn, eliminado en la fase de grupos, dejando muy clara su postura sobre la Copa Davis. Cr\u00edtico con el nuevo formato que trajo Gerard Piqu\u00e9 en 2019, volvi\u00f3 a reivindicar las eliminatorias de casa y fuera a la antigua usanza. Record\u00f3 que hab\u00eda jugado en una plaza de toros contra <strong>Rafa Nadal<\/strong> en Espa\u00f1a.<\/p>\n<p data-gtm-element-container=\"modulo-texto-link\" class=\"paragraph\">Sin embargo, decidi\u00f3 ir a la Final a 8 de Bolonia por amistad. Asegur\u00f3 que sus compa\u00f1eros de selecci\u00f3n se lo pidieron al considerar que se est\u00e1n haciendo mayores y las opciones de ganar la &#8216;ensaladera&#8217; se agotan. <strong>Jan-Lennard Struff <\/strong>tiene 35 a\u00f1os, uno m\u00e1s que <strong>Yannick Hanfmann<\/strong>. Tambi\u00e9n son veteranos los doblistas <strong>Kevin Krawietz<\/strong> (33) y<strong> Tim Puetz<\/strong> (37).<\/p>\n<p data-gtm-element-container=\"modulo-texto-link\" class=\"paragraph\">Sasha Zverev, el joven a sus 28, se convirti\u00f3 en el \u00fanico top-10 en el SuperTennis Arena de Bolonia tras las bajas de <strong>Jannik Sinner, Lorenzo Musetti y Carlos Alcaraz<\/strong>. Volvi\u00f3 a la Copa Davis, de la que se ausentaba desde 2023, con el compromiso prometido a sus compatriotas.<\/p>\n<blockquote class=\"twitter-tweet\" data-lang=\"es\"><p>\n<a href=\"https:\/\/twitter.com\/DavisCup\/status\/1991611834500022739\" rel=\"nofollow noopener\" target=\"_blank\">\n<\/p><\/blockquote>\n<p data-gtm-element-container=\"modulo-texto-link\" class=\"paragraph\">Acept\u00f3 el reto de medirse a una de sus &#8216;bestias negras&#8217; del circuito, el argentino <strong>Francisco Cer\u00fandolo<\/strong>, 27 a\u00f1os y n\u00ba 21. Y tuvo que elevar su nivel para mantener a raya al jugador con quien no puede en tierra batida (0-3), aunque s\u00ed en indoor y dura. Al aire libre ya hab\u00eda vencido en Cincinnati, pero por retirada del suramericano.<\/p>\n<p data-gtm-element-container=\"modulo-texto-link\" class=\"paragraph\">Con la alerta encendida, Zverev mostr\u00f3 galones, se impuso por <strong>6-4 y 7-6 (3) en 1h.35&#8242;<\/strong>, salvando a Alemania. Empat\u00f3 (1-1) la eliminatoria que decidir\u00e1 al rival de Espa\u00f1a en semifinales este s\u00e1bado, a las 12 del mediod\u00eda. El saque del germano result\u00f3 intocable para su oponente.\u00a0<\/p>\n<p>    Lee tambi\u00e9n<\/p>\n<p data-gtm-element-container=\"modulo-texto-link\" class=\"paragraph\">Tras la derrota de Jan-Lennard Struff ante <strong>Tom\u00e1s Mart\u00edn Etcheverry<\/strong>, 6-7 (3), 6-7 (7), Zverev acudi\u00f3 al rescate de su selecci\u00f3n, aunque el futuro de la confrontaci\u00f3n queda en manos de los doblistas. Estaban anunciadas las parejas <strong>Andr\u00e9s Molteni-Horacio Zeballos<\/strong>, por los albicelestes, y<strong> Kevin Krawietz-Tim Puetz<\/strong>, en los teutones.\u00a0<\/p>\n<p><script async src=\"https:\/\/platform.twitter.com\/widgets.js\" charset=\"utf-8\"><\/script><\/p>\n","protected":false},"excerpt":{"rendered":"Alexander Zverev se despidi\u00f3 de las ATP Finals de Tur\u00edn, eliminado en la fase de grupos, dejando muy&hellip;\n","protected":false},"author":2,"featured_media":247022,"comment_status":"","ping_status":"","sticky":false,"template":"","format":"standard","meta":{"footnotes":""},"categories":[274],"tags":[168,25,24,23,167,327,326],"class_list":{"0":"post-247021","1":"post","2":"type-post","3":"status-publish","4":"format-standard","5":"has-post-thumbnail","7":"category-tenis","8":"tag-deportes","9":"tag-es","10":"tag-espana","11":"tag-spain","12":"tag-sports","13":"tag-tenis","14":"tag-tennis"},"share_on_mastodon":{"url":"https:\/\/pubeurope.com\/@es\/115584215589630918","error":""},"_links":{"self":[{"href":"https:\/\/www.europesays.com\/es\/wp-json\/wp\/v2\/posts\/247021","targetHints":{"allow":["GET"]}}],"collection":[{"href":"https:\/\/www.europesays.com\/es\/wp-json\/wp\/v2\/posts"}],"about":[{"href":"https:\/\/www.europesays.com\/es\/wp-json\/wp\/v2\/types\/post"}],"author":[{"embeddable":true,"href":"https:\/\/www.europesays.com\/es\/wp-json\/wp\/v2\/users\/2"}],"replies":[{"embeddable":true,"href":"https:\/\/www.europesays.com\/es\/wp-json\/wp\/v2\/comments?post=247021"}],"version-history":[{"count":0,"href":"https:\/\/www.europesays.com\/es\/wp-json\/wp\/v2\/posts\/247021\/revisions"}],"wp:featuredmedia":[{"embeddable":true,"href":"https:\/\/www.europesays.com\/es\/wp-json\/wp\/v2\/media\/247022"}],"wp:attachment":[{"href":"https:\/\/www.europesays.com\/es\/wp-json\/wp\/v2\/media?parent=247021"}],"wp:term":[{"taxonomy":"category","embeddable":true,"href":"https:\/\/www.europesays.com\/es\/wp-json\/wp\/v2\/categories?post=247021"},{"taxonomy":"post_tag","embeddable":true,"href":"https:\/\/www.europesays.com\/es\/wp-json\/wp\/v2\/tags?post=247021"}],"curies":[{"name":"wp","href":"https:\/\/api.w.org\/{rel}","templated":true}]}}